
 







{"id":3609,"date":"2023-06-13T13:15:00","date_gmt":"2023-06-13T13:15:00","guid":{"rendered":"https:\/\/blogs.amb.cat\/educacioambiental\/?p=3609"},"modified":"2023-06-14T12:01:35","modified_gmt":"2023-06-14T12:01:35","slug":"jornada-dintercanvi-sobre-leducacio-ambiental-a-les-deixalleries","status":"publish","type":"post","link":"https:\/\/blogs.amb.cat\/educacioambiental\/2023\/06\/13\/jornada-dintercanvi-sobre-leducacio-ambiental-a-les-deixalleries\/","title":{"rendered":"Jornada d&#8217;intercanvi sobre l&#8217;educaci\u00f3 ambiental a les deixalleries"},"content":{"rendered":"\n<p>El 18 de maig es va celebrar a la F\u00e0brica del Sol una jornada d\u2019intercanvi d\u2019experi\u00e8ncies sobre l\u2019educaci\u00f3 ambiental a les deixalleries. Aquesta jornada s\u2019engloba dins les sessions t\u00e8cniques peri\u00f2diques que la Diputaci\u00f3 de Barcelona (ASDE \u2013 Servei d\u2019Assessorament i Suport a les Deixalleries) fa al voltant d\u2019aquestes instal\u00b7lacions.<\/p>\n\n\n\n<p><br>El programa inclo\u00efa l\u2019explicaci\u00f3 d\u2019activitats concretes d\u2019entitats i empreses d\u2019educaci\u00f3 ambiental, aix\u00ed com de l\u2019\u00fas de les deixalleries com a recurs educatiu incorporat als programes educatius que gestionen els ajuntaments i l\u2019\u00c0rea Metropolitana de Barcelona. Activitats com el compostatge educatiu i comunitari; tallers sobre roba i material t\u00e8xtil o sobre m\u00f2bils i aparells el\u00e8ctrics i electr\u00f2nics complementen la funci\u00f3 original de recollida de residus de l\u2019equipament.<\/p>\n\n\n\n<p><br>Tamb\u00e9 es va poder parlar sobre l\u2019aportaci\u00f3 d\u2019altres metodologies educatives que ajuden a entendre la tasca ambiental que t\u00e9 lloc a les deixalleries, com per exemple la m\u00e0gia, i de l\u2019ampliaci\u00f3 de continguts educatius que integren altres eixos ambientals, a m\u00e9s de l\u2019eix de residus, per tenir una visi\u00f3 global de la sostenibilitat.<\/p>\n\n\n\n<p><br>L\u2019AMB va aportar l\u2019expertesa en el guiatge d\u2019activitats educatives en instal\u00b7lacions de tractament de residus (ecoparcs, plantes de compostatge o deixalleries, entre d\u2019altres). La gesti\u00f3 interna i el treball previ a la visita educativa a les deixalleries \u00e9s primordial per garantir la seguretat i la qualitat de l\u2019activitat. Per aquest motiu, cal tenir elaborats un seguit de registres documentals com ara el gui\u00f3 per al personal educatiu, el procediment de gesti\u00f3 de reserves o el protocol de seguretat per a les visites. S\u00f3n continguts poc visibles, per\u00f2 que han de ser presents en tot programa educatiu, per afegir valor i posar en relleu totes les dimensions de l\u2019educaci\u00f3 ambiental.<br><\/p>\n\n\n\n<p>Les visites a les deixalleries estan incloses dins l\u2019oferta educativa del Compartim un Futur (a partir dels 8 anys). Si vols fer una visita a una deixalleria municipal, <a href=\"https:\/\/www.amb.cat\/ca\/web\/ecologia\/sostenibilitat\/educacio-ambiental\/cataleg\/detall\/-\/gdpmes\/deixalleries-municipals\/284098\/11818?p_p_id=GDPMES_WAR_GuiaDidacticaPMESportlet&amp;p_p_lifecycle=1&amp;p_p_state=normal&amp;_GDPMES_WAR_GuiaDidacticaPMESportlet_pageNum=1&amp;_GDPMES_WAR_GuiaDidacticaPMESportlet_queryText=DEIXALLERIES&amp;_GDPMES_WAR_GuiaDidacticaPMESportlet_detailBackURL=https%3A%2F%2Fwww.amb.cat%2Fweb%2Fecologia%2Fsostenibilitat%2Feducacio-ambiental%2Fcataleg%2Fcercador\" data-type=\"URL\" data-id=\"https:\/\/www.amb.cat\/ca\/web\/ecologia\/sostenibilitat\/educacio-ambiental\/cataleg\/detall\/-\/gdpmes\/deixalleries-municipals\/284098\/11818?p_p_id=GDPMES_WAR_GuiaDidacticaPMESportlet&amp;p_p_lifecycle=1&amp;p_p_state=normal&amp;_GDPMES_WAR_GuiaDidacticaPMESportlet_pageNum=1&amp;_GDPMES_WAR_GuiaDidacticaPMESportlet_queryText=DEIXALLERIES&amp;_GDPMES_WAR_GuiaDidacticaPMESportlet_detailBackURL=https%3A%2F%2Fwww.amb.cat%2Fweb%2Fecologia%2Fsostenibilitat%2Feducacio-ambiental%2Fcataleg%2Fcercador\">a la p\u00e0gina web<\/a> podr\u00e0s consultar quines s\u00f3n visitables i com sol\u00b7lictar-la.<\/p>\n\n\n\n<figure class=\"wp-block-image size-large\"><a href=\"https:\/\/blogs.amb.cat\/educacioambiental\/wp-content\/uploads\/sites\/2\/2023\/06\/20230518_125936.jpg\"><img width=\"1024\" height=\"576\" src=\"https:\/\/blogs.amb.cat\/educacioambiental\/wp-content\/uploads\/sites\/2\/2023\/06\/20230518_125936-1024x576.jpg\" alt=\"\" class=\"wp-image-3611\" srcset=\"https:\/\/blogs.amb.cat\/educacioambiental\/wp-content\/uploads\/sites\/2\/2023\/06\/20230518_125936-1024x576.jpg 1024w, https:\/\/blogs.amb.cat\/educacioambiental\/wp-content\/uploads\/sites\/2\/2023\/06\/20230518_125936-300x169.jpg 300w, https:\/\/blogs.amb.cat\/educacioambiental\/wp-content\/uploads\/sites\/2\/2023\/06\/20230518_125936-768x432.jpg 768w, https:\/\/blogs.amb.cat\/educacioambiental\/wp-content\/uploads\/sites\/2\/2023\/06\/20230518_125936-1536x864.jpg 1536w, https:\/\/blogs.amb.cat\/educacioambiental\/wp-content\/uploads\/sites\/2\/2023\/06\/20230518_125936.jpg 2000w\" sizes=\"(max-width: 1024px) 100vw, 1024px\" \/><\/a><\/figure>\n","protected":false},"excerpt":{"rendered":"<p>El 18 de maig es va celebrar a la F\u00e0brica del Sol una jornada d\u2019intercanvi d\u2019experi\u00e8ncies sobre l\u2019educaci\u00f3 ambiental a les deixalleries. Aquesta jornada s\u2019engloba dins les sessions t\u00e8cniques peri\u00f2diques que la Diputaci\u00f3 de Barcelona (ASDE \u2013 Servei d\u2019Assessorament i Suport a les Deixalleries) fa al voltant d\u2019aquestes instal\u00b7lacions. El programa inclo\u00efa l\u2019explicaci\u00f3 d\u2019activitats concretes [&hellip;]<\/p>\n","protected":false},"author":31,"featured_media":3610,"comment_status":"closed","ping_status":"open","sticky":false,"template":"","format":"standard","meta":{"_oasis_is_in_workflow":0,"_oasis_original":0,"ngg_post_thumbnail":0},"categories":[1],"tags":[],"_links":{"self":[{"href":"https:\/\/blogs.amb.cat\/educacioambiental\/wp-json\/wp\/v2\/posts\/3609"}],"collection":[{"href":"https:\/\/blogs.amb.cat\/educacioambiental\/wp-json\/wp\/v2\/posts"}],"about":[{"href":"https:\/\/blogs.amb.cat\/educacioambiental\/wp-json\/wp\/v2\/types\/post"}],"author":[{"embeddable":true,"href":"https:\/\/blogs.amb.cat\/educacioambiental\/wp-json\/wp\/v2\/users\/31"}],"replies":[{"embeddable":true,"href":"https:\/\/blogs.amb.cat\/educacioambiental\/wp-json\/wp\/v2\/comments?post=3609"}],"version-history":[{"count":3,"href":"https:\/\/blogs.amb.cat\/educacioambiental\/wp-json\/wp\/v2\/posts\/3609\/revisions"}],"predecessor-version":[{"id":3618,"href":"https:\/\/blogs.amb.cat\/educacioambiental\/wp-json\/wp\/v2\/posts\/3609\/revisions\/3618"}],"wp:featuredmedia":[{"embeddable":true,"href":"https:\/\/blogs.amb.cat\/educacioambiental\/wp-json\/wp\/v2\/media\/3610"}],"wp:attachment":[{"href":"https:\/\/blogs.amb.cat\/educacioambiental\/wp-json\/wp\/v2\/media?parent=3609"}],"wp:term":[{"taxonomy":"category","embeddable":true,"href":"https:\/\/blogs.amb.cat\/educacioambiental\/wp-json\/wp\/v2\/categories?post=3609"},{"taxonomy":"post_tag","embeddable":true,"href":"https:\/\/blogs.amb.cat\/educacioambiental\/wp-json\/wp\/v2\/tags?post=3609"}],"curies":[{"name":"wp","href":"https:\/\/api.w.org\/{rel}","templated":true}]}}