
 







{"id":4070,"date":"2024-01-31T13:09:00","date_gmt":"2024-01-31T13:09:00","guid":{"rendered":"https:\/\/blogs.amb.cat\/educacioambiental\/?p=4070"},"modified":"2024-02-02T08:47:07","modified_gmt":"2024-02-02T08:47:07","slug":"els-refugis-climatics-metropolitans","status":"publish","type":"post","link":"https:\/\/blogs.amb.cat\/educacioambiental\/2024\/01\/31\/els-refugis-climatics-metropolitans\/","title":{"rendered":"Els refugis clim\u00e0tics metropolitans"},"content":{"rendered":"\n<p>Els <a href=\"https:\/\/www.amb.cat\/web\/medi-ambient\/sostenibilitat\/canvi-climatic\/refugi-climatic\">refugis clim\u00e0tics<\/a> s\u00f3n espais interiors o exteriors accessibles per a tota la ciutadania. Gr\u00e0cies a les seves condicions, durant els mesos de m\u00e9s calor de l\u2019any proporcionen confort t\u00e8rmic, descans i seguretat a la poblaci\u00f3.<\/p>\n\n\n\n<figure class=\"wp-block-embed is-type-video is-provider-youtube wp-block-embed-youtube wp-embed-aspect-16-9 wp-has-aspect-ratio\"><div class=\"wp-block-embed__wrapper\">\n<iframe title=\"Refugis clim\u00e0tics\" width=\"1170\" height=\"658\" src=\"https:\/\/www.youtube.com\/embed\/ScAUNYWB_PI?feature=oembed\" frameborder=\"0\" allow=\"accelerometer; autoplay; clipboard-write; encrypted-media; gyroscope; picture-in-picture; web-share\" allowfullscreen><\/iframe>\n<\/div><figcaption>Brenda Saavedra, t\u00e8cnica del Servei d&#8217;Acci\u00f3 Clim\u00e0tica i Educaci\u00f3 Ambiental, explica qu\u00e8 s\u00f3n els refugis clim\u00e0tics.<\/figcaption><\/figure>\n\n\n\n<p><strong>Per qu\u00e8 s\u00f3n necessaris?<\/strong><\/p>\n\n\n\n<p>Aquests espais tenen una gran import\u00e0ncia en el context clim\u00e0tic actual. Les temperatures cada cop s\u00f3n m\u00e9s altes i a l\u2019estiu patim amb m\u00e9s freq\u00fc\u00e8ncia <a href=\"https:\/\/www.amb.cat\/ca\/web\/medi-ambient\/sostenibilitat\/canvi-climatic\/refugi-climatic\/calor-i-salut\">onades de calor<\/a>. Aix\u00f2 afecta tota la poblaci\u00f3, per\u00f2 hi ha certs grups de persones especialment vulnerables: la gent gran, els nadons, les persones embarassades i les que pateixen patologies cr\u00f2niques, aix\u00ed com les fam\u00edlies que viuen en situaci\u00f3 de pobresa energ\u00e8tica.<\/p>\n\n\n\n<p><strong>Com els podem identificar?<\/strong><\/p>\n\n\n\n<p>Els<strong> refugis clim\u00e0tics<\/strong> poden ser interiors o exteriors i coordinen aquesta funci\u00f3 amb d&#8217;altres que estan determinades pel tipus d\u2019espai en q\u00fcesti\u00f3. Disposen d&#8217;un cartell que els identifica: els cartells blaus corresponen a refugis interiors, com ara centres c\u00edvics i biblioteques, mentre que els cartells verds indiquen que s\u00f3n exteriors, com els parcs metropolitans.<\/p>\n\n\n\n<figure class=\"wp-block-image size-large\"><a href=\"https:\/\/blogs.amb.cat\/educacioambiental\/wp-content\/uploads\/sites\/2\/2024\/01\/image-1.jpg\"><img width=\"1014\" height=\"507\" src=\"https:\/\/blogs.amb.cat\/educacioambiental\/wp-content\/uploads\/sites\/2\/2024\/01\/image-1.jpg\" alt=\"\" class=\"wp-image-4072\" srcset=\"https:\/\/blogs.amb.cat\/educacioambiental\/wp-content\/uploads\/sites\/2\/2024\/01\/image-1.jpg 1014w, https:\/\/blogs.amb.cat\/educacioambiental\/wp-content\/uploads\/sites\/2\/2024\/01\/image-1-300x150.jpg 300w, https:\/\/blogs.amb.cat\/educacioambiental\/wp-content\/uploads\/sites\/2\/2024\/01\/image-1-768x384.jpg 768w\" sizes=\"(max-width: 1014px) 100vw, 1014px\" \/><\/a><figcaption>Cartells d&#8217;interior i d&#8217;exterior de refugis clim\u00e0tics metropoitans<\/figcaption><\/figure>\n\n\n\n<p>Si vius al territori metropolit\u00e0 i vols saber quin refugi clim\u00e0tic tens m\u00e9s a prop de casa, pots accedir a la <a href=\"https:\/\/www.amb.cat\/es\/web\/medi-ambient\/sostenibilitat\/canvi-climatic\/refugi-climatic\/sobre-la-xmrc\">xarxa metropolitana de refugis clim\u00e0tics<\/a> (XMRC), que ja incorpora 75 espais.<\/p>\n\n\n\n<p>Si vius a Barcelona ciutat, pots consultar la <a href=\"https:\/\/www.barcelona.cat\/barcelona-pel-clima\/ca\/barcelona-respon\/accions-concretes\/xarxa-de-refugis-climatics\">xarxa de refugis clim\u00e0tics de la ciutat de Barcelona<\/a>.<\/p>\n\n\n\n<p><strong>Quines s\u00f3n les caracter\u00edstiques d\u2019aquests espais?<\/strong><\/p>\n\n\n\n<ul><li>Disposen de punts d\u2019aigua gratu\u00efta<\/li><li>Compten amb \u00e0rees de descans confortables (cadires o bancs)<\/li><li>S\u00f3n espais tranquils i amb baixa contaminaci\u00f3 ac\u00fastica\u00a0<\/li><li>Hi ha bona accessibilitat per a persones amb mobilitat redu\u00efda<\/li><li>En el cas dels parcs, tenen una pres\u00e8ncia elevada de verd urb\u00e0<\/li><li>Els espais interiors proporcionen confort t\u00e8rmic: a l\u2019estiu menys de 27 \u00b0C i a l\u2019hivern m\u00e9s de 19 \u00b0C<\/li><\/ul>\n\n\n\n<p>Els refugis clim\u00e0tics s\u00f3n una mesura d\u2019adaptaci\u00f3 al canvi clim\u00e0tic. Atenen especialment les persones m\u00e9s vulnerables, com ara infants, gent gran o fam\u00edlies que es troben en situaci\u00f3 de pobresa energ\u00e8tica. D\u2019aquesta manera, es contribueix a pal\u00b7liar la intensificaci\u00f3 de les desigualtats i, per tant, es fomenta la just\u00edcia clim\u00e0tica. \u00a0<\/p>\n\n\n\n<p>Des del\u00a0Compartim\u00a0un Futur tractem aquest tema amb profunditat en activitats anuals com <a href=\"https:\/\/www.amb.cat\/ca\/web\/medi-ambient\/sostenibilitat\/educacio-ambiental\/cataleg\/detall\/-\/gdpmes\/el-refugi-climatic-de-la-dra--shiva\/9838382\/11818?p_p_id=GDPMES_WAR_GuiaDidacticaPMESportlet&amp;p_p_lifecycle=1&amp;p_p_state=normal&amp;_GDPMES_WAR_GuiaDidacticaPMESportlet_pageNum=1&amp;_GDPMES_WAR_GuiaDidacticaPMESportlet_recurs_cuf=cuf_activitat_presencial&amp;_GDPMES_WAR_GuiaDidacticaPMESportlet_detailBackURL=https%3A%2F%2Fwww.amb.cat%2Fca%2Fweb%2Fmedi-ambient%2Fsostenibilitat%2Feducacio-ambiental%2Fcataleg%2Fcercador\">El refugi clim\u00e0tic de la doctora\u00a0Shiva<\/a>, aix\u00ed com en les xerrades presencials programades entre el 15 de maig i el 13 de juliol, les quals es duen a terme en col\u00b7laboraci\u00f3 amb el Servei Local de Teleassist\u00e8ncia de la Diputaci\u00f3 de Barcelona i estan adre\u00e7ades a persones de m\u00e9s de 65 anys.<\/p>\n\n\n\n<figure class=\"wp-block-image size-large\"><a href=\"https:\/\/blogs.amb.cat\/educacioambiental\/wp-content\/uploads\/sites\/2\/2024\/01\/xerradaRC-scaled.jpg\"><img width=\"1024\" height=\"498\" src=\"https:\/\/blogs.amb.cat\/educacioambiental\/wp-content\/uploads\/sites\/2\/2024\/01\/xerradaRC-1024x498.jpg\" alt=\"\" class=\"wp-image-4073\" srcset=\"https:\/\/blogs.amb.cat\/educacioambiental\/wp-content\/uploads\/sites\/2\/2024\/01\/xerradaRC-1024x498.jpg 1024w, https:\/\/blogs.amb.cat\/educacioambiental\/wp-content\/uploads\/sites\/2\/2024\/01\/xerradaRC-300x146.jpg 300w, https:\/\/blogs.amb.cat\/educacioambiental\/wp-content\/uploads\/sites\/2\/2024\/01\/xerradaRC-768x373.jpg 768w, https:\/\/blogs.amb.cat\/educacioambiental\/wp-content\/uploads\/sites\/2\/2024\/01\/xerradaRC-1536x747.jpg 1536w, https:\/\/blogs.amb.cat\/educacioambiental\/wp-content\/uploads\/sites\/2\/2024\/01\/xerradaRC-2048x996.jpg 2048w\" sizes=\"(max-width: 1024px) 100vw, 1024px\" \/><\/a><figcaption>Xerrada sobre refugis clim\u00e0tics a l&#8217;Hospitalet de Llobregat, en col\u00b7laboraci\u00f3 amb el Servei Local de Teleassist\u00e8ncia de la Diputaci\u00f3 de Barcelona.<\/figcaption><\/figure>\n\n\n\n<figure class=\"wp-block-image size-large\"><a href=\"https:\/\/blogs.amb.cat\/educacioambiental\/wp-content\/uploads\/sites\/2\/2024\/01\/IMG_6381-scaled.jpg\"><img width=\"1024\" height=\"683\" src=\"https:\/\/blogs.amb.cat\/educacioambiental\/wp-content\/uploads\/sites\/2\/2024\/01\/IMG_6381-1024x683.jpg\" alt=\"\" class=\"wp-image-4074\" srcset=\"https:\/\/blogs.amb.cat\/educacioambiental\/wp-content\/uploads\/sites\/2\/2024\/01\/IMG_6381-1024x683.jpg 1024w, https:\/\/blogs.amb.cat\/educacioambiental\/wp-content\/uploads\/sites\/2\/2024\/01\/IMG_6381-300x200.jpg 300w, https:\/\/blogs.amb.cat\/educacioambiental\/wp-content\/uploads\/sites\/2\/2024\/01\/IMG_6381-768x512.jpg 768w, https:\/\/blogs.amb.cat\/educacioambiental\/wp-content\/uploads\/sites\/2\/2024\/01\/IMG_6381-1536x1024.jpg 1536w, https:\/\/blogs.amb.cat\/educacioambiental\/wp-content\/uploads\/sites\/2\/2024\/01\/IMG_6381-2048x1365.jpg 2048w\" sizes=\"(max-width: 1024px) 100vw, 1024px\" \/><\/a><figcaption>Activitat a l&#8217;entorn &#8220;El refugi clim\u00e0tic de la Dra. Shiva&#8221; <\/figcaption><\/figure>\n\n\n\n<p><br>Busca el refugi que tens m\u00e9s a prop de casa i cuida&#8217;l perqu\u00e8 tots en puguem gaudir!<\/p>\n","protected":false},"excerpt":{"rendered":"<p>Els refugis clim\u00e0tics s\u00f3n espais interiors o exteriors accessibles per a tota la ciutadania. Gr\u00e0cies a les seves condicions, durant els mesos de m\u00e9s calor de l\u2019any proporcionen confort t\u00e8rmic, descans i seguretat a la poblaci\u00f3. Per qu\u00e8 s\u00f3n necessaris? Aquests espais tenen una gran import\u00e0ncia en el context clim\u00e0tic actual. Les temperatures cada cop [&hellip;]<\/p>\n","protected":false},"author":31,"featured_media":4075,"comment_status":"closed","ping_status":"open","sticky":false,"template":"","format":"standard","meta":{"_oasis_is_in_workflow":0,"_oasis_original":0,"ngg_post_thumbnail":0},"categories":[1],"tags":[],"_links":{"self":[{"href":"https:\/\/blogs.amb.cat\/educacioambiental\/wp-json\/wp\/v2\/posts\/4070"}],"collection":[{"href":"https:\/\/blogs.amb.cat\/educacioambiental\/wp-json\/wp\/v2\/posts"}],"about":[{"href":"https:\/\/blogs.amb.cat\/educacioambiental\/wp-json\/wp\/v2\/types\/post"}],"author":[{"embeddable":true,"href":"https:\/\/blogs.amb.cat\/educacioambiental\/wp-json\/wp\/v2\/users\/31"}],"replies":[{"embeddable":true,"href":"https:\/\/blogs.amb.cat\/educacioambiental\/wp-json\/wp\/v2\/comments?post=4070"}],"version-history":[{"count":4,"href":"https:\/\/blogs.amb.cat\/educacioambiental\/wp-json\/wp\/v2\/posts\/4070\/revisions"}],"predecessor-version":[{"id":4120,"href":"https:\/\/blogs.amb.cat\/educacioambiental\/wp-json\/wp\/v2\/posts\/4070\/revisions\/4120"}],"wp:featuredmedia":[{"embeddable":true,"href":"https:\/\/blogs.amb.cat\/educacioambiental\/wp-json\/wp\/v2\/media\/4075"}],"wp:attachment":[{"href":"https:\/\/blogs.amb.cat\/educacioambiental\/wp-json\/wp\/v2\/media?parent=4070"}],"wp:term":[{"taxonomy":"category","embeddable":true,"href":"https:\/\/blogs.amb.cat\/educacioambiental\/wp-json\/wp\/v2\/categories?post=4070"},{"taxonomy":"post_tag","embeddable":true,"href":"https:\/\/blogs.amb.cat\/educacioambiental\/wp-json\/wp\/v2\/tags?post=4070"}],"curies":[{"name":"wp","href":"https:\/\/api.w.org\/{rel}","templated":true}]}}