
 







{"id":4348,"date":"2024-04-29T11:40:00","date_gmt":"2024-04-29T11:40:00","guid":{"rendered":"https:\/\/blogs.amb.cat\/educacioambiental\/?p=4348"},"modified":"2024-05-06T11:30:11","modified_gmt":"2024-05-06T11:30:11","slug":"disponible-la-memoria-del-iii-cnea","status":"publish","type":"post","link":"https:\/\/blogs.amb.cat\/educacioambiental\/2024\/04\/29\/disponible-la-memoria-del-iii-cnea\/","title":{"rendered":"Disponible la mem\u00f2ria del III CNEA"},"content":{"rendered":"\n<p>El darrer mes de gener va tenir lloc el <a href=\"https:\/\/blogs.amb.cat\/educacioambiental\/2024\/02\/02\/450-persones-assisteixen-al-iii-congres-nacional-deducacio-ambiental-cnea\/\">III Congr\u00e9s Nacional d&#8217;Educaci\u00f3 Ambiental<\/a> (CNEA), en el qual van assistir unes 450 persones. En el web <a href=\"http:\/\/www.cnea.cat\">www.cnea.cat<\/a> ja est\u00e0 disponible la <a href=\"https:\/\/www.cnea.cat\/_files\/ugd\/35f2f9_0792082cad2f4477bf935c7861c83dd1.pdf\">mem\u00f2ria del congr\u00e9s<\/a>!<\/p>\n\n\n\n<p>La mem\u00f2ria \u00e9s el resultat d&#8217;un esfor\u00e7 compartit per moltes persones i recull les principals aportacions fetes durant el congr\u00e9s, tant de la sessi\u00f3 en l\u00ednia com de la jornada presencial. Tamb\u00e9 inclou els aprenentatges i les principals conclusions del congr\u00e9s, que reforcen i complementen la Declaraci\u00f3 del II CNEA.<\/p>\n\n\n\n<p>Al web tamb\u00e9 hi podreu trobar els\u00a0<a rel=\"noreferrer noopener\" href=\"https:\/\/www.cnea.cat\/posters-2024\" target=\"_blank\">p\u00f2sters<\/a>\u00a0de totes les comunicacions que s&#8217;hi van presentar, aix\u00ed com els\u00a0<a rel=\"noreferrer noopener\" href=\"https:\/\/www.cnea.cat\/galeria-2024\" target=\"_blank\">v\u00eddeos i fotos<\/a>.<\/p>\n\n\n\n<p>A partir de tot el que va donar de si el congr\u00e9s, seguim endavant en forma de congr\u00e9s permanent amb la fita d&#8217;una nova edici\u00f3 l&#8217;any 2026.<\/p>\n","protected":false},"excerpt":{"rendered":"<p>El darrer mes de gener va tenir lloc el III Congr\u00e9s Nacional d&#8217;Educaci\u00f3 Ambiental (CNEA), en el qual van assistir unes 450 persones. En el web www.cnea.cat ja est\u00e0 disponible la mem\u00f2ria del congr\u00e9s! La mem\u00f2ria \u00e9s el resultat d&#8217;un esfor\u00e7 compartit per moltes persones i recull les principals aportacions fetes durant el congr\u00e9s, tant [&hellip;]<\/p>\n","protected":false},"author":31,"featured_media":4349,"comment_status":"closed","ping_status":"open","sticky":false,"template":"","format":"standard","meta":{"_oasis_is_in_workflow":0,"_oasis_original":0,"ngg_post_thumbnail":0},"categories":[1],"tags":[],"_links":{"self":[{"href":"https:\/\/blogs.amb.cat\/educacioambiental\/wp-json\/wp\/v2\/posts\/4348"}],"collection":[{"href":"https:\/\/blogs.amb.cat\/educacioambiental\/wp-json\/wp\/v2\/posts"}],"about":[{"href":"https:\/\/blogs.amb.cat\/educacioambiental\/wp-json\/wp\/v2\/types\/post"}],"author":[{"embeddable":true,"href":"https:\/\/blogs.amb.cat\/educacioambiental\/wp-json\/wp\/v2\/users\/31"}],"replies":[{"embeddable":true,"href":"https:\/\/blogs.amb.cat\/educacioambiental\/wp-json\/wp\/v2\/comments?post=4348"}],"version-history":[{"count":4,"href":"https:\/\/blogs.amb.cat\/educacioambiental\/wp-json\/wp\/v2\/posts\/4348\/revisions"}],"predecessor-version":[{"id":4377,"href":"https:\/\/blogs.amb.cat\/educacioambiental\/wp-json\/wp\/v2\/posts\/4348\/revisions\/4377"}],"wp:featuredmedia":[{"embeddable":true,"href":"https:\/\/blogs.amb.cat\/educacioambiental\/wp-json\/wp\/v2\/media\/4349"}],"wp:attachment":[{"href":"https:\/\/blogs.amb.cat\/educacioambiental\/wp-json\/wp\/v2\/media?parent=4348"}],"wp:term":[{"taxonomy":"category","embeddable":true,"href":"https:\/\/blogs.amb.cat\/educacioambiental\/wp-json\/wp\/v2\/categories?post=4348"},{"taxonomy":"post_tag","embeddable":true,"href":"https:\/\/blogs.amb.cat\/educacioambiental\/wp-json\/wp\/v2\/tags?post=4348"}],"curies":[{"name":"wp","href":"https:\/\/api.w.org\/{rel}","templated":true}]}}