
 







{"id":4352,"date":"2024-04-29T14:01:00","date_gmt":"2024-04-29T14:01:00","guid":{"rendered":"https:\/\/blogs.amb.cat\/educacioambiental\/?p=4352"},"modified":"2024-05-08T05:44:05","modified_gmt":"2024-05-08T05:44:05","slug":"comencem-a-preparar-la-setmana-europea-de-lenergia-sostenible-2024","status":"publish","type":"post","link":"https:\/\/blogs.amb.cat\/educacioambiental\/2024\/04\/29\/comencem-a-preparar-la-setmana-europea-de-lenergia-sostenible-2024\/","title":{"rendered":"Comencem a preparar la Setmana Europea de l&#8217;Energia Sostenible 2024!"},"content":{"rendered":"\n<p>La Setmana Europea de l&#8217;Energia Sostenible (European Sustainable Energy Week o EUSEW, per les seves sigles en angl\u00e8s) \u00e9s una iniciativa de la Comissi\u00f3 Europea que t\u00e9 l&#8217;objectiu de promoure l&#8217;efici\u00e8ncia energ\u00e8tica i les energies renovables a la Uni\u00f3 Europea i altres pa\u00efsos. Durant el per\u00edode de la campanya, s&#8217;organitzen esdeveniments i activitats per tot Europa, com ara confer\u00e8ncies, tallers, visites a instal\u00b7lacions i concursos. Els esdeveniments estan oberts al p\u00fablic en general i es dirigeixen a professionals del sector energ\u00e8tic, representants pol\u00edtics, empreses, organitzacions no governamentals i ciutadans interessats en l&#8217;energia sostenible.<\/p>\n\n\n\n<p>Aquest 2024,&nbsp;<strong>la Setmana Europea de l&#8217;Energia Sostenible, se celebra de l&#8217;11 al 13 de juny<\/strong>&nbsp;i es vol tornar a incidir en una manera de participar en el canvi de model energ\u00e8tic concret: compartint l&#8217;energia que produ\u00efm. El lema es va crear en l&#8217;edici\u00f3 de l&#8217;any passat i enguany torna a ser&nbsp;&#8220;<strong>Ara \u00e9s l&#8217;hora de compartir l&#8217;energia renovable!<\/strong>&#8220;.<\/p>\n\n\n\n<p>Aquests anys s\u00f3n clau per fer el pas i comen\u00e7ar a produir una part de l&#8217;energia que consumim, i tamb\u00e9 per compartir-la.<\/p>\n\n\n\n<p>A Catalunya diverses entitats organitzen la campanya conjuntament i posen a disposici\u00f3 d&#8217;ajuntaments i entitats els seus recursos perqu\u00e8 s&#8217;organitzin un gran nombre d&#8217;activitats arreu del territori. A l&#8217;apartat\u00a0<a href=\"https:\/\/icaen.gencat.cat\/ca\/l_icaen\/campanyes\/setmana-de-l-energia\/agenda-00001\/\">Agenda d&#8217;activitats<\/a> es poden trobar les activitats, com ara visites de portes obertes a instal\u00b7lacions interessants sobre energia, tallers, xerrades, exposicions per visitar, jocs, activitats l\u00fadiques per a tota la fam\u00edlia&#8230; i moltes m\u00e9s!\u00a0<\/p>\n\n\n\n<p>A m\u00e9s, el cat\u00e0leg de&nbsp;<a href=\"https:\/\/icaen.gencat.cat\/ca\/l_icaen\/campanyes\/setmana-de-l-energia\/recursos-presencials-00001\/recursos-digitals\/\">Recursos digitals<\/a> proporciona eines i informaci\u00f3 \u00fatils per unir-se al canvi de model energ\u00e8tic i aprendre com es pot ser m\u00e9s eficient amb el consum d&#8217;energia i com es pot produir energia.<\/p>\n\n\n\n<figure class=\"wp-block-image size-large\"><a href=\"https:\/\/blogs.amb.cat\/educacioambiental\/wp-content\/uploads\/sites\/2\/2024\/04\/image-4.png\"><img width=\"886\" height=\"138\" src=\"https:\/\/blogs.amb.cat\/educacioambiental\/wp-content\/uploads\/sites\/2\/2024\/04\/image-4.png\" alt=\"\" class=\"wp-image-4353\" srcset=\"https:\/\/blogs.amb.cat\/educacioambiental\/wp-content\/uploads\/sites\/2\/2024\/04\/image-4.png 886w, https:\/\/blogs.amb.cat\/educacioambiental\/wp-content\/uploads\/sites\/2\/2024\/04\/image-4-300x47.png 300w, https:\/\/blogs.amb.cat\/educacioambiental\/wp-content\/uploads\/sites\/2\/2024\/04\/image-4-768x120.png 768w\" sizes=\"(max-width: 886px) 100vw, 886px\" \/><\/a><\/figure>\n","protected":false},"excerpt":{"rendered":"<p>La Setmana Europea de l&#8217;Energia Sostenible (European Sustainable Energy Week o EUSEW, per les seves sigles en angl\u00e8s) \u00e9s una iniciativa de la Comissi\u00f3 Europea que t\u00e9 l&#8217;objectiu de promoure l&#8217;efici\u00e8ncia energ\u00e8tica i les energies renovables a la Uni\u00f3 Europea i altres pa\u00efsos. Durant el per\u00edode de la campanya, s&#8217;organitzen esdeveniments i activitats per tot [&hellip;]<\/p>\n","protected":false},"author":31,"featured_media":4354,"comment_status":"closed","ping_status":"open","sticky":false,"template":"","format":"standard","meta":{"_oasis_is_in_workflow":0,"_oasis_original":0,"ngg_post_thumbnail":0},"categories":[1],"tags":[],"_links":{"self":[{"href":"https:\/\/blogs.amb.cat\/educacioambiental\/wp-json\/wp\/v2\/posts\/4352"}],"collection":[{"href":"https:\/\/blogs.amb.cat\/educacioambiental\/wp-json\/wp\/v2\/posts"}],"about":[{"href":"https:\/\/blogs.amb.cat\/educacioambiental\/wp-json\/wp\/v2\/types\/post"}],"author":[{"embeddable":true,"href":"https:\/\/blogs.amb.cat\/educacioambiental\/wp-json\/wp\/v2\/users\/31"}],"replies":[{"embeddable":true,"href":"https:\/\/blogs.amb.cat\/educacioambiental\/wp-json\/wp\/v2\/comments?post=4352"}],"version-history":[{"count":5,"href":"https:\/\/blogs.amb.cat\/educacioambiental\/wp-json\/wp\/v2\/posts\/4352\/revisions"}],"predecessor-version":[{"id":4398,"href":"https:\/\/blogs.amb.cat\/educacioambiental\/wp-json\/wp\/v2\/posts\/4352\/revisions\/4398"}],"wp:featuredmedia":[{"embeddable":true,"href":"https:\/\/blogs.amb.cat\/educacioambiental\/wp-json\/wp\/v2\/media\/4354"}],"wp:attachment":[{"href":"https:\/\/blogs.amb.cat\/educacioambiental\/wp-json\/wp\/v2\/media?parent=4352"}],"wp:term":[{"taxonomy":"category","embeddable":true,"href":"https:\/\/blogs.amb.cat\/educacioambiental\/wp-json\/wp\/v2\/categories?post=4352"},{"taxonomy":"post_tag","embeddable":true,"href":"https:\/\/blogs.amb.cat\/educacioambiental\/wp-json\/wp\/v2\/tags?post=4352"}],"curies":[{"name":"wp","href":"https:\/\/api.w.org\/{rel}","templated":true}]}}