
 







{"id":4408,"date":"2024-05-22T07:52:00","date_gmt":"2024-05-22T07:52:00","guid":{"rendered":"https:\/\/blogs.amb.cat\/educacioambiental\/?p=4408"},"modified":"2024-05-27T09:15:43","modified_gmt":"2024-05-27T09:15:43","slug":"ja-esta-disponible-el-cataleg-de-lleure-educatiu-2024","status":"publish","type":"post","link":"https:\/\/blogs.amb.cat\/educacioambiental\/2024\/05\/22\/ja-esta-disponible-el-cataleg-de-lleure-educatiu-2024\/","title":{"rendered":"Ja est\u00e0 disponible el cat\u00e0leg de lleure educatiu del 2024!"},"content":{"rendered":"\n<p>S&#8217;acosta la fi del curs 2023-2024 i aix\u00f2 vol dir que s&#8217;inicia el per\u00edode d&#8217;activitats de lleure educatiu per excel\u00b7l\u00e8ncia: \u00e9s l&#8217;\u00e8poca dels casals d&#8217;estiu, els campus esportius, les excursions a la natura&#8230; El temps de lleure \u00e9s un espai idoni per educar i sensibilitzar sobre el medi ambient. Les activitats d&#8217;estiu permeten un acostament m\u00e9s obert a la natura, i els participants exploren i interaccionen amb l&#8217;entorn d&#8217;una manera m\u00e9s distesa i relaxada que durant el curs escolar. Per aquest motiu, el programa Compartim un Futur ofereix una proposta educativa dedicada al lleure educatiu.<\/p>\n\n\n\n<p>Al <a href=\"https:\/\/www.amb.cat\/ca\/web\/medi-ambient\/sostenibilitat\/educacio-ambiental\/cataleg\/detall\/-\/gdpmes\/cataleg-de-lleure-educatiu\/13115995\/11818\" data-type=\"URL\" data-id=\"https:\/\/www.amb.cat\/ca\/web\/medi-ambient\/sostenibilitat\/educacio-ambiental\/cataleg\/detall\/-\/gdpmes\/cataleg-de-lleure-educatiu\/13115995\/11818\">cat\u00e0leg de lleure educatiu del 2024<\/a> podreu trobar vint-i-set activitats diferents dirigides a l&#8217;educaci\u00f3 en el lleure per a diferents edats. Hi ha activitats a l&#8217;aula, visites a instal\u00b7lacions i activitats a l&#8217;entorn de diferents temes ambientals: el cicle de l&#8217;aigua, recursos i residus, acci\u00f3 clim\u00e0tica i transici\u00f3 energ\u00e8tica, qualitat de l&#8217;aire, territori i biodiversitat, mobilitat sostenible&#8230; A m\u00e9s, tamb\u00e9 podreu trobar-hi molts recursos addicionals per poder continuar treballant la sostenibilitat i la cura del medi ambient.<\/p>\n\n\n\n<p>Enguany hi ha dues noves activitats:<\/p>\n\n\n\n<ul><li><strong><a href=\"https:\/\/www.amb.cat\/ca\/web\/medi-ambient\/sostenibilitat\/educacio-ambiental\/cataleg\/detall\/-\/gdpmes\/parcs-i-pedals-al-besos\/10096563\/11818\" data-type=\"URL\" data-id=\"https:\/\/www.amb.cat\/ca\/web\/medi-ambient\/sostenibilitat\/educacio-ambiental\/cataleg\/detall\/-\/gdpmes\/parcs-i-pedals-al-besos\/10096563\/11818\">Parcs i pedals al Bes\u00f2s<\/a><\/strong>, una activitat combinada en qu\u00e8 els participants descobriran la biodiversitat del parc de Can\u00a0Zam\u00a0a trav\u00e9s de diferents din\u00e0miques i coneixeran les normes de circulaci\u00f3 tot fent un passeig amb bicicleta per la llera del riu Bes\u00f2s. L&#8217;activitat es dirigeix a infants i joves d\u2019entre 11 i 15 anys.<\/li><li><strong><a href=\"https:\/\/www.amb.cat\/ca\/web\/medi-ambient\/sostenibilitat\/educacio-ambiental\/cataleg\/detall\/-\/gdpmes\/l-aventura-de-l-aigua\/8425078\/11818\" data-type=\"URL\" data-id=\"https:\/\/www.amb.cat\/ca\/web\/medi-ambient\/sostenibilitat\/educacio-ambiental\/cataleg\/detall\/-\/gdpmes\/l-aventura-de-l-aigua\/8425078\/11818\">L&#8217;aventura de l&#8217;aigua<\/a><\/strong>, una activitat que permet comprendre el cicle de l&#8217;aigua de forma interactiva i sensorial. L&#8217;activitat es dirigeix a infants de 4 a 7 anys i\u00a0a grups d\u2019educaci\u00f3 especial.<\/li><\/ul>\n\n\n\n<p>Per reservar una activitat del programa nom\u00e9s cal que us dirigiu a la central de reserves del programa Compartim un Futur: reserves.compartim@amb.cat, o b\u00e9 per tel\u00e8fon al 932 389 351. Com totes les nostres activitats, \u00e9s una activitat gratu\u00efta per als participants i guiada per un educador del programa.<\/p>\n","protected":false},"excerpt":{"rendered":"<p>S&#8217;acosta la fi del curs 2023-2024 i aix\u00f2 vol dir que s&#8217;inicia el per\u00edode d&#8217;activitats de lleure educatiu per excel\u00b7l\u00e8ncia: \u00e9s l&#8217;\u00e8poca dels casals d&#8217;estiu, els campus esportius, les excursions a la natura&#8230; El temps de lleure \u00e9s un espai idoni per educar i sensibilitzar sobre el medi ambient. Les activitats d&#8217;estiu permeten un acostament [&hellip;]<\/p>\n","protected":false},"author":31,"featured_media":4409,"comment_status":"closed","ping_status":"open","sticky":false,"template":"","format":"standard","meta":{"_oasis_is_in_workflow":0,"_oasis_original":0,"ngg_post_thumbnail":0},"categories":[1],"tags":[],"_links":{"self":[{"href":"https:\/\/blogs.amb.cat\/educacioambiental\/wp-json\/wp\/v2\/posts\/4408"}],"collection":[{"href":"https:\/\/blogs.amb.cat\/educacioambiental\/wp-json\/wp\/v2\/posts"}],"about":[{"href":"https:\/\/blogs.amb.cat\/educacioambiental\/wp-json\/wp\/v2\/types\/post"}],"author":[{"embeddable":true,"href":"https:\/\/blogs.amb.cat\/educacioambiental\/wp-json\/wp\/v2\/users\/31"}],"replies":[{"embeddable":true,"href":"https:\/\/blogs.amb.cat\/educacioambiental\/wp-json\/wp\/v2\/comments?post=4408"}],"version-history":[{"count":4,"href":"https:\/\/blogs.amb.cat\/educacioambiental\/wp-json\/wp\/v2\/posts\/4408\/revisions"}],"predecessor-version":[{"id":4446,"href":"https:\/\/blogs.amb.cat\/educacioambiental\/wp-json\/wp\/v2\/posts\/4408\/revisions\/4446"}],"wp:featuredmedia":[{"embeddable":true,"href":"https:\/\/blogs.amb.cat\/educacioambiental\/wp-json\/wp\/v2\/media\/4409"}],"wp:attachment":[{"href":"https:\/\/blogs.amb.cat\/educacioambiental\/wp-json\/wp\/v2\/media?parent=4408"}],"wp:term":[{"taxonomy":"category","embeddable":true,"href":"https:\/\/blogs.amb.cat\/educacioambiental\/wp-json\/wp\/v2\/categories?post=4408"},{"taxonomy":"post_tag","embeddable":true,"href":"https:\/\/blogs.amb.cat\/educacioambiental\/wp-json\/wp\/v2\/tags?post=4408"}],"curies":[{"name":"wp","href":"https:\/\/api.w.org\/{rel}","templated":true}]}}