
 







{"id":4411,"date":"2024-05-22T08:44:00","date_gmt":"2024-05-22T08:44:00","guid":{"rendered":"https:\/\/blogs.amb.cat\/educacioambiental\/?p=4411"},"modified":"2024-05-28T09:13:00","modified_gmt":"2024-05-28T09:13:00","slug":"estrenem-una-nova-eina-de-realitat-augmentada-per-coneixer-el-funcionament-dels-ecoparcs","status":"publish","type":"post","link":"https:\/\/blogs.amb.cat\/educacioambiental\/2024\/05\/22\/estrenem-una-nova-eina-de-realitat-augmentada-per-coneixer-el-funcionament-dels-ecoparcs\/","title":{"rendered":"Estrenem una nova eina de realitat augmentada per con\u00e8ixer el funcionament dels ecoparcs!"},"content":{"rendered":"\n<p>Coneixes els ecoparcs? Alguna vegada t\u2019has preguntat com s\u00f3n els processos que intervenen en la separaci\u00f3 dels residus? En aquesta publicaci\u00f3 t\u2019expliquem quina \u00e9s la funci\u00f3 d\u2019aquestes instal\u00b7lacions i quin recurs educatiu nou hi ha disponible a Compartim un Futur per entendre millor com funciona.<\/p>\n\n\n\n<h4><strong>Per qu\u00e8 s\u00f3n importants els ecoparcs?<\/strong><\/h4>\n\n\n\n<p>A l\u2019\u00e0rea metropolitana de Barcelona generem de mitjana <strong>1,2 kg de residus per habitant cada dia<\/strong>. Aix\u00f2 es tradueix en 1.490.039 tones de residus anuals que s\u2019han de gestionar. <strong>El 66,7 % dels residus<\/strong> que es generen <strong>no se separen correctament<\/strong> a les llars i acaben a la fracci\u00f3 resta (o contenidor gris).<\/p>\n\n\n\n<p>Degut a aquesta separaci\u00f3 incorrecta dels residus a les llars, el contenidor de la fracci\u00f3 resta s&#8217;envia a unes instal\u00b7lacions de tractament de residus, els ecoparcs, per tal d\u2019intentar recuperar els materials reciclables que no s\u2019han separat correctament i aix\u00ed afavorir el reciclatge d\u2019aquests materials. Tot i aix\u00f2, l\u2019efici\u00e8ncia d\u2019aquestes instal\u00b7lacions \u00e9s nom\u00e9s del 10-15 %, ja que hi arriba una gran quantitat de residus molt barrejats amb mat\u00e8ria org\u00e0nica. Per aquest motiu, \u00e9s essencial separar-los correctament a la llar.<\/p>\n\n\n\n<p>Reciclar els materials t\u00e9 molts beneficis i \u00e9s imprescindible per a un desenvolupament sostenible. Es redueixen les mat\u00e8ries primeres necess\u00e0ries i, per tant, s\u2019evita l\u2019extracci\u00f3 de recursos naturals. Tamb\u00e9 permet estalviar energia i aigua durant els processos de producci\u00f3, alhora que redueix les emissions de gasos amb efecte d\u2019hivernacle. I, a m\u00e9s, la cadena de reciclatge genera llocs de treball i teixit industrial.<\/p>\n\n\n\n<h4><strong>Un recurs educatiu nou: l\u2019aplicaci\u00f3 RA Ecoparcs<\/strong><\/h4>\n\n\n\n<p>Avui 17 de maig \u00e9s el Dia Mundial del Reciclatge i volem aprofitar per presentar-te la nova aplicaci\u00f3 de realitat augmentada de Compartim un Futur: RA Ecoparcs, ja disponible a les botigues d\u2019IOS i Android.<\/p>\n\n\n\n<div class=\"wp-block-image\"><figure class=\"aligncenter size-large\"><a href=\"https:\/\/blogs.amb.cat\/educacioambiental\/wp-content\/uploads\/sites\/2\/2024\/05\/Destacat_RA_ecoparcs.jpg\"><img width=\"400\" height=\"260\" src=\"https:\/\/blogs.amb.cat\/educacioambiental\/wp-content\/uploads\/sites\/2\/2024\/05\/Destacat_RA_ecoparcs.jpg\" alt=\"\" class=\"wp-image-4462\" srcset=\"https:\/\/blogs.amb.cat\/educacioambiental\/wp-content\/uploads\/sites\/2\/2024\/05\/Destacat_RA_ecoparcs.jpg 400w, https:\/\/blogs.amb.cat\/educacioambiental\/wp-content\/uploads\/sites\/2\/2024\/05\/Destacat_RA_ecoparcs-300x195.jpg 300w\" sizes=\"(max-width: 400px) 100vw, 400px\" \/><\/a><\/figure><\/div>\n\n\n\n<p>Aquesta aplicaci\u00f3 et permet con\u00e8ixer els processos clau de l\u2019interior d\u2019un ecoparc. En concret: el garbell rotatiu, el separador bal\u00edstic, els separadors \u00f2ptics, el separador magn\u00e8tic (electroimant), el separador inductiu (inductor de Foucault), la premsa de bales i el digestor anaer\u00f2bic.<\/p>\n\n\n\n<p>A m\u00e9s d\u2019explicar aquests processos de manera interactiva, l\u2019aplicaci\u00f3 tamb\u00e9 dona consells i explica bones pr\u00e0ctiques per reduir residus i separar correctament.<\/p>\n\n\n\n<p>L\u2019aplicaci\u00f3, dissenyada per <a href=\"https:\/\/arvision.es\/\">AR Vision<\/a>, s\u2019ha creat amb l\u2019objectiu de facilitar les visites als ecoparcs i poder observar el funcionament de tota la maquin\u00e0ria, fins i tot aquella que no es veu b\u00e9 en el circuit. Per\u00f2 tamb\u00e9 es pot utilitzar des de casa o des d\u2019on vulguis.<\/p>\n\n\n\n<p><strong>Com es pot descarregar l\u2019aplicaci\u00f3?<\/strong><\/p>\n\n\n\n<p>Per descarregar l\u2019aplicaci\u00f3 nom\u00e9s cal que vagis a la botiga del teu tel\u00e8fon m\u00f2bil i busquis en el cercador d\u2019aplicacions &#8220;RA EcoParc&#8221;. Clica-hi per descarregar-la i podr\u00e0s utilitzar-la un cop acceptis els permisos d&#8217;\u00fas.<\/p>\n\n\n\n<p>Pots descarregar-te-la aqu\u00ed: <a href=\"https:\/\/play.google.com\/store\/apps\/details?id=com.arvision.ambar\">Android<\/a> o <a href=\"https:\/\/apps.apple.com\/es\/app\/ra-ecoparc\/id6493875574\">IOS<\/a>.<\/p>\n\n\n\n<p><strong>Qu\u00e8 hi podrem aprendre?<\/strong><\/p>\n\n\n\n<p>Un cop et descarreguis l\u2019aplicaci\u00f3, hi trobar\u00e0s un tutorial on s\u2019explica com navegar per l\u2019aplicaci\u00f3. Posteriorment, veur\u00e0s una llista amb els quatre ecoparcs de l\u2019\u00e0rea metropolitana de Barcelona. Si hi entres trobar\u00e0s informaci\u00f3 sobre el funcionament i els processos de cada ecoparc.<\/p>\n\n\n\n<div class=\"wp-block-image\"><figure class=\"aligncenter\"><img src=\"https:\/\/play-lh.googleusercontent.com\/lQKkIGbx4--n8gzhdHBHbgLbwI70h6TvnILtRU9PwkY3_Nk36zpCnMvGmafgIq_73csZ=w2560-h1440-rw\" alt=\"Imatge d'una captura de pantalla 2\" \/><\/figure><\/div>\n\n\n\n<p>A continuaci\u00f3, es poden veure les diferents maquin\u00e0ries que fan el proc\u00e9s de separaci\u00f3. Si cliques sobre la maquin\u00e0ria que vols veure, tens l\u2019opci\u00f3 de poder obrir un model RA 3D (realitat augmentada) on podr\u00e0s veure l\u2019interior i el funcionament alhora que escoltes un \u00e0udio explicatiu.<\/p>\n\n\n\n<figure class=\"wp-block-image\"><img src=\"https:\/\/play-lh.googleusercontent.com\/ORbZPjxvk1eV7ChCvTD-2VzHzBU7MqucCkzYi1yUMaC_QBv3WKRtLdgVtWadMPMdNGI=w2560-h1440-rw\" alt=\"Imatge d'una captura de pantalla 3\" \/><\/figure>\n\n\n\n<figure class=\"wp-block-image\"><img src=\"https:\/\/play-lh.googleusercontent.com\/0zHMSa8Wn7TbHlLocoaz0pdfPR8iNKcewlYdR6Pz0X-Y20R3CqNMFdOYHEZETKGxN3k=w2560-h1440-rw\" alt=\"Imatge d'una captura de pantalla 4\" \/><\/figure>\n\n\n\n<p>Et convidem a entrar a l\u2019aplicaci\u00f3 i con\u00e8ixer el funcionament dels ecoparcs!<\/p>\n\n\n\n<p><\/p>\n","protected":false},"excerpt":{"rendered":"<p>Coneixes els ecoparcs? Alguna vegada t\u2019has preguntat com s\u00f3n els processos que intervenen en la separaci\u00f3 dels residus? En aquesta publicaci\u00f3 t\u2019expliquem quina \u00e9s la funci\u00f3 d\u2019aquestes instal\u00b7lacions i quin recurs educatiu nou hi ha disponible a Compartim un Futur per entendre millor com funciona. Per qu\u00e8 s\u00f3n importants els ecoparcs? A l\u2019\u00e0rea metropolitana de [&hellip;]<\/p>\n","protected":false},"author":31,"featured_media":4418,"comment_status":"closed","ping_status":"open","sticky":false,"template":"","format":"standard","meta":{"_oasis_is_in_workflow":0,"_oasis_original":0,"ngg_post_thumbnail":0},"categories":[31,35,1,37],"tags":[],"_links":{"self":[{"href":"https:\/\/blogs.amb.cat\/educacioambiental\/wp-json\/wp\/v2\/posts\/4411"}],"collection":[{"href":"https:\/\/blogs.amb.cat\/educacioambiental\/wp-json\/wp\/v2\/posts"}],"about":[{"href":"https:\/\/blogs.amb.cat\/educacioambiental\/wp-json\/wp\/v2\/types\/post"}],"author":[{"embeddable":true,"href":"https:\/\/blogs.amb.cat\/educacioambiental\/wp-json\/wp\/v2\/users\/31"}],"replies":[{"embeddable":true,"href":"https:\/\/blogs.amb.cat\/educacioambiental\/wp-json\/wp\/v2\/comments?post=4411"}],"version-history":[{"count":6,"href":"https:\/\/blogs.amb.cat\/educacioambiental\/wp-json\/wp\/v2\/posts\/4411\/revisions"}],"predecessor-version":[{"id":4463,"href":"https:\/\/blogs.amb.cat\/educacioambiental\/wp-json\/wp\/v2\/posts\/4411\/revisions\/4463"}],"wp:featuredmedia":[{"embeddable":true,"href":"https:\/\/blogs.amb.cat\/educacioambiental\/wp-json\/wp\/v2\/media\/4418"}],"wp:attachment":[{"href":"https:\/\/blogs.amb.cat\/educacioambiental\/wp-json\/wp\/v2\/media?parent=4411"}],"wp:term":[{"taxonomy":"category","embeddable":true,"href":"https:\/\/blogs.amb.cat\/educacioambiental\/wp-json\/wp\/v2\/categories?post=4411"},{"taxonomy":"post_tag","embeddable":true,"href":"https:\/\/blogs.amb.cat\/educacioambiental\/wp-json\/wp\/v2\/tags?post=4411"}],"curies":[{"name":"wp","href":"https:\/\/api.w.org\/{rel}","templated":true}]}}