
 







{"id":4426,"date":"2024-05-24T09:35:00","date_gmt":"2024-05-24T09:35:00","guid":{"rendered":"https:\/\/blogs.amb.cat\/educacioambiental\/?p=4426"},"modified":"2024-05-27T09:39:59","modified_gmt":"2024-05-27T09:39:59","slug":"limpacte-del-canvi-climatic-a-la-costa-i-al-mar","status":"publish","type":"post","link":"https:\/\/blogs.amb.cat\/educacioambiental\/2024\/05\/24\/limpacte-del-canvi-climatic-a-la-costa-i-al-mar\/","title":{"rendered":"L&#8217;impacte del canvi clim\u00e0tic a la costa i al mar"},"content":{"rendered":"\n<p>Has sentit a parlar dels impactes del canvi clim\u00e0tic en els ecosistemes marins? En aquesta publicaci\u00f3 t\u2019expliquem els efectes del canvi clim\u00e0tic a les costes catalanes.<\/p>\n\n\n\n<p>A Catalunya, en els darrers 20 anys, la temperatura mitjana ha augmentat entre <strong>1 i 2,5 \u00baC<\/strong> (<a href=\"https:\/\/www.meteo.cat\/wpweb\/climatologia\/evolucio-observada-del-clima\/evolucio-observada-de-la-temperatura\/#tempcat\">Evoluci\u00f3 de la temperatura | Meteocat<\/a>).<\/p>\n\n\n\n<p>Aquest augment de la temperatura tamb\u00e9 comporta un augment de la temperatura de l\u2019aigua del mar Mediterrani. S\u2019estima que, cada d\u00e8cada, augmenta un 0,4 %.<\/p>\n\n\n\n<h4><strong>Aparici\u00f3 de noves esp\u00e8cies invasores<\/strong><\/h4>\n\n\n\n<p>L\u2019augment de la temperatura de l\u2019aigua ha provocat l\u2019aparici\u00f3 d\u2019<strong>esp\u00e8cies invasores<\/strong> provinents de zones m\u00e9s c\u00e0lides del planeta. Com a conseq\u00fc\u00e8ncia d&#8217;aix\u00f2, la fauna aut\u00f2ctona est\u00e0 sent amena\u00e7ada i despla\u00e7ada. De fet, s\u2019han arribat a registrar <a href=\"https:\/\/www.nationalgeographic.es\/medio-ambiente\/2019\/05\/mas-de-700-especies-invasoras-amenazan-el-mediterraneo\">almenys 700 esp\u00e8cies invasores<\/a> a les nostres aig\u00fces. Una d\u2019aquestes esp\u00e8cies \u00e9s el peix escorp\u00ed (<em><em>Pterois volitans<\/em><\/em>), un peix verin\u00f3s originari de l\u2019oce\u00e0 \u00cdndic.<\/p>\n\n\n\n<figure class=\"wp-block-image size-large\"><a href=\"https:\/\/blogs.amb.cat\/educacioambiental\/wp-content\/uploads\/sites\/2\/2024\/05\/image-5.jpg\"><img width=\"827\" height=\"677\" src=\"https:\/\/blogs.amb.cat\/educacioambiental\/wp-content\/uploads\/sites\/2\/2024\/05\/image-5.jpg\" alt=\"\" class=\"wp-image-4428\" srcset=\"https:\/\/blogs.amb.cat\/educacioambiental\/wp-content\/uploads\/sites\/2\/2024\/05\/image-5.jpg 827w, https:\/\/blogs.amb.cat\/educacioambiental\/wp-content\/uploads\/sites\/2\/2024\/05\/image-5-300x246.jpg 300w, https:\/\/blogs.amb.cat\/educacioambiental\/wp-content\/uploads\/sites\/2\/2024\/05\/image-5-768x629.jpg 768w\" sizes=\"(max-width: 827px) 100vw, 827px\" \/><\/a><figcaption>Peix escorp\u00ed (<em>Pterois volitans<\/em>), una esp\u00e8cie invasora al mar Mediterrani.<br>Foto: Derek Ramsey. Font: Viquip\u00e8dia.<\/figcaption><\/figure>\n\n\n\n<p>En aquest v\u00eddeo trobar\u00e0s m\u00e9s informaci\u00f3 sobre aquest impacte en el nostre territori.<\/p>\n\n\n\n<figure class=\"wp-block-embed is-type-video is-provider-youtube wp-block-embed-youtube wp-embed-aspect-16-9 wp-has-aspect-ratio\"><div class=\"wp-block-embed__wrapper\">\n<iframe title=\"Estat Natura 2020: El canvi climatic al mar\" width=\"1170\" height=\"658\" src=\"https:\/\/www.youtube.com\/embed\/liHrIb_TSJ0?feature=oembed\" frameborder=\"0\" allow=\"accelerometer; autoplay; clipboard-write; encrypted-media; gyroscope; picture-in-picture; web-share\" referrerpolicy=\"strict-origin-when-cross-origin\" allowfullscreen><\/iframe>\n<\/div><\/figure>\n\n\n\n<h4><strong>Temporals m\u00e9s freq\u00fcents i m\u00e9s intensos<\/strong><\/h4>\n\n\n\n<p>Un altre dels efectes del canvi clim\u00e0tic \u00e9s l\u2019<strong>alteraci\u00f3 del r\u00e8gim de precipitacions<\/strong>. Tot i que els dies de precipitaci\u00f3 s\u00f3n cada cop menys freq\u00fcents a la conca mediterr\u00e0nia, quan plou ho fa de manera m\u00e9s intensa. Els temporals mar\u00edtims tenen un efecte directe sobre el litoral, ja que provoquen l\u2019erosi\u00f3 de la costa i, en conseq\u00fc\u00e8ncia, la desaparici\u00f3 de platges i diversos impactes en els elements artificials (mobiliari de platja, passeigs mar\u00edtims, etc.). Aquest \u00e9s el cas del <a href=\"https:\/\/www.amb.cat\/ca\/web\/amb\/actualitat\/sala-de-premsa\/notes-de-premsa\/detall\/-\/notapremsa\/el-cost-final-dels-danys-derivats-del-temporal-gloria-a-la-metropolis-de\/8867900\/11696\">temporal Gl\u00f2ria<\/a> (gener del 2020) i del <a href=\"https:\/\/www.amb.cat\/ca\/web\/amb\/actualitat\/sala-de-premsa\/notes-de-premsa\/detall\/-\/notapremsa\/els-temporals-de-setmana-santa-deixen-les-platges-metropolitanes-en-fragilitat\/17154666\/11696\">temporal Nelson<\/a> (abril del 2024).<\/p>\n\n\n\n<h4><strong>Acidificaci\u00f3 de l\u2019aigua<\/strong><\/h4>\n\n\n\n<p>L\u2019increment de contaminaci\u00f3 est\u00e0 causant un augment del di\u00f2xid de carboni (CO\u2082) a l&#8217;atmosfera. Els oceans, que absorbeixen aproximadament el 25 % del CO\u2082 addicional em\u00e8s cada any, juguen un paper decisiu en aquest proc\u00e9s. Aquest CO\u2082 interactua amb l&#8217;aigua del mar, en modifica la composici\u00f3 qu\u00edmica i provoca una disminuci\u00f3 del pH. El resultat d\u2019aquest fet \u00e9s l&#8217;acidificaci\u00f3 de l\u2019aigua. Des de la revoluci\u00f3 industrial, l&#8217;acidesa dels oceans ha augmentat un 30 %. Aquest fenomen \u00e9s ben conegut pel seu impacte en l&#8217;emblanquiment dels esculls de corall, associat amb la mort d&#8217;aquests organismes.<\/p>\n\n\n\n<p>Els estudis adverteixen que, si les emissions de CO\u2082 continuen al ritme actual, el pH podria disminuir encara m\u00e9s, amb greus conseq\u00fc\u00e8ncies per a la fauna marina, especialment per al desenvolupament dels coralls i altres esp\u00e8cies calcificadores. A m\u00e9s a m\u00e9s, encara es desconeixen els efectes a gran escala i a llarg termini que l&#8217;acidificaci\u00f3 tindr\u00e0 en els ecosistemes marins.<\/p>\n\n\n\n<p>Per tant, \u00e9s fonamental reduir les emissions de CO\u2082. Hem de canviar els nostres h\u00e0bits energ\u00e8tics i fomentar l&#8217;\u00fas de fonts d&#8217;energia renovable. Recorda que cada petita acci\u00f3 compta. Cada gra de sorra ens acosta a un futur m\u00e9s sostenible per als nostres oceans.<\/p>\n","protected":false},"excerpt":{"rendered":"<p>Has sentit a parlar dels impactes del canvi clim\u00e0tic en els ecosistemes marins? En aquesta publicaci\u00f3 t\u2019expliquem els efectes del canvi clim\u00e0tic a les costes catalanes. A Catalunya, en els darrers 20 anys, la temperatura mitjana ha augmentat entre 1 i 2,5 \u00baC (Evoluci\u00f3 de la temperatura | Meteocat). Aquest augment de la temperatura tamb\u00e9 [&hellip;]<\/p>\n","protected":false},"author":31,"featured_media":4429,"comment_status":"closed","ping_status":"open","sticky":false,"template":"","format":"standard","meta":{"_oasis_is_in_workflow":0,"_oasis_original":0,"ngg_post_thumbnail":0},"categories":[1],"tags":[],"_links":{"self":[{"href":"https:\/\/blogs.amb.cat\/educacioambiental\/wp-json\/wp\/v2\/posts\/4426"}],"collection":[{"href":"https:\/\/blogs.amb.cat\/educacioambiental\/wp-json\/wp\/v2\/posts"}],"about":[{"href":"https:\/\/blogs.amb.cat\/educacioambiental\/wp-json\/wp\/v2\/types\/post"}],"author":[{"embeddable":true,"href":"https:\/\/blogs.amb.cat\/educacioambiental\/wp-json\/wp\/v2\/users\/31"}],"replies":[{"embeddable":true,"href":"https:\/\/blogs.amb.cat\/educacioambiental\/wp-json\/wp\/v2\/comments?post=4426"}],"version-history":[{"count":4,"href":"https:\/\/blogs.amb.cat\/educacioambiental\/wp-json\/wp\/v2\/posts\/4426\/revisions"}],"predecessor-version":[{"id":4448,"href":"https:\/\/blogs.amb.cat\/educacioambiental\/wp-json\/wp\/v2\/posts\/4426\/revisions\/4448"}],"wp:featuredmedia":[{"embeddable":true,"href":"https:\/\/blogs.amb.cat\/educacioambiental\/wp-json\/wp\/v2\/media\/4429"}],"wp:attachment":[{"href":"https:\/\/blogs.amb.cat\/educacioambiental\/wp-json\/wp\/v2\/media?parent=4426"}],"wp:term":[{"taxonomy":"category","embeddable":true,"href":"https:\/\/blogs.amb.cat\/educacioambiental\/wp-json\/wp\/v2\/categories?post=4426"},{"taxonomy":"post_tag","embeddable":true,"href":"https:\/\/blogs.amb.cat\/educacioambiental\/wp-json\/wp\/v2\/tags?post=4426"}],"curies":[{"name":"wp","href":"https:\/\/api.w.org\/{rel}","templated":true}]}}