
 







{"id":4433,"date":"2024-05-24T09:46:00","date_gmt":"2024-05-24T09:46:00","guid":{"rendered":"https:\/\/blogs.amb.cat\/educacioambiental\/?p=4433"},"modified":"2024-05-27T10:25:07","modified_gmt":"2024-05-27T10:25:07","slug":"els-vigilants-de-laire-de-lie-elisabets","status":"publish","type":"post","link":"https:\/\/blogs.amb.cat\/educacioambiental\/2024\/05\/24\/els-vigilants-de-laire-de-lie-elisabets\/","title":{"rendered":"Els vigilants de l&#8217;aire a l&#8217;IE Elisabets"},"content":{"rendered":"\n<p>Aquest curs, els alumnes de 2n d\u2019ESO de l\u2019Institut Escola Elisabets de Barcelona han participat en el projecte d\u2019aprenentatge servei Els vigilants de l\u2019aire del programa Compartim un Futur de l\u2019AMB. Avui us explicarem qu\u00e8 han apr\u00e8s i el seu servei comunitari.<\/p>\n\n\n\n<h4><strong>L\u2019IE Elisabets, vigilants de l\u2019aire<\/strong><\/h4>\n\n\n\n<p>L\u2019Institut Escola Elisabets \u00e9s un centre educatiu del barri del Raval de Barcelona, situat molt a prop del MACBA. Al segon trimestre d\u2019aquest curs 2023-2024, l\u2019alumnat de 2n d\u2019ESO ha desenvolupat el projecte d\u2019APS Els vigilants de l\u2019aire, amb el qual mostren els coneixements adquirits sobre la contaminaci\u00f3 atmosf\u00e8rica amb el seu servei a la comunitat.<\/p>\n\n\n\n<p>L\u2019aprenentatge sobre la contaminaci\u00f3 atmosf\u00e8rica ha fet que l&#8217;alumnat conegui:<\/p>\n\n\n\n<ul><li>Els principals contaminants de l\u2019aire i les seves fonts d\u2019emissi\u00f3 i immissi\u00f3.<\/li><li>Les conseq\u00fc\u00e8ncies que t\u00e9 aquesta contaminaci\u00f3 en la salut de les persones i el medi ambient.<\/li><li>Les bones pr\u00e0ctiques que podem incorporar al nostre dia a dia per reduir els nivells de contaminaci\u00f3 atmosf\u00e8rica.<\/li><\/ul>\n\n\n\n<h4><strong>MACBETS: qu\u00e8 farem?<\/strong><\/h4>\n\n\n\n<p>En col\u00b7laboraci\u00f3 amb el MACBA, amb el nom de projecte MACBETS, els alumnes treballen en diversos eixos que han tractat al llarg del curs, un dels quals \u00e9s la contaminaci\u00f3 atmosf\u00e8rica i l\u2019impacte ambiental que comporta.<\/p>\n\n\n\n<p>Partint del mural &#8220;Tots junts podem parar la sida&#8221;, de Keith Haring, es tracten temes com la pand\u00e8mia per la covid i la invisibilitzaci\u00f3 de malalties com la sida, entre d\u2019altres, incloent la contaminaci\u00f3 atmosf\u00e8rica ambiental, que l\u2019alumnat ha descobert i ha apr\u00e8s aquest curs. El projecte es basa en l\u2019expressi\u00f3 art\u00edstica, aix\u00ed que es far\u00e0 un mapa conceptual que unir\u00e0 tot aquest aprenentatge.<\/p>\n\n\n\n<h4><strong>El servei comunitari <\/strong><\/h4>\n\n\n\n<p>El servei comunitari del centre es divideix en tres eixos:<\/p>\n\n\n\n<ul><li>Un mural vegetal fet al petit hort de l&#8217;escola amb diverses flors i plantes. Aquest mural t\u00e9 l&#8217;objectiu de donar import\u00e0ncia a la vegetaci\u00f3 sana, que mant\u00e9 l&#8217;aire net de contaminaci\u00f3 atmosf\u00e8rica, i est\u00e0 de manera permanent al pati de l&#8217;escola.<\/li><li>Un mapa conceptual que lliga tot l\u2019aprenentatge adquirit per l\u2019alumnat durant el curs i en conson\u00e0ncia amb el MACBA, en qu\u00e8 s\u2019exposa la contaminaci\u00f3 atmosf\u00e8rica com una problem\u00e0tica ambiental i les accions que podem fer en el nostre dia a dia per disminuir-la.<\/li><li>Una proposta de transformaci\u00f3 del pati dels Tarongers, que es troba a les portes del centre, que pret\u00e9n convertir el pati en un espai m\u00e9s verd amb la renovaci\u00f3 de la vida vegetal de l\u2019espai i noves propostes.<\/li><\/ul>\n\n\n\n<p>No us perdeu l&#8217;oportunitat d&#8217;esbrinar tots els detalls del projecte MACBETS. Si voleu saber-ne m\u00e9s, aviat estar\u00e0 disponible la fitxa del projecte en el web de Compartim un Futur (<a href=\"https:\/\/www.amb.cat\/web\/medi-ambient\/sostenibilitat\/educacio-ambiental\/aps\">apartat sobre els APS<\/a>).<\/p>\n\n\n\n<p>I si sou un centre educatiu i tamb\u00e9 voleu participar en aquest APS per millorar la qualitat de l\u2019aire de l\u2019entorn, escriviu-nos a <a href=\"mailto:assessoria.compartim@amb.cat\">assessoria.compartim@amb.cat<\/a> o b\u00e9 ompliu <a href=\"https:\/\/www.amb.cat\/s\/web\/medi-ambient\/sostenibilitat\/educacio-ambiental\/aps.html\">aquest formulari<\/a>.&nbsp;<\/p>\n\n\n\n<p><strong>ENLLA\u00c7OS RELACIONATS<\/strong><\/p>\n\n\n\n<p><a href=\"https:\/\/www.amb.cat\/ca\/web\/medi-ambient\/sostenibilitat\/educacio-ambiental\/aps\/oferta-projectes.\">Oferta de projectes APS<\/a><\/p>\n\n\n\n<p><a href=\"https:\/\/www.macba.cat\/ca\/aprendre-investigar\/recerca-xarxes\/apadrina-el-teu-equipament\">Apadrina el teu equipament (MACBA)<\/a><\/p>\n\n\n\n<figure class=\"wp-block-image size-large\"><a href=\"https:\/\/blogs.amb.cat\/educacioambiental\/wp-content\/uploads\/sites\/2\/2024\/05\/image-5-2.jpg\"><img width=\"679\" height=\"854\" src=\"https:\/\/blogs.amb.cat\/educacioambiental\/wp-content\/uploads\/sites\/2\/2024\/05\/image-5-2.jpg\" alt=\"\" class=\"wp-image-4435\" srcset=\"https:\/\/blogs.amb.cat\/educacioambiental\/wp-content\/uploads\/sites\/2\/2024\/05\/image-5-2.jpg 679w, https:\/\/blogs.amb.cat\/educacioambiental\/wp-content\/uploads\/sites\/2\/2024\/05\/image-5-2-239x300.jpg 239w\" sizes=\"(max-width: 679px) 100vw, 679px\" \/><\/a><\/figure>\n\n\n\n<figure class=\"wp-block-image size-large\"><a href=\"https:\/\/blogs.amb.cat\/educacioambiental\/wp-content\/uploads\/sites\/2\/2024\/05\/image-5-3.jpg\"><img width=\"676\" height=\"849\" src=\"https:\/\/blogs.amb.cat\/educacioambiental\/wp-content\/uploads\/sites\/2\/2024\/05\/image-5-3.jpg\" alt=\"\" class=\"wp-image-4436\" srcset=\"https:\/\/blogs.amb.cat\/educacioambiental\/wp-content\/uploads\/sites\/2\/2024\/05\/image-5-3.jpg 676w, https:\/\/blogs.amb.cat\/educacioambiental\/wp-content\/uploads\/sites\/2\/2024\/05\/image-5-3-239x300.jpg 239w\" sizes=\"(max-width: 676px) 100vw, 676px\" \/><\/a><\/figure>\n\n\n\n<figure class=\"wp-block-image size-large\"><a href=\"https:\/\/blogs.amb.cat\/educacioambiental\/wp-content\/uploads\/sites\/2\/2024\/05\/image-5-4.jpg\"><img width=\"682\" height=\"854\" src=\"https:\/\/blogs.amb.cat\/educacioambiental\/wp-content\/uploads\/sites\/2\/2024\/05\/image-5-4.jpg\" alt=\"\" class=\"wp-image-4437\" srcset=\"https:\/\/blogs.amb.cat\/educacioambiental\/wp-content\/uploads\/sites\/2\/2024\/05\/image-5-4.jpg 682w, https:\/\/blogs.amb.cat\/educacioambiental\/wp-content\/uploads\/sites\/2\/2024\/05\/image-5-4-240x300.jpg 240w\" sizes=\"(max-width: 682px) 100vw, 682px\" \/><\/a><\/figure>\n\n\n\n<figure class=\"wp-block-image size-large\"><a href=\"https:\/\/blogs.amb.cat\/educacioambiental\/wp-content\/uploads\/sites\/2\/2024\/05\/image-5-5.jpg\"><img width=\"642\" height=\"849\" src=\"https:\/\/blogs.amb.cat\/educacioambiental\/wp-content\/uploads\/sites\/2\/2024\/05\/image-5-5.jpg\" alt=\"\" class=\"wp-image-4440\" srcset=\"https:\/\/blogs.amb.cat\/educacioambiental\/wp-content\/uploads\/sites\/2\/2024\/05\/image-5-5.jpg 642w, https:\/\/blogs.amb.cat\/educacioambiental\/wp-content\/uploads\/sites\/2\/2024\/05\/image-5-5-227x300.jpg 227w\" sizes=\"(max-width: 642px) 100vw, 642px\" \/><\/a><\/figure>\n\n\n\n<figure class=\"wp-block-image size-large\"><a href=\"https:\/\/blogs.amb.cat\/educacioambiental\/wp-content\/uploads\/sites\/2\/2024\/05\/image-5-6.jpg\"><img width=\"679\" height=\"853\" src=\"https:\/\/blogs.amb.cat\/educacioambiental\/wp-content\/uploads\/sites\/2\/2024\/05\/image-5-6.jpg\" alt=\"\" class=\"wp-image-4441\" srcset=\"https:\/\/blogs.amb.cat\/educacioambiental\/wp-content\/uploads\/sites\/2\/2024\/05\/image-5-6.jpg 679w, https:\/\/blogs.amb.cat\/educacioambiental\/wp-content\/uploads\/sites\/2\/2024\/05\/image-5-6-239x300.jpg 239w\" sizes=\"(max-width: 679px) 100vw, 679px\" \/><\/a><\/figure>\n","protected":false},"excerpt":{"rendered":"<p>Aquest curs, els alumnes de 2n d\u2019ESO de l\u2019Institut Escola Elisabets de Barcelona han participat en el projecte d\u2019aprenentatge servei Els vigilants de l\u2019aire del programa Compartim un Futur de l\u2019AMB. Avui us explicarem qu\u00e8 han apr\u00e8s i el seu servei comunitari. L\u2019IE Elisabets, vigilants de l\u2019aire L\u2019Institut Escola Elisabets \u00e9s un centre educatiu del [&hellip;]<\/p>\n","protected":false},"author":31,"featured_media":4438,"comment_status":"closed","ping_status":"open","sticky":false,"template":"","format":"standard","meta":{"_oasis_is_in_workflow":0,"_oasis_original":0,"ngg_post_thumbnail":0},"categories":[1],"tags":[],"_links":{"self":[{"href":"https:\/\/blogs.amb.cat\/educacioambiental\/wp-json\/wp\/v2\/posts\/4433"}],"collection":[{"href":"https:\/\/blogs.amb.cat\/educacioambiental\/wp-json\/wp\/v2\/posts"}],"about":[{"href":"https:\/\/blogs.amb.cat\/educacioambiental\/wp-json\/wp\/v2\/types\/post"}],"author":[{"embeddable":true,"href":"https:\/\/blogs.amb.cat\/educacioambiental\/wp-json\/wp\/v2\/users\/31"}],"replies":[{"embeddable":true,"href":"https:\/\/blogs.amb.cat\/educacioambiental\/wp-json\/wp\/v2\/comments?post=4433"}],"version-history":[{"count":5,"href":"https:\/\/blogs.amb.cat\/educacioambiental\/wp-json\/wp\/v2\/posts\/4433\/revisions"}],"predecessor-version":[{"id":4454,"href":"https:\/\/blogs.amb.cat\/educacioambiental\/wp-json\/wp\/v2\/posts\/4433\/revisions\/4454"}],"wp:featuredmedia":[{"embeddable":true,"href":"https:\/\/blogs.amb.cat\/educacioambiental\/wp-json\/wp\/v2\/media\/4438"}],"wp:attachment":[{"href":"https:\/\/blogs.amb.cat\/educacioambiental\/wp-json\/wp\/v2\/media?parent=4433"}],"wp:term":[{"taxonomy":"category","embeddable":true,"href":"https:\/\/blogs.amb.cat\/educacioambiental\/wp-json\/wp\/v2\/categories?post=4433"},{"taxonomy":"post_tag","embeddable":true,"href":"https:\/\/blogs.amb.cat\/educacioambiental\/wp-json\/wp\/v2\/tags?post=4433"}],"curies":[{"name":"wp","href":"https:\/\/api.w.org\/{rel}","templated":true}]}}