
 







{"id":4455,"date":"2024-05-28T07:15:00","date_gmt":"2024-05-28T07:15:00","guid":{"rendered":"https:\/\/blogs.amb.cat\/educacioambiental\/?p=4455"},"modified":"2024-06-04T09:00:35","modified_gmt":"2024-06-04T09:00:35","slug":"que-es-el-rewilding","status":"publish","type":"post","link":"https:\/\/blogs.amb.cat\/educacioambiental\/2024\/05\/28\/que-es-el-rewilding\/","title":{"rendered":"Qu\u00e8 \u00e9s el \u00abrewilding\u00bb?"},"content":{"rendered":"\n<p>Has sentit a parlar del <em>rewilding<\/em>? En catal\u00e0 en diem <em>renaturalitzaci\u00f3 <\/em>o <em>resilvestraci\u00f3<\/em>, i en aquesta entrada t\u2019expliquem en qu\u00e8 consisteix!<\/p>\n\n\n\n<h4>Qu\u00e8 \u00e9s la renaturalitzaci\u00f3 i quins beneficis aporta?<\/h4>\n\n\n\n<p>Davant dels impactes socioambientals que han emergit a Europa en les darreres d\u00e8cades, com ara el canvi clim\u00e0tic o la p\u00e8rdua de biodiversitat, ha sorgit un <strong>moviment a favor de la conservaci\u00f3, protecci\u00f3 i restauraci\u00f3 dels ecosistemes<\/strong>.<\/p>\n\n\n\n<p>La renaturalitzaci\u00f3 <strong>fomenta la recuperaci\u00f3 d&#8217;ecosistemes naturals que s&#8217;han degradat<\/strong> a causa de la intervenci\u00f3 humana, amb l&#8217;objectiu d&#8217;<strong>augmentar la biodiversitat i restablir els processos naturals<\/strong> propis d&#8217;aquests h\u00e0bitats.<\/p>\n\n\n\n<p>Ara b\u00e9, els projectes de renaturalitzaci\u00f3 van m\u00e9s enll\u00e0 de la restauraci\u00f3 d&#8217;h\u00e0bitats i la reintroducci\u00f3 d\u2019esp\u00e8cies, ja que <strong>se centren a identificar els processos ecol\u00f2gics i les interaccions que s\u2019han perdut<\/strong>. Un cop identificats, se seleccionen i es reintrodueixen les esp\u00e8cies adequades per tal de restaurar les funcions ecosist\u00e8miques perdudes.<\/p>\n\n\n\n<p>Els projectes de renaturalitzaci\u00f3 es poden dur a terme <strong>tant en espais naturals com en \u00e0rees urbanes<\/strong>, amb l\u2019objectiu de <strong>reintroduir certes esp\u00e8cies clau a l\u2019ecosistema<\/strong>. Cada vegada s\u00f3n m\u00e9s les ciutats que se sumen a aquestes actuacions amb l\u2019objectiu de retornar alguns espais verds de les ciutats a un estat m\u00e9s natural.<\/p>\n\n\n\n<p>A m\u00e9s, tamb\u00e9 tenen un efecte molt positiu en les persones. La millora de la biodiversitat proveeix de serveis ecosist\u00e8mics la <strong>gent que viu en \u00e0rees densament poblades<\/strong>, amb unes casu\u00edstiques econ\u00f2miques i socials determinades, i promou la <strong>igualtat d\u2019oportunitats de mantenir contacte amb la natura<\/strong>, que d&#8217;una altra manera no seria possible. Per tant, la renaturalitzaci\u00f3 dona un valor afegit als espais de natura urbans, ja que <strong>afavoreix els vincles de les persones amb la natura.<\/strong><\/p>\n\n\n\n<h4>Projectes de renaturalitzaci\u00f3<\/h4>\n\n\n\n<p>L\u2019AMB ha impulsat diferents projectes de renaturalitzaci\u00f3 amb l\u2019objectiu de <strong>donar refugi a la fauna urbana<\/strong> del territori metropolit\u00e0.<\/p>\n\n\n\n<p>Un d&#8217;aquests projectes consisteix a <strong><a href=\"https:\/\/www.amb.cat\/web\/territori\/projectes-oberts\/detall\/-\/projecteobert\/naturalitzacio-de-basses-i-estanys\/6614935\/11656\" data-type=\"URL\" data-id=\"https:\/\/www.amb.cat\/web\/territori\/projectes-oberts\/detall\/-\/projecteobert\/naturalitzacio-de-basses-i-estanys\/6614935\/11656\">renaturalitzar les basses dels parcs metropolitans<\/a><\/strong>. Aquestes accions impliquen la restauraci\u00f3 o millora dels espais aqu\u00e0tics: hi fomenten la biodiversitat i proporcionen h\u00e0bitats per a la fauna local, incloent-hi poblacions d&#8217;amfibis que sovint s\u00f3n escasses en les zones urbanes. Les iniciatives es basen en la creaci\u00f3 de zones humides, la plantaci\u00f3 de vegetaci\u00f3 aut\u00f2ctona al voltant de les basses i l&#8217;aplicaci\u00f3 de pr\u00e0ctiques de gesti\u00f3 sostenible de l&#8217;aigua.<\/p>\n\n\n\n<div class=\"wp-block-image\"><figure class=\"aligncenter size-large\"><a href=\"https:\/\/blogs.amb.cat\/educacioambiental\/wp-content\/uploads\/sites\/2\/2024\/05\/image-5-7.jpg\"><img width=\"436\" height=\"327\" src=\"https:\/\/blogs.amb.cat\/educacioambiental\/wp-content\/uploads\/sites\/2\/2024\/05\/image-5-7.jpg\" alt=\"\" class=\"wp-image-4456\" srcset=\"https:\/\/blogs.amb.cat\/educacioambiental\/wp-content\/uploads\/sites\/2\/2024\/05\/image-5-7.jpg 436w, https:\/\/blogs.amb.cat\/educacioambiental\/wp-content\/uploads\/sites\/2\/2024\/05\/image-5-7-300x225.jpg 300w\" sizes=\"(max-width: 436px) 100vw, 436px\" \/><\/a><figcaption>Implantaci\u00f3 d\u2019illes flotants a una font ornamental del parc Nou (el Prat de Llobregat). Font: AMB.<\/figcaption><\/figure><\/div>\n\n\n\n<p>Un altre exemple a l\u2019\u00e0rea metropolitana de Barcelona \u00e9s la <a href=\"https:\/\/www.amb.cat\/web\/amb\/actualitat\/sala-de-premsa\/notes-de-premsa\/detall\/-\/notapremsa\/obre-les-portes-el-nou-refugi-de-biodiversitat-del-riu-besos-a-santa-coloma\/14818910\/11696\" data-type=\"URL\" data-id=\"https:\/\/www.amb.cat\/web\/amb\/actualitat\/sala-de-premsa\/notes-de-premsa\/detall\/-\/notapremsa\/obre-les-portes-el-nou-refugi-de-biodiversitat-del-riu-besos-a-santa-coloma\/14818910\/11696\"><strong>renaturalitzaci\u00f3 del riu Bes\u00f2s<\/strong>.<\/a> El projecte t\u00e9 com a objectiu millorar la qualitat ambiental de l&#8217;espai fluvial i permet ampliar la biodiversitat de flora i fauna presents en el riu i la seva llera.<\/p>\n\n\n\n<figure class=\"wp-block-image size-large\"><a href=\"https:\/\/blogs.amb.cat\/educacioambiental\/wp-content\/uploads\/sites\/2\/2024\/05\/image-5-9.jpg\"><img width=\"1024\" height=\"665\" src=\"https:\/\/blogs.amb.cat\/educacioambiental\/wp-content\/uploads\/sites\/2\/2024\/05\/image-5-9-1024x665.jpg\" alt=\"\" class=\"wp-image-4458\" srcset=\"https:\/\/blogs.amb.cat\/educacioambiental\/wp-content\/uploads\/sites\/2\/2024\/05\/image-5-9-1024x665.jpg 1024w, https:\/\/blogs.amb.cat\/educacioambiental\/wp-content\/uploads\/sites\/2\/2024\/05\/image-5-9-300x195.jpg 300w, https:\/\/blogs.amb.cat\/educacioambiental\/wp-content\/uploads\/sites\/2\/2024\/05\/image-5-9-768x499.jpg 768w, https:\/\/blogs.amb.cat\/educacioambiental\/wp-content\/uploads\/sites\/2\/2024\/05\/image-5-9.jpg 1152w\" sizes=\"(max-width: 1024px) 100vw, 1024px\" \/><\/a><figcaption>Renaturalitzaci\u00f3 del riu Bes\u00f2s a Santa Coloma de Gramenet. Font: AMB.<\/figcaption><\/figure>\n\n\n\n<p>Aquesta estrat\u00e8gia pret\u00e9n augmentar la resili\u00e8ncia enfront dels impactes del canvi clim\u00e0tic, i inclou alliberar els ecosistemes de la pressi\u00f3 humana perqu\u00e8 tendeixin a autoregular-se i a funcionar de manera natural. Aquest canvi de paradigma pret\u00e9n deixar que la natura tingui cura de si mateixa, i permet que els processos naturals reparin i restaurin els paisatges degradats per l&#8217;acci\u00f3 humana.<\/p>\n\n\n\n<p>A la pen\u00ednsula Ib\u00e8rica, s&#8217;han iniciat diversos projectes de renaturalitzaci\u00f3, com per exemple el que es desenvolupa al <strong>Sistema Ib\u00e8ric sud<\/strong>, una cadena muntanyosa que abasta les comunitats aut\u00f2nomes de Castella-la Manxa i Arag\u00f3. A m\u00e9s, s&#8217;han posat en marxa <strong>iniciatives de reintroducci\u00f3 d&#8217;esp\u00e8cies<\/strong>, com ara el linx ib\u00e8ric (<em>Lynx pardinus<\/em>) o el voltor negre (<em>Aegypius monachus<\/em>). La reintroducci\u00f3 d&#8217;aquests depredadors t\u00e9 com a objectiu principal restaurar la xarxa tr\u00f2fica de l&#8217;ecosistema.<\/p>\n\n\n\n<p>Ara que has apr\u00e8s sobre el <em>rewilding<\/em> i coneixes m\u00e9s sobre els projectes de renaturalitzaci\u00f3, si vols descobrir m\u00e9s iniciatives, pots consultar el seg\u00fcent web: <\/p>\n\n\n\n<p><a href=\"https:\/\/xcn.cat\/que-fem\/per-que-conservar-la-natura\/\">https:\/\/xcn.cat\/que-fem\/per-que-conservar-la-natura\/<\/a><\/p>\n","protected":false},"excerpt":{"rendered":"<p>Has sentit a parlar del rewilding? En catal\u00e0 en diem renaturalitzaci\u00f3 o resilvestraci\u00f3, i en aquesta entrada t\u2019expliquem en qu\u00e8 consisteix! Qu\u00e8 \u00e9s la renaturalitzaci\u00f3 i quins beneficis aporta? Davant dels impactes socioambientals que han emergit a Europa en les darreres d\u00e8cades, com ara el canvi clim\u00e0tic o la p\u00e8rdua de biodiversitat, ha sorgit un [&hellip;]<\/p>\n","protected":false},"author":31,"featured_media":4459,"comment_status":"closed","ping_status":"open","sticky":false,"template":"","format":"standard","meta":{"_oasis_is_in_workflow":0,"_oasis_original":0,"ngg_post_thumbnail":0},"categories":[1],"tags":[],"_links":{"self":[{"href":"https:\/\/blogs.amb.cat\/educacioambiental\/wp-json\/wp\/v2\/posts\/4455"}],"collection":[{"href":"https:\/\/blogs.amb.cat\/educacioambiental\/wp-json\/wp\/v2\/posts"}],"about":[{"href":"https:\/\/blogs.amb.cat\/educacioambiental\/wp-json\/wp\/v2\/types\/post"}],"author":[{"embeddable":true,"href":"https:\/\/blogs.amb.cat\/educacioambiental\/wp-json\/wp\/v2\/users\/31"}],"replies":[{"embeddable":true,"href":"https:\/\/blogs.amb.cat\/educacioambiental\/wp-json\/wp\/v2\/comments?post=4455"}],"version-history":[{"count":6,"href":"https:\/\/blogs.amb.cat\/educacioambiental\/wp-json\/wp\/v2\/posts\/4455\/revisions"}],"predecessor-version":[{"id":4492,"href":"https:\/\/blogs.amb.cat\/educacioambiental\/wp-json\/wp\/v2\/posts\/4455\/revisions\/4492"}],"wp:featuredmedia":[{"embeddable":true,"href":"https:\/\/blogs.amb.cat\/educacioambiental\/wp-json\/wp\/v2\/media\/4459"}],"wp:attachment":[{"href":"https:\/\/blogs.amb.cat\/educacioambiental\/wp-json\/wp\/v2\/media?parent=4455"}],"wp:term":[{"taxonomy":"category","embeddable":true,"href":"https:\/\/blogs.amb.cat\/educacioambiental\/wp-json\/wp\/v2\/categories?post=4455"},{"taxonomy":"post_tag","embeddable":true,"href":"https:\/\/blogs.amb.cat\/educacioambiental\/wp-json\/wp\/v2\/tags?post=4455"}],"curies":[{"name":"wp","href":"https:\/\/api.w.org\/{rel}","templated":true}]}}