
 







{"id":4470,"date":"2024-06-03T15:47:00","date_gmt":"2024-06-03T15:47:00","guid":{"rendered":"https:\/\/blogs.amb.cat\/educacioambiental\/?p=4470"},"modified":"2024-07-24T11:41:55","modified_gmt":"2024-07-24T11:41:55","slug":"iniciem-la-campanya-de-refugis-climatics-2024","status":"publish","type":"post","link":"https:\/\/blogs.amb.cat\/educacioambiental\/2024\/06\/03\/iniciem-la-campanya-de-refugis-climatics-2024\/","title":{"rendered":"Iniciem la campanya de refugis clim\u00e0tics 2024!"},"content":{"rendered":"\n<p>Enguany, la xarxa metropolitana de refugis clim\u00e0tics (<a href=\"https:\/\/www.amb.cat\/web\/medi-ambient\/sostenibilitat\/canvi-climatic\/refugi-climatic\">XMRC<\/a>) ha experimentat un creixement exponencial respecte a anys anteriors, afavorida per la feina feta des del 2021. La conscienciaci\u00f3 de la ciutadania i la gesti\u00f3 de l\u2019AMB han fet possible que el 2024 hi hagi <strong>24 municipis adherits o en vies d\u2019adhesi\u00f3 a la xarxa, amb 186 refugis<\/strong>, per ajudar a pal\u00b7liar les altes temperatures i els efectes de la sequera.<\/p>\n\n\n\n<figure class=\"wp-block-embed is-type-wp-embed is-provider-datawrapper wp-block-embed-datawrapper\"><div class=\"wp-block-embed__wrapper\">\n<iframe class=\"wp-embedded-content\" sandbox=\"allow-scripts\" security=\"restricted\" title=\"Evoluci\u00f3 del nombre de refugis clim\u00e0tics\" src=\"https:\/\/datawrapper.dwcdn.net\/WyqsN\/1\/#?secret=SXEF6zmAqv\" data-secret=\"SXEF6zmAqv\" scrolling=\"no\" frameborder=\"0\" height=\"480\"><\/iframe>\n<\/div><\/figure>\n\n\n\n<p>Les novetats en el tipus d\u2019espais han estat les\u00a0<strong>piscines municipals, els museus i els mercats<\/strong>. Actualment, el 76 % de la poblaci\u00f3 metropolitana i el 83 % de la poblaci\u00f3 vulnerable d&#8217;aquests municipis disposa d\u2019un espai de refugi a 10 minuts caminant de casa seva.<\/p>\n\n\n\n<figure class=\"wp-block-embed is-type-wp-embed is-provider-datawrapper wp-block-embed-datawrapper\"><div class=\"wp-block-embed__wrapper\">\n<iframe class=\"wp-embedded-content\" sandbox=\"allow-scripts\" security=\"restricted\" title=\"% de poblaci\u00f3 a 10 minuts caminant\" src=\"https:\/\/datawrapper.dwcdn.net\/3h4xU\/3\/#?secret=6R2jjs4m47\" data-secret=\"6R2jjs4m47\" scrolling=\"no\" frameborder=\"0\" height=\"224\"><\/iframe>\n<\/div><\/figure>\n\n\n\n<p>Els refugis <strong>s\u00f3n espais de proximitat exteriors<\/strong> (parcs i piscines) o b\u00e9 <strong>interiors <\/strong>(museus, mercats, biblioteques, centres c\u00edvics, casals de gent gran, espais esportius i ajuntaments). Han de ser <strong>accessibles i <\/strong>proporcionar<strong> confort t\u00e8rmic i descans. S&#8217;han de trobar a un m\u00e0xim de 10 minuts caminant<\/strong> de qualsevol llar. La poblaci\u00f3&nbsp;vulnerable, identificada mitjan\u00e7ant els diferents intervals de l\u2019<a href=\"https:\/\/www.amb.cat\/web\/medi-ambient\/actualitat\/publicacions\/detall\/-\/publicacio\/la-calor-en-un-futur--index-de-vulnerabilitat-al-canvi-climatic--ivac-\/15192912\/11818\">IVAC<\/a> (\u00edndex de vulnerabilitat al canvi clim\u00e0tic), tindr\u00e0 garantida la ubicaci\u00f3 d\u2019un refugi clim\u00e0tic dins el seu municipi quan es produeixin onades de calor.<\/p>\n\n\n\n<p>&nbsp;Els espais que es consideren refugi clim\u00e0tic <strong>estan identificats <\/strong>amb uns senyals identificatius concrets.<\/p>\n\n\n\n<figure class=\"wp-block-image size-large\"><a href=\"https:\/\/blogs.amb.cat\/educacioambiental\/wp-content\/uploads\/sites\/2\/2024\/06\/Montcada_BibliotecaElisenda_3563.jpg\"><img width=\"800\" height=\"533\" src=\"https:\/\/blogs.amb.cat\/educacioambiental\/wp-content\/uploads\/sites\/2\/2024\/06\/Montcada_BibliotecaElisenda_3563.jpg\" alt=\"\" class=\"wp-image-4472\" srcset=\"https:\/\/blogs.amb.cat\/educacioambiental\/wp-content\/uploads\/sites\/2\/2024\/06\/Montcada_BibliotecaElisenda_3563.jpg 800w, https:\/\/blogs.amb.cat\/educacioambiental\/wp-content\/uploads\/sites\/2\/2024\/06\/Montcada_BibliotecaElisenda_3563-300x200.jpg 300w, https:\/\/blogs.amb.cat\/educacioambiental\/wp-content\/uploads\/sites\/2\/2024\/06\/Montcada_BibliotecaElisenda_3563-768x512.jpg 768w\" sizes=\"(max-width: 800px) 100vw, 800px\" \/><\/a><figcaption>Entrada a la biblioteca Elisenda de Montcada i Reixac, habilitada com a espai accessible que proporciona confort t\u00e8rmic, descans i seguretat davant d&#8217;episodis meteorol\u00f2gics extrems, com les onades de calor.<\/figcaption><\/figure>\n\n\n\n<figure class=\"wp-block-image size-large\"><a href=\"https:\/\/blogs.amb.cat\/educacioambiental\/wp-content\/uploads\/sites\/2\/2024\/06\/Badia_Balears_3671.jpg\"><img width=\"800\" height=\"533\" src=\"https:\/\/blogs.amb.cat\/educacioambiental\/wp-content\/uploads\/sites\/2\/2024\/06\/Badia_Balears_3671.jpg\" alt=\"\" class=\"wp-image-4473\" srcset=\"https:\/\/blogs.amb.cat\/educacioambiental\/wp-content\/uploads\/sites\/2\/2024\/06\/Badia_Balears_3671.jpg 800w, https:\/\/blogs.amb.cat\/educacioambiental\/wp-content\/uploads\/sites\/2\/2024\/06\/Badia_Balears_3671-300x200.jpg 300w, https:\/\/blogs.amb.cat\/educacioambiental\/wp-content\/uploads\/sites\/2\/2024\/06\/Badia_Balears_3671-768x512.jpg 768w\" sizes=\"(max-width: 800px) 100vw, 800px\" \/><\/a><figcaption>Parc de les Illes Balears de Badia del Vall\u00e8s, habilitat com a espai accessible que proporciona confort t\u00e8rmic, descans i seguretat davant d&#8217;episodis meteorol\u00f2gics extrems, com les onades de calor.<\/figcaption><\/figure>\n\n\n\n<p>Pel que fa als refugis exteriors, disposen d\u2019un cartell a l\u2019entrada del parc i d&#8217;un altre a la zona habilitada a dins. Les piscines tenen un cartell a la fa\u00e7ana de l\u2019equipament. Pel que fa als refugis interiors, hi ha un cartell a la fa\u00e7ana de l\u2019equipament i a l\u2019espai que compleix la funci\u00f3 concreta dins de l\u2019edifici. <strong>Els equipaments exteriors i interiors conviuen amb els diferents usos habituals. &nbsp;<\/strong><\/p>\n\n\n\n<h4><strong>La campanya comunicativa durant l\u2019estiu 2024<\/strong><\/h4>\n\n\n\n<p>Els refugis clim\u00e0tics disposaran de tr\u00edptics en paper, en els quals&nbsp;s\u2019indicaran els refugis de cada municipi, i en els diferents barris es penjaran cartells informatius. Tamb\u00e9 es podran consultar tots els espais de l\u2019\u00e0rea metropolitana que formen part de la<a href=\"https:\/\/www.amb.cat\/web\/medi-ambient\/sostenibilitat\/canvi-climatic\/refugi-climatic\"> XMRC<\/a> al web de l\u2019AMB. Els refugis clim\u00e0tics tamb\u00e9 tenen una funci\u00f3 pedag\u00f2gica significativa, ja que hi ha la possibilitat de fer-hi xerrades ecosocials, com per exemple les que tenen lloc amb la col\u00b7laboraci\u00f3 del Servei de Teleassist\u00e8ncia de la Diputaci\u00f3 de Barcelona.&nbsp;Aix\u00ed mateix, s&#8217;hi poden fer tallers i activitats de tem\u00e0tica ambiental del programa educatiu Compartim un Futur per tal d\u2019aprendre i alhora gaudir d\u2019un entorn amb confort t\u00e8rmic, lluny de les altes temperatures externes.<\/p>\n\n\n\n<figure class=\"wp-block-image size-large\"><a href=\"https:\/\/blogs.amb.cat\/educacioambiental\/wp-content\/uploads\/sites\/2\/2024\/06\/image-1.jpg\"><img width=\"1024\" height=\"497\" src=\"https:\/\/blogs.amb.cat\/educacioambiental\/wp-content\/uploads\/sites\/2\/2024\/06\/image-1-1024x497.jpg\" alt=\"\" class=\"wp-image-4475\" srcset=\"https:\/\/blogs.amb.cat\/educacioambiental\/wp-content\/uploads\/sites\/2\/2024\/06\/image-1-1024x497.jpg 1024w, https:\/\/blogs.amb.cat\/educacioambiental\/wp-content\/uploads\/sites\/2\/2024\/06\/image-1-300x146.jpg 300w, https:\/\/blogs.amb.cat\/educacioambiental\/wp-content\/uploads\/sites\/2\/2024\/06\/image-1-768x373.jpg 768w, https:\/\/blogs.amb.cat\/educacioambiental\/wp-content\/uploads\/sites\/2\/2024\/06\/image-1.jpg 1169w\" sizes=\"(max-width: 1024px) 100vw, 1024px\" \/><\/a><figcaption>Xerrada sobre refugis clim\u00e0tics a l&#8217;Hospitalet de Llobregat durant la temporada d&#8217;estiu 2023. Font: AMB.<\/figcaption><\/figure>\n\n\n\n<p>D&#8217;altra banda, durant el mes de juliol, hi haur\u00e0 informadors a peu de carrer en diversos municipis, que explicaran a la ciutadania els diferents refugis clim\u00e0tics, repartiran tr\u00edptics i faran enquestes.<\/p>\n\n\n\n<p>Finalment, passada la campanya, es far\u00e0 una avaluaci\u00f3 del funcionament dels refugis per destacar-ne els aspectes m\u00e9s positius i detectar-hi els punts febles, sempre amb la finalitat de millorar el servei de cara al futur.<\/p>\n","protected":false},"excerpt":{"rendered":"<p>Enguany, la xarxa metropolitana de refugis clim\u00e0tics (XMRC) ha experimentat un creixement exponencial respecte a anys anteriors, afavorida per la feina feta des del 2021. La conscienciaci\u00f3 de la ciutadania i la gesti\u00f3 de l\u2019AMB han fet possible que el 2024 hi hagi 24 municipis adherits o en vies d\u2019adhesi\u00f3 a la xarxa, amb 186 [&hellip;]<\/p>\n","protected":false},"author":31,"featured_media":4474,"comment_status":"closed","ping_status":"open","sticky":false,"template":"","format":"standard","meta":{"_oasis_is_in_workflow":0,"_oasis_original":0,"ngg_post_thumbnail":0},"categories":[1],"tags":[],"_links":{"self":[{"href":"https:\/\/blogs.amb.cat\/educacioambiental\/wp-json\/wp\/v2\/posts\/4470"}],"collection":[{"href":"https:\/\/blogs.amb.cat\/educacioambiental\/wp-json\/wp\/v2\/posts"}],"about":[{"href":"https:\/\/blogs.amb.cat\/educacioambiental\/wp-json\/wp\/v2\/types\/post"}],"author":[{"embeddable":true,"href":"https:\/\/blogs.amb.cat\/educacioambiental\/wp-json\/wp\/v2\/users\/31"}],"replies":[{"embeddable":true,"href":"https:\/\/blogs.amb.cat\/educacioambiental\/wp-json\/wp\/v2\/comments?post=4470"}],"version-history":[{"count":6,"href":"https:\/\/blogs.amb.cat\/educacioambiental\/wp-json\/wp\/v2\/posts\/4470\/revisions"}],"predecessor-version":[{"id":4586,"href":"https:\/\/blogs.amb.cat\/educacioambiental\/wp-json\/wp\/v2\/posts\/4470\/revisions\/4586"}],"wp:featuredmedia":[{"embeddable":true,"href":"https:\/\/blogs.amb.cat\/educacioambiental\/wp-json\/wp\/v2\/media\/4474"}],"wp:attachment":[{"href":"https:\/\/blogs.amb.cat\/educacioambiental\/wp-json\/wp\/v2\/media?parent=4470"}],"wp:term":[{"taxonomy":"category","embeddable":true,"href":"https:\/\/blogs.amb.cat\/educacioambiental\/wp-json\/wp\/v2\/categories?post=4470"},{"taxonomy":"post_tag","embeddable":true,"href":"https:\/\/blogs.amb.cat\/educacioambiental\/wp-json\/wp\/v2\/tags?post=4470"}],"curies":[{"name":"wp","href":"https:\/\/api.w.org\/{rel}","templated":true}]}}