
 







{"id":4560,"date":"2024-07-16T07:00:00","date_gmt":"2024-07-16T07:00:00","guid":{"rendered":"https:\/\/blogs.amb.cat\/educacioambiental\/?p=4560"},"modified":"2024-07-17T09:49:01","modified_gmt":"2024-07-17T09:49:01","slug":"viatja-de-manera-responsable","status":"publish","type":"post","link":"https:\/\/blogs.amb.cat\/educacioambiental\/2024\/07\/16\/viatja-de-manera-responsable\/","title":{"rendered":"Viatja de manera responsable"},"content":{"rendered":"\n<p>Tens pensat viatjar aquest estiu? Descobreix com fer-ho de manera responsable. <strong>Les teves decisions poden tenir un impacte positiu en les comunitats locals i la preservaci\u00f3 de la natura.<\/strong><\/p>\n\n\n\n<p>El turisme \u00e9s una de les ind\u00fastries m\u00e9s grans del m\u00f3n, amb un gran impacte en l&#8217;economia i les comunitats locals. No obstant aix\u00f2, tamb\u00e9 pot tenir conseq\u00fc\u00e8ncies negatives si no es gestiona de manera adequada. <strong>Adoptar pr\u00e0ctiques de turisme responsable ajuda a minimitzar els efectes negatius i a promoure el benestar de les destinacions visitades<\/strong>, de manera que protegim el medi ambient i respectem les cultures locals. Aix\u00f2 implica <strong>viatjar amb consci\u00e8ncia<\/strong> i prendre decisions que tinguin en compte els aspectes econ\u00f2mics, socials i ambientals de les destinacions. <\/p>\n\n\n\n<p>A continuaci\u00f3 et presentem diverses pr\u00e0ctiques sostenibles per als viatgers:<\/p>\n\n\n\n<ul type=\"1\"><li><strong>Abans de viatjar, informa\u2019t<\/strong>. Selecciona un allotjament comprom\u00e8s amb la sostenibilitat ambiental i el seu entorn. Escull hotels, hostals i altres establiments que adoptin pr\u00e0ctiques sostenibles, com l&#8217;\u00fas d&#8217;energies renovables, la gesti\u00f3 eficient de l&#8217;aigua, la minimitzaci\u00f3 de residus i el suport a la comunitat local. Hi ha moltes p\u00e0gines web on pots trobar allotjaments sostenibles.<\/li><\/ul>\n\n\n\n<ul><li><strong>Redueix i separa els residus.<\/strong> Intenta generar el m\u00ednim de brossa possible. Porta una ampolla d&#8217;aigua reutilitzable, evita els productes d&#8217;un sol \u00fas i separa els residus per fraccions segons la normativa del lloc on viatgis. <\/li><\/ul>\n\n\n\n<div class=\"wp-block-image\"><figure class=\"aligncenter size-large\"><a href=\"https:\/\/blogs.amb.cat\/educacioambiental\/wp-content\/uploads\/sites\/2\/2024\/07\/image-6.jpg\"><img width=\"739\" height=\"491\" src=\"https:\/\/blogs.amb.cat\/educacioambiental\/wp-content\/uploads\/sites\/2\/2024\/07\/image-6.jpg\" alt=\"\" class=\"wp-image-4562\" srcset=\"https:\/\/blogs.amb.cat\/educacioambiental\/wp-content\/uploads\/sites\/2\/2024\/07\/image-6.jpg 739w, https:\/\/blogs.amb.cat\/educacioambiental\/wp-content\/uploads\/sites\/2\/2024\/07\/image-6-300x199.jpg 300w\" sizes=\"(max-width: 739px) 100vw, 739px\" \/><\/a><\/figure><\/div>\n\n\n\n<ul><li><strong>Escull mitjans de transport sostenibles<\/strong>. Redueix la petjada de carboni mitjan\u00e7ant la selecci\u00f3 de mitjans de transport m\u00e9s sostenibles com el tren o l&#8217;autob\u00fas, i camina o ves en bicicleta si has de visitar llocs propers.<\/li><\/ul>\n\n\n\n<div class=\"wp-block-image\"><figure class=\"aligncenter size-large\"><a href=\"https:\/\/blogs.amb.cat\/educacioambiental\/wp-content\/uploads\/sites\/2\/2024\/07\/image-7.jpg\"><img width=\"495\" height=\"643\" src=\"https:\/\/blogs.amb.cat\/educacioambiental\/wp-content\/uploads\/sites\/2\/2024\/07\/image-7.jpg\" alt=\"\" class=\"wp-image-4563\" srcset=\"https:\/\/blogs.amb.cat\/educacioambiental\/wp-content\/uploads\/sites\/2\/2024\/07\/image-7.jpg 495w, https:\/\/blogs.amb.cat\/educacioambiental\/wp-content\/uploads\/sites\/2\/2024\/07\/image-7-231x300.jpg 231w\" sizes=\"(max-width: 495px) 100vw, 495px\" \/><\/a><\/figure><\/div>\n\n\n\n<ul><li><strong>Respecta la cultura local<\/strong>. Informa\u2018t sobre els costums i tradicions del lloc que visites. Mostra respecte per la cultura local, apr\u00e8n algunes paraules en l&#8217;idioma local i compra productes d&#8217;artesans de la zona per donar suport a l&#8217;economia.<\/li><\/ul>\n\n\n\n<ul><li><strong>Respecta la flora i la fauna de l&#8217;entorn<\/strong>. Opta per participar en activitats ecol\u00f2giques com el senderisme, l&#8217;observaci\u00f3 de la vida silvestre i el voluntariat ambiental, i evita les que puguin danyar els ecosistemes locals. Si explores el camp, el bosc o la muntanya, segueix sempre els camins marcats per no pertorbar la flora i la fauna local. A m\u00e9s, evita fer-te fotos amb animals que puguin estar sotmesos a un possible maltractament.<\/li><\/ul>\n\n\n\n<ul><li><strong>Contribueix a l&#8217;economia local.<\/strong> Menja en restaurants locals, contracta guies del lloc i participa en experi\u00e8ncies organitzades per la comunitat. Aix\u00f2 ajuda a mantenir la riquesa dins de la comunitat i fomenta el desenvolupament econ\u00f2mic sostenible.<\/li><\/ul>\n\n\n\n<p>Cadascun de nosaltres t\u00e9 un paper important en la protecci\u00f3 de l\u2019entorn quan viatgem.<\/p>\n\n\n\n<p><strong>M\u00e9s informaci\u00f3: <\/strong><\/p>\n\n\n\n<ul><li><a href=\"https:\/\/empresa.gencat.cat\/ca\/treb_ambits_actuacio\/turisme\/compromisturisme\/index.html\">https:\/\/empresa.gencat.cat\/ca\/treb_ambits_actuacio\/turisme\/compromisturisme\/index.html<\/a><\/li><li><a href=\"https:\/\/www.exode.es\/ca\/bloc\/programa\/decalogo-del-viajero-y-la-viajera-sostenibles.html\" target=\"_blank\" rel=\"noreferrer noopener\">https:\/\/www.exode.es\/ca\/bloc\/programa\/decalogo-del-viajero-y-la-viajera-sostenibles.html<\/a><\/li><\/ul>\n","protected":false},"excerpt":{"rendered":"<p>Tens pensat viatjar aquest estiu? Descobreix com fer-ho de manera responsable. Les teves decisions poden tenir un impacte positiu en les comunitats locals i la preservaci\u00f3 de la natura. El turisme \u00e9s una de les ind\u00fastries m\u00e9s grans del m\u00f3n, amb un gran impacte en l&#8217;economia i les comunitats locals. No obstant aix\u00f2, tamb\u00e9 pot [&hellip;]<\/p>\n","protected":false},"author":31,"featured_media":4561,"comment_status":"closed","ping_status":"open","sticky":false,"template":"","format":"standard","meta":{"_oasis_is_in_workflow":0,"_oasis_original":0,"ngg_post_thumbnail":0},"categories":[1],"tags":[],"_links":{"self":[{"href":"https:\/\/blogs.amb.cat\/educacioambiental\/wp-json\/wp\/v2\/posts\/4560"}],"collection":[{"href":"https:\/\/blogs.amb.cat\/educacioambiental\/wp-json\/wp\/v2\/posts"}],"about":[{"href":"https:\/\/blogs.amb.cat\/educacioambiental\/wp-json\/wp\/v2\/types\/post"}],"author":[{"embeddable":true,"href":"https:\/\/blogs.amb.cat\/educacioambiental\/wp-json\/wp\/v2\/users\/31"}],"replies":[{"embeddable":true,"href":"https:\/\/blogs.amb.cat\/educacioambiental\/wp-json\/wp\/v2\/comments?post=4560"}],"version-history":[{"count":4,"href":"https:\/\/blogs.amb.cat\/educacioambiental\/wp-json\/wp\/v2\/posts\/4560\/revisions"}],"predecessor-version":[{"id":4577,"href":"https:\/\/blogs.amb.cat\/educacioambiental\/wp-json\/wp\/v2\/posts\/4560\/revisions\/4577"}],"wp:featuredmedia":[{"embeddable":true,"href":"https:\/\/blogs.amb.cat\/educacioambiental\/wp-json\/wp\/v2\/media\/4561"}],"wp:attachment":[{"href":"https:\/\/blogs.amb.cat\/educacioambiental\/wp-json\/wp\/v2\/media?parent=4560"}],"wp:term":[{"taxonomy":"category","embeddable":true,"href":"https:\/\/blogs.amb.cat\/educacioambiental\/wp-json\/wp\/v2\/categories?post=4560"},{"taxonomy":"post_tag","embeddable":true,"href":"https:\/\/blogs.amb.cat\/educacioambiental\/wp-json\/wp\/v2\/tags?post=4560"}],"curies":[{"name":"wp","href":"https:\/\/api.w.org\/{rel}","templated":true}]}}