
 







{"id":4638,"date":"2024-09-30T12:57:00","date_gmt":"2024-09-30T12:57:00","guid":{"rendered":"https:\/\/blogs.amb.cat\/educacioambiental\/?p=4638"},"modified":"2024-10-02T11:20:22","modified_gmt":"2024-10-02T11:20:22","slug":"cuidem-laigua-es-vida-nova-exposicio-en-prestec-del-compartim-un-futur","status":"publish","type":"post","link":"https:\/\/blogs.amb.cat\/educacioambiental\/2024\/09\/30\/cuidem-laigua-es-vida-nova-exposicio-en-prestec-del-compartim-un-futur\/","title":{"rendered":"&#8220;Cuidem l&#8217;aigua, \u00e9s vida!&#8221;: nova exposici\u00f3 en pr\u00e9stec del Compartim un Futur"},"content":{"rendered":"\n<p>Des d\u2019aquest mes de setembre el programa Compartim un Futur compta amb una exposici\u00f3 nova que se suma als <a href=\"https:\/\/www.amb.cat\/web\/medi-ambient\/sostenibilitat\/educacio-ambiental\/cataleg\/material-de-prestec\">recursos educatius en pr\u00e9stec<\/a>. Aquesta exposici\u00f3 es titula \u201c<a href=\"https:\/\/www.amb.cat\/ca\/web\/medi-ambient\/detall?p_p_id=com_liferay_journal_content_web_portlet_JournalContentPortlet_INSTANCE_z3U8albdQHWz&amp;_com_liferay_journal_content_web_portlet_JournalContentPortlet_INSTANCE_z3U8albdQHWz_articleId=16781462&amp;_com_liferay_journal_content_web_portlet_JournalContentPortlet_INSTANCE_z3U8albdQHWz_groupId=11818\">Cuidem l\u2019aigua, \u00e9s vida!<\/a>\u201d, i tracta sobre el cicle urb\u00e0 de l\u2019aigua en relaci\u00f3 amb l\u2019estat actual de sequera derivada de la crisi clim\u00e0tica.<\/p>\n\n\n\n<p>Es podr\u00e0 veure un mapa de la infraestructura que es necessita en l\u2019\u00e0mbit metropolit\u00e0, els possibles escenaris en situaci\u00f3 de sequera, dades de consum, bones pr\u00e0ctiques d\u2019\u00fas de l\u2019aigua, quina utilitat t\u00e9 l\u2019aigua regenerada com a recurs h\u00eddric alternatiu&#8230; i m\u00e9s!<\/p>\n\n\n\n<p>Aquesta exposici\u00f3 estar\u00e0 disponible en pr\u00e9stec a partir del 12 d\u2019octubre, despr\u00e9s d\u2019inaugurar-se a l\u2019AMB (del 25 de setembre a l\u201911 d\u2019octubre a la zona expositiva de l\u2019edifici A).&nbsp;<\/p>\n\n\n\n<p>Per sol\u00b7licitar el pr\u00e9stec d\u2019aquesta exposici\u00f3 podeu <strong>posar-vos en contacte amb el nostre servei d\u2019assessorament <\/strong>mitjan\u00e7ant el correu electr\u00f2nic assessoria.compartim@amb.cat o trucant al tel\u00e8fon +34 682 90 62 45.<\/p>\n\n\n\n<p>Us animem a participar en aquesta iniciativa educativa per promoure un \u00fas responsable de l\u2019aigua i la protecci\u00f3 dels nostres recursos h\u00eddrics.<\/p>\n\n\n\n<p><strong>ENLLA\u00c7OS RELACIONATS:<\/strong><\/p>\n\n\n\n<ul><li><a href=\"https:\/\/view.genially.com\/6523b201526eb20011f12df0\/horizontal-infographic-diagrams-sequera-amb\" data-type=\"URL\" data-id=\"https:\/\/view.genially.com\/6523b201526eb20011f12df0\/horizontal-infographic-diagrams-sequera-amb\">Interactiu sobre la sequera<\/a><\/li><\/ul>\n\n\n\n<figure class=\"wp-block-embed is-type-wp-embed is-provider-genially wp-block-embed-genially\"><div class=\"wp-block-embed__wrapper\">\n<iframe class=\"wp-embedded-content\" sandbox=\"allow-scripts\" security=\"restricted\" title=\"Sequera AMB\" frameborder='0' width='1200' height='675' src='https:\/\/view.genially.com\/6523b201526eb20011f12df0#?secret=Hwqy9Csz6w' data-secret='Hwqy9Csz6w' scrolling='yes'><\/iframe>\n<\/div><\/figure>\n\n\n\n<ul><li><a href=\"https:\/\/sequera.gencat.cat\/ca\/estat-actual\/novetats-sequera\/\" data-type=\"URL\" data-id=\"https:\/\/sequera.gencat.cat\/ca\/estat-actual\/novetats-sequera\/\">\u00daltimes novetats sobre la sequera<\/a><\/li><li><a href=\"https:\/\/aca.gencat.cat\/ca\/laigua\/estat-del-medi-hidric\/recursos-disponibles\/estat-de-les-reserves-daigua-als-embassaments\/\" data-type=\"URL\" data-id=\"https:\/\/aca.gencat.cat\/ca\/laigua\/estat-del-medi-hidric\/recursos-disponibles\/estat-de-les-reserves-daigua-als-embassaments\/\">Estat de les reserves d\u2019aigua als embassaments<\/a><\/li><li><a href=\"https:\/\/aplicacions.aca.gencat.cat\/visseq\/estat-actual\" data-type=\"URL\" data-id=\"https:\/\/aplicacions.aca.gencat.cat\/visseq\/estat-actual\">Visor de la sequera<\/a><\/li><\/ul>\n\n\n\n<p><\/p>\n","protected":false},"excerpt":{"rendered":"<p>Des d\u2019aquest mes de setembre el programa Compartim un Futur compta amb una exposici\u00f3 nova que se suma als recursos educatius en pr\u00e9stec. Aquesta exposici\u00f3 es titula \u201cCuidem l\u2019aigua, \u00e9s vida!\u201d, i tracta sobre el cicle urb\u00e0 de l\u2019aigua en relaci\u00f3 amb l\u2019estat actual de sequera derivada de la crisi clim\u00e0tica. Es podr\u00e0 veure un [&hellip;]<\/p>\n","protected":false},"author":31,"featured_media":4639,"comment_status":"closed","ping_status":"open","sticky":false,"template":"","format":"standard","meta":{"_oasis_is_in_workflow":0,"_oasis_original":0,"ngg_post_thumbnail":0},"categories":[1],"tags":[],"_links":{"self":[{"href":"https:\/\/blogs.amb.cat\/educacioambiental\/wp-json\/wp\/v2\/posts\/4638"}],"collection":[{"href":"https:\/\/blogs.amb.cat\/educacioambiental\/wp-json\/wp\/v2\/posts"}],"about":[{"href":"https:\/\/blogs.amb.cat\/educacioambiental\/wp-json\/wp\/v2\/types\/post"}],"author":[{"embeddable":true,"href":"https:\/\/blogs.amb.cat\/educacioambiental\/wp-json\/wp\/v2\/users\/31"}],"replies":[{"embeddable":true,"href":"https:\/\/blogs.amb.cat\/educacioambiental\/wp-json\/wp\/v2\/comments?post=4638"}],"version-history":[{"count":3,"href":"https:\/\/blogs.amb.cat\/educacioambiental\/wp-json\/wp\/v2\/posts\/4638\/revisions"}],"predecessor-version":[{"id":4672,"href":"https:\/\/blogs.amb.cat\/educacioambiental\/wp-json\/wp\/v2\/posts\/4638\/revisions\/4672"}],"wp:featuredmedia":[{"embeddable":true,"href":"https:\/\/blogs.amb.cat\/educacioambiental\/wp-json\/wp\/v2\/media\/4639"}],"wp:attachment":[{"href":"https:\/\/blogs.amb.cat\/educacioambiental\/wp-json\/wp\/v2\/media?parent=4638"}],"wp:term":[{"taxonomy":"category","embeddable":true,"href":"https:\/\/blogs.amb.cat\/educacioambiental\/wp-json\/wp\/v2\/categories?post=4638"},{"taxonomy":"post_tag","embeddable":true,"href":"https:\/\/blogs.amb.cat\/educacioambiental\/wp-json\/wp\/v2\/tags?post=4638"}],"curies":[{"name":"wp","href":"https:\/\/api.w.org\/{rel}","templated":true}]}}