
 







{"id":4655,"date":"2024-10-01T07:54:00","date_gmt":"2024-10-01T07:54:00","guid":{"rendered":"https:\/\/blogs.amb.cat\/educacioambiental\/?p=4655"},"modified":"2024-10-02T11:32:15","modified_gmt":"2024-10-02T11:32:15","slug":"presentem-lequip-del-curs-2024-2025","status":"publish","type":"post","link":"https:\/\/blogs.amb.cat\/educacioambiental\/2024\/10\/01\/presentem-lequip-del-curs-2024-2025\/","title":{"rendered":"Presentem l&#8217;equip del curs 2024-2025!"},"content":{"rendered":"\n<p>Un projecte com el Compartim un Futur necessita un equip preparat i amb molta energia. Avui us presentem les persones que hi treballen perqu\u00e8 l\u2019educaci\u00f3 ambiental al territori metropolit\u00e0 no pari!<\/p>\n\n\n\n<p>El Compartim un Futur es divideix en <strong>dos grans equips<\/strong>: <strong>l\u2019equip d\u2019oficina i l\u2019equip educatiu<\/strong>.<\/p>\n\n\n\n<h4><strong>L\u2019equip d\u2019oficina<\/strong><\/h4>\n\n\n\n<p>L\u2019equip d\u2019oficina est\u00e0 liderat per una de les noves incorporacions, la <strong>Deisiane Delfino<\/strong>, qui dirigeix i coordina el projecte aportant una visi\u00f3 transversal i global, amb noves idees i estrat\u00e8gies per millorar i fer cr\u00e9ixer el programa.<\/p>\n\n\n\n<p>A la part de redacci\u00f3 de continguts educatius trobem la <strong>Miriam Ferreiro<\/strong>, com a coordinadora, i en <strong>Bernab\u00e9 Ortiz<\/strong>. Tamb\u00e9 ens acompanya l\u2019<strong>Ariadna Ferrer <\/strong>com a t\u00e8cnica de comunicaci\u00f3 i difusi\u00f3. Aquest equip es dedica a treballar i actualitzar els continguts, tant de les publicacions i els recursos digitals com de les noves activitats i dels diferents elements de difusi\u00f3 del programa.<\/p>\n\n\n\n<p>Pel que fa a la gesti\u00f3 de les activitats, comptem amb la <strong>Maria Hernando<\/strong>, qui coordina l\u2019equip educatiu, assegurant-se que totes les activitats i visites es desenvolupin correctament. A m\u00e9s a m\u00e9s, tamb\u00e9 gestiona diferents consultes del servei d\u2019assessorament, com per exemple les que estan relacionades amb el servei de pr\u00e9stec o b\u00e9 grups amb necessitats espec\u00edfiques de suport educatiu. Al seu costat treballa la <strong>Yasmine Rich<\/strong>, responsable de gestionar les reserves de les activitats. A m\u00e9s, est\u00e0 en contacte amb les escoles i els educadors per solucionar qualsevol problema que pugui sorgir.<\/p>\n\n\n\n<p>A m\u00e9s, disposem d\u2019un equip especialitzat en aprenentatge servei (APS), que treballa de manera independent. Aquest equip est\u00e0 coordinat per la <strong>Marina Solier<\/strong>, qui s\u2019encarrega principalment de l\u2019elaboraci\u00f3 de continguts, i en <strong>Toni Subir\u00e0<\/strong> i la <strong>Laura Cerd\u00e0<\/strong> com a educadors ambientals. Aquest curs s\u2019implementaran projectes a m\u00e9s de 30 centres de tot el territori metropolit\u00e0!<\/p>\n\n\n\n<div class=\"wp-block-image\"><figure class=\"aligncenter size-large\"><a href=\"https:\/\/blogs.amb.cat\/educacioambiental\/wp-content\/uploads\/sites\/2\/2024\/10\/image.jpg\"><img width=\"669\" height=\"461\" src=\"https:\/\/blogs.amb.cat\/educacioambiental\/wp-content\/uploads\/sites\/2\/2024\/10\/image.jpg\" alt=\"\" class=\"wp-image-4656\" srcset=\"https:\/\/blogs.amb.cat\/educacioambiental\/wp-content\/uploads\/sites\/2\/2024\/10\/image.jpg 669w, https:\/\/blogs.amb.cat\/educacioambiental\/wp-content\/uploads\/sites\/2\/2024\/10\/image-300x207.jpg 300w\" sizes=\"(max-width: 669px) 100vw, 669px\" \/><\/a><figcaption>D&#8217;esquerra a dreta i del fons al davant: Maria Hernando, Yasmin Rich, Marina Solier, Mar Cirac, Bernab\u00e9 Ortiz, Laura Sard\u00e0 i Miriam Ferreiro.<\/figcaption><\/figure><\/div>\n\n\n\n<h4><strong>L\u2019equip educatiu<\/strong><\/h4>\n\n\n\n<p>L\u2019equip m\u00e9s nombr\u00f3s i amb el qual tindreu m\u00e9s contacte \u00e9s l\u2019equip educatiu. Preparat per afrontar qualsevol situaci\u00f3 i amb un ampli ventall de coneixements, estan a la vostra disposici\u00f3 per explicar-vos-ho tot sobre les instal\u00b7lacions i les activitats.<\/p>\n\n\n\n<p>Els m\u00e9s veterans de l\u2019equip s\u00f3n en <strong>Sergio Pacho<\/strong>, la <strong>Laura Pont<\/strong> i en <strong>Mar\u00e7al Mas<\/strong>. Per\u00f2 tamb\u00e9 tenim noves incorporacions! Aquest any donem la benvinguda a l\u2019<strong>Alejandro Esteban<\/strong>, en <strong>Francesc Bardera<\/strong>, la <strong>Marta Pascual<\/strong>, en <strong>Mario Ramon<\/strong>, la <strong>Meritxell Argente<\/strong>, la <strong>Laia Codina<\/strong>, l\u2019<strong>Ariadna Herrera<\/strong>, en <strong>Roger Illas<\/strong> i en <strong>Jofre Figuereo<\/strong>. Ja estan preparats per con\u00e8ixer-vos i comen\u00e7ar a treballar al vostre costat!<\/p>\n\n\n\n<div class=\"wp-block-image\"><figure class=\"aligncenter size-large\"><a href=\"https:\/\/blogs.amb.cat\/educacioambiental\/wp-content\/uploads\/sites\/2\/2024\/10\/image-1.jpg\"><img width=\"636\" height=\"353\" src=\"https:\/\/blogs.amb.cat\/educacioambiental\/wp-content\/uploads\/sites\/2\/2024\/10\/image-1.jpg\" alt=\"\" class=\"wp-image-4657\" srcset=\"https:\/\/blogs.amb.cat\/educacioambiental\/wp-content\/uploads\/sites\/2\/2024\/10\/image-1.jpg 636w, https:\/\/blogs.amb.cat\/educacioambiental\/wp-content\/uploads\/sites\/2\/2024\/10\/image-1-300x167.jpg 300w\" sizes=\"(max-width: 636px) 100vw, 636px\" \/><\/a><figcaption>D&#8217;esquerra a dreta: Bernab\u00e9 Ortiz, Toni Subir\u00e0, Santiago Barreiro, Laura Cerd\u00e0, Laia Codina, Sergio Pacho, Marta Pascual, Mar\u00e7al Mas, Alejandro Esteban, Mario Ramon, Laura Pont i Francesc Bardera.<\/figcaption><\/figure><\/div>\n\n\n\n<div class=\"wp-block-image\"><figure class=\"aligncenter size-large\"><a href=\"https:\/\/blogs.amb.cat\/educacioambiental\/wp-content\/uploads\/sites\/2\/2024\/10\/image-2.jpg\"><img width=\"704\" height=\"464\" src=\"https:\/\/blogs.amb.cat\/educacioambiental\/wp-content\/uploads\/sites\/2\/2024\/10\/image-2.jpg\" alt=\"\" class=\"wp-image-4658\" srcset=\"https:\/\/blogs.amb.cat\/educacioambiental\/wp-content\/uploads\/sites\/2\/2024\/10\/image-2.jpg 704w, https:\/\/blogs.amb.cat\/educacioambiental\/wp-content\/uploads\/sites\/2\/2024\/10\/image-2-300x198.jpg 300w\" sizes=\"(max-width: 704px) 100vw, 704px\" \/><\/a><figcaption>Les noves incorporacions a l&#8217;equip (d&#8217;esquerra a dreta): Francesc Bardera, Roger Illas, Marta Pascual, Jofre Figuereo, Laia Codina, Meritxell Argente i Mario Ramon.<\/figcaption><\/figure><\/div>\n\n\n\n<h4><strong>La central de reserves<\/strong><\/h4>\n\n\n\n<p>L\u2019equip que treballa a la central de reserves \u00e9s el responsable de gestionar totes les sol\u00b7licituds. Aquest equip treballa estretament amb el nostre personal d&#8217;oficina per assegurar que tant les visites com els tallers es desenvolupin de manera eficient i s\u2019ajustin a les necessitats de cada grup. Hi formen part la Montse Batlle i la Cristina Cano.<\/p>\n\n\n\n<p>Aprofitem l\u2019avinentesa per acomiadar-nos de dues persones que han treballat a l\u2019equip durant l\u2019\u00faltim curs i que han estat peces clau del programa: la Mar Cirac, que era la responsable dels projectes APS, i en Santi Barreiro, educador especialitzat en tractament d\u2019aig\u00fces residuals. Comencen una nova etapa labora i desitgem que els vagi molt b\u00e9!<\/p>\n\n\n\n<p>Estem emocionats per aquest nou curs i totes les novetats. Amb l&#8217;impuls de l&#8217;equip educatiu, la central de reserves i el suport de l\u2019equip t\u00e8cnic de l\u2019AMB, estem m\u00e9s preparats que mai per afrontar els reptes educatius i ambientals!<\/p>\n\n\n\n<p>Us animem a descobrir els nostres cat\u00e0legs d&#8217;activitats i a fer la vostra reserva per viure experi\u00e8ncies que fomentin la sostenibilitat i l&#8217;educaci\u00f3 ambiental.<\/p>\n\n\n\n<ul><li><a href=\"https:\/\/www.amb.cat\/ca\/web\/medi-ambient\/sostenibilitat\/educacio-ambiental\/cataleg\/detall\/-\/gdpmes\/cataleg-de-formacio-reglada\/9825226\/11818?p_p_id=GDPMES_WAR_GuiaDidacticaPMESportlet&amp;p_p_lifecycle=1&amp;p_p_state=normal&amp;_GDPMES_WAR_GuiaDidacticaPMESportlet_pageNum=1&amp;_GDPMES_WAR_GuiaDidacticaPMESportlet_queryText=%22cat%C3%A0leg%22&amp;_GDPMES_WAR_GuiaDidacticaPMESportlet_detailBackURL=https%3A%2F%2Fwww.amb.cat%2Fca%2Fweb%2Fmedi-ambient%2Fsostenibilitat%2Feducacio-ambiental%2Fcataleg%2Fcercador\">Cat\u00e0leg de formaci\u00f3 reglada<\/a><\/li><li><a href=\"https:\/\/www.amb.cat\/ca\/web\/medi-ambient\/sostenibilitat\/educacio-ambiental\/cataleg\/detall\/-\/gdpmes\/cataleg-de-formacio-no-reglada-i-ciutadania\/9825345\/11818?p_p_id=GDPMES_WAR_GuiaDidacticaPMESportlet&amp;p_p_lifecycle=1&amp;p_p_state=normal&amp;_GDPMES_WAR_GuiaDidacticaPMESportlet_pageNum=1&amp;_GDPMES_WAR_GuiaDidacticaPMESportlet_queryText=%22formaci%C3%B3+no+reglada%22&amp;_GDPMES_WAR_GuiaDidacticaPMESportlet_detailBackURL=https%3A%2F%2Fwww.amb.cat%2Fca%2Fweb%2Fmedi-ambient%2Fsostenibilitat%2Feducacio-ambiental%2Fcataleg%2Fcercador\">Cat\u00e0leg de formaci\u00f3 no reglada, lleure, fam\u00edlies i ciutadania<\/a><\/li><\/ul>\n","protected":false},"excerpt":{"rendered":"<p>Un projecte com el Compartim un Futur necessita un equip preparat i amb molta energia. Avui us presentem les persones que hi treballen perqu\u00e8 l\u2019educaci\u00f3 ambiental al territori metropolit\u00e0 no pari! El Compartim un Futur es divideix en dos grans equips: l\u2019equip d\u2019oficina i l\u2019equip educatiu. L\u2019equip d\u2019oficina L\u2019equip d\u2019oficina est\u00e0 liderat per una de [&hellip;]<\/p>\n","protected":false},"author":31,"featured_media":4657,"comment_status":"closed","ping_status":"open","sticky":false,"template":"","format":"standard","meta":{"_oasis_is_in_workflow":0,"_oasis_original":0,"ngg_post_thumbnail":0},"categories":[1],"tags":[],"_links":{"self":[{"href":"https:\/\/blogs.amb.cat\/educacioambiental\/wp-json\/wp\/v2\/posts\/4655"}],"collection":[{"href":"https:\/\/blogs.amb.cat\/educacioambiental\/wp-json\/wp\/v2\/posts"}],"about":[{"href":"https:\/\/blogs.amb.cat\/educacioambiental\/wp-json\/wp\/v2\/types\/post"}],"author":[{"embeddable":true,"href":"https:\/\/blogs.amb.cat\/educacioambiental\/wp-json\/wp\/v2\/users\/31"}],"replies":[{"embeddable":true,"href":"https:\/\/blogs.amb.cat\/educacioambiental\/wp-json\/wp\/v2\/comments?post=4655"}],"version-history":[{"count":3,"href":"https:\/\/blogs.amb.cat\/educacioambiental\/wp-json\/wp\/v2\/posts\/4655\/revisions"}],"predecessor-version":[{"id":4674,"href":"https:\/\/blogs.amb.cat\/educacioambiental\/wp-json\/wp\/v2\/posts\/4655\/revisions\/4674"}],"wp:featuredmedia":[{"embeddable":true,"href":"https:\/\/blogs.amb.cat\/educacioambiental\/wp-json\/wp\/v2\/media\/4657"}],"wp:attachment":[{"href":"https:\/\/blogs.amb.cat\/educacioambiental\/wp-json\/wp\/v2\/media?parent=4655"}],"wp:term":[{"taxonomy":"category","embeddable":true,"href":"https:\/\/blogs.amb.cat\/educacioambiental\/wp-json\/wp\/v2\/categories?post=4655"},{"taxonomy":"post_tag","embeddable":true,"href":"https:\/\/blogs.amb.cat\/educacioambiental\/wp-json\/wp\/v2\/tags?post=4655"}],"curies":[{"name":"wp","href":"https:\/\/api.w.org\/{rel}","templated":true}]}}