
 







{"id":5275,"date":"2025-06-30T11:19:00","date_gmt":"2025-06-30T11:19:00","guid":{"rendered":"https:\/\/blogs.amb.cat\/educacioambiental\/?p=5275"},"modified":"2025-07-02T09:16:21","modified_gmt":"2025-07-02T09:16:21","slug":"laprenentatge-servei-mobilitza-mes-de-1-500-infants-i-joves-i-deixa-empremta-en-34-centres-de-larea-metropolitana-de-barcelona","status":"publish","type":"post","link":"https:\/\/blogs.amb.cat\/educacioambiental\/2025\/06\/30\/laprenentatge-servei-mobilitza-mes-de-1-500-infants-i-joves-i-deixa-empremta-en-34-centres-de-larea-metropolitana-de-barcelona\/","title":{"rendered":"L\u2019aprenentatge servei mobilitza m\u00e9s de 1.500 infants i joves i deixa empremta en 34 centres de l&#8217;\u00e0rea metropolitana de Barcelona"},"content":{"rendered":"\n<h5>Durant el curs 2024-2025, 1.509 infants i joves de 34 centres educatius han participat en els projectes d\u2019aprenentatge servei, repartits en 62 grups. A continuaci\u00f3, us expliquem alguns dels serveis que han generat m\u00e9s impacte en el territori.<\/h5>\n\n\n\n<p>Aquest curs, 1.509 infants i joves de 34 centres educatius han dut a terme projectes d\u2019aprenentatge servei (APS), han generat accions en l\u2019entorn i adquirit aprenentatges significatius durant tot el proc\u00e9s. Els projectes han culminat amb la realitzaci\u00f3 de diversos serveis comunitaris amb impacte real.<\/p>\n\n\n\n<p>Durant aquest curs hem activat els set projectes d\u2019APS disponibles, amb la incorporaci\u00f3 de novetats significatives. Enguany s\u2019han estrenat dues propostes, <em>Missi\u00f3 H<sub>2<\/sub>O!<\/em> i <em>Vigilants de la calor, <\/em>i una tercera, <em>Vigilants de l\u2019aire<\/em>, s\u2019ha reformulat completament per adaptar-la millor a les necessitats actuals. Aquest projecte renovat s\u2019ha implementat durant el primer trimestre en 10 centres educatius, a trav\u00e9s d\u2019un monogr\u00e0fic espec\u00edfic i en col\u00b7laboraci\u00f3 amb <a href=\"https:\/\/4sfera.com\/es\/inici-espanol\/\">4sfera Innova<\/a>. Si voleu aprofundir-hi, podeu consultar tots els detalls a la <a href=\"https:\/\/blogs.amb.cat\/educacioambiental\/2025\/07\/01\/el-projecte-daps-vigilants-de-laire-tanca-el-curs-2024-2025-amb-un-balanc-de-374-participants-de-8-municipis-metropolitans\/\" data-type=\"URL\" data-id=\"https:\/\/blogs.amb.cat\/educacioambiental\/2025\/07\/01\/el-projecte-daps-vigilants-de-laire-tanca-el-curs-2024-2025-amb-un-balanc-de-374-participants-de-8-municipis-metropolitans\/\">publicaci\u00f3 dedicada a <em>Vigilants de l\u2019aire<\/em><\/a>. A continuaci\u00f3, exposem de manera gr\u00e0fica la participaci\u00f3 als projectes APS:<\/p>\n\n\n\n<figure class=\"wp-block-image size-large\"><a href=\"https:\/\/blogs.amb.cat\/educacioambiental\/wp-content\/uploads\/sites\/2\/2025\/06\/1.-Grafica.-Centres-i-linies.png\"><img width=\"1024\" height=\"819\" src=\"https:\/\/blogs.amb.cat\/educacioambiental\/wp-content\/uploads\/sites\/2\/2025\/06\/1.-Grafica.-Centres-i-linies-1024x819.png\" alt=\"\" class=\"wp-image-5276\" srcset=\"https:\/\/blogs.amb.cat\/educacioambiental\/wp-content\/uploads\/sites\/2\/2025\/06\/1.-Grafica.-Centres-i-linies-1024x819.png 1024w, https:\/\/blogs.amb.cat\/educacioambiental\/wp-content\/uploads\/sites\/2\/2025\/06\/1.-Grafica.-Centres-i-linies-300x240.png 300w, https:\/\/blogs.amb.cat\/educacioambiental\/wp-content\/uploads\/sites\/2\/2025\/06\/1.-Grafica.-Centres-i-linies-768x614.png 768w, https:\/\/blogs.amb.cat\/educacioambiental\/wp-content\/uploads\/sites\/2\/2025\/06\/1.-Grafica.-Centres-i-linies-1536x1229.png 1536w, https:\/\/blogs.amb.cat\/educacioambiental\/wp-content\/uploads\/sites\/2\/2025\/06\/1.-Grafica.-Centres-i-linies.png 2000w\" sizes=\"(max-width: 1024px) 100vw, 1024px\" \/><\/a><figcaption>Imatge 1: projectes guiats i aut\u00f2noms i total de centres participants.<\/figcaption><\/figure>\n\n\n\n<p>En la imatge 1 es poden diferenciar entre els projectes guiats i aut\u00f2noms. Per aquest motiu, cal aclarir que els APS impulsats per l\u2019AMB poden ser d\u2019aquests dos tipus. Els primers ofereixen un itinerari estructurat i materials pedag\u00f2gics dissenyats per l\u2019AMB, amb assessorament continu. En canvi, els projectes aut\u00f2noms s\u00f3n liderats pels centres educatius, que desenvolupen la proposta pel seu compte, i poden comptar amb suport puntual de tres sessions per part de l\u2019educador. En el cas d\u2019aquest any s\u2019han fet 53 l\u00ednies guiades i 9 grups aut\u00f2noms.<\/p>\n\n\n\n<figure class=\"wp-block-image size-large\"><a href=\"https:\/\/blogs.amb.cat\/educacioambiental\/wp-content\/uploads\/sites\/2\/2025\/06\/2.-Grafica.-Participacio-total.png\"><img width=\"1024\" height=\"819\" src=\"https:\/\/blogs.amb.cat\/educacioambiental\/wp-content\/uploads\/sites\/2\/2025\/06\/2.-Grafica.-Participacio-total-1024x819.png\" alt=\"\" class=\"wp-image-5277\" srcset=\"https:\/\/blogs.amb.cat\/educacioambiental\/wp-content\/uploads\/sites\/2\/2025\/06\/2.-Grafica.-Participacio-total-1024x819.png 1024w, https:\/\/blogs.amb.cat\/educacioambiental\/wp-content\/uploads\/sites\/2\/2025\/06\/2.-Grafica.-Participacio-total-300x240.png 300w, https:\/\/blogs.amb.cat\/educacioambiental\/wp-content\/uploads\/sites\/2\/2025\/06\/2.-Grafica.-Participacio-total-768x614.png 768w, https:\/\/blogs.amb.cat\/educacioambiental\/wp-content\/uploads\/sites\/2\/2025\/06\/2.-Grafica.-Participacio-total-1536x1229.png 1536w, https:\/\/blogs.amb.cat\/educacioambiental\/wp-content\/uploads\/sites\/2\/2025\/06\/2.-Grafica.-Participacio-total.png 2000w\" sizes=\"(max-width: 1024px) 100vw, 1024px\" \/><\/a><figcaption>Imatge 2: participaci\u00f3 segons la tipologia de projecte.<\/figcaption><\/figure>\n\n\n\n<div class=\"wp-block-image\"><figure class=\"aligncenter size-large\"><a href=\"https:\/\/blogs.amb.cat\/educacioambiental\/wp-content\/uploads\/sites\/2\/2025\/06\/3.-Imatge-dels-7-projectes-guiats-i-autonoms.jpg\"><img width=\"1024\" height=\"819\" src=\"https:\/\/blogs.amb.cat\/educacioambiental\/wp-content\/uploads\/sites\/2\/2025\/06\/3.-Imatge-dels-7-projectes-guiats-i-autonoms-1024x819.jpg\" alt=\"\" class=\"wp-image-5278\" srcset=\"https:\/\/blogs.amb.cat\/educacioambiental\/wp-content\/uploads\/sites\/2\/2025\/06\/3.-Imatge-dels-7-projectes-guiats-i-autonoms-1024x819.jpg 1024w, https:\/\/blogs.amb.cat\/educacioambiental\/wp-content\/uploads\/sites\/2\/2025\/06\/3.-Imatge-dels-7-projectes-guiats-i-autonoms-300x240.jpg 300w, https:\/\/blogs.amb.cat\/educacioambiental\/wp-content\/uploads\/sites\/2\/2025\/06\/3.-Imatge-dels-7-projectes-guiats-i-autonoms-768x614.jpg 768w, https:\/\/blogs.amb.cat\/educacioambiental\/wp-content\/uploads\/sites\/2\/2025\/06\/3.-Imatge-dels-7-projectes-guiats-i-autonoms-1536x1229.jpg 1536w, https:\/\/blogs.amb.cat\/educacioambiental\/wp-content\/uploads\/sites\/2\/2025\/06\/3.-Imatge-dels-7-projectes-guiats-i-autonoms.jpg 2000w\" sizes=\"(max-width: 1024px) 100vw, 1024px\" \/><\/a><figcaption>Imatge 3: nombre de participants i grups per a cada projecte APS.<\/figcaption><\/figure><\/div>\n\n\n\n<p>Un cop feta la presentaci\u00f3 de les dades generals, us convidem a que conegueu alguns dels serveis comunitaris m\u00e9s destacats en aquest curs 2024-2025, pels diferents tipus de projectes:<\/p>\n\n\n\n<h4><strong>Para el carro!<\/strong> <\/h4>\n\n\n\n<p>L\u2019alumnat descobreix l\u2019impacte ambiental del sistema alimentari. S\u2019exploren les conseq\u00fc\u00e8ncies del malbaratament d\u2019aliments i la generaci\u00f3 de residus, i es proposen accions per canviar els h\u00e0bits de consum del seu entorn m\u00e9s proper.<\/p>\n\n\n\n<p><strong>Millorem el men\u00fa de l\u2019escola (CEE Nuestra Se\u00f1ora de la Esperanza<\/strong>)<\/p>\n\n\n\n<p>Amb l\u2019objectiu de refer els men\u00fas del menjador d\u2019alguna escola de Sant Adri\u00e0 del Bes\u00f2s, tenint en compte la proximitat, la temporada i l\u2019embalatge dels productes, l\u2019alumnat d\u2019aquest centre d\u2019educaci\u00f3 especial ha elaborat una versi\u00f3 millorada per al menjador de l\u2019Escola Cascavell, adjuntant una llista de consells generals per fer una compra sostenible.<\/p>\n\n\n\n<p>La professora responsable del grup comenta: \u201cEstem molt contentes amb la feina de l\u2019educadora. T\u00e9 molta m\u00e0 esquerra&nbsp;amb els alumnes i es nota que t\u00e9 expertesa&nbsp;i control del tema. \u00c9s una gran experi\u00e8ncia per a ells i per a nosaltres<em>\u201d<\/em>.<\/p>\n\n\n\n<div class=\"wp-block-image\"><figure class=\"aligncenter size-large\"><a href=\"https:\/\/blogs.amb.cat\/educacioambiental\/wp-content\/uploads\/sites\/2\/2025\/06\/4.-CEE-Nuestra-Senora-de-la-Esperanza.-menu-de-lEscola-Cascavell.jpg\"><img width=\"1024\" height=\"576\" src=\"https:\/\/blogs.amb.cat\/educacioambiental\/wp-content\/uploads\/sites\/2\/2025\/06\/4.-CEE-Nuestra-Senora-de-la-Esperanza.-menu-de-lEscola-Cascavell-1024x576.jpg\" alt=\"\" class=\"wp-image-5279\" srcset=\"https:\/\/blogs.amb.cat\/educacioambiental\/wp-content\/uploads\/sites\/2\/2025\/06\/4.-CEE-Nuestra-Senora-de-la-Esperanza.-menu-de-lEscola-Cascavell-1024x576.jpg 1024w, https:\/\/blogs.amb.cat\/educacioambiental\/wp-content\/uploads\/sites\/2\/2025\/06\/4.-CEE-Nuestra-Senora-de-la-Esperanza.-menu-de-lEscola-Cascavell-300x169.jpg 300w, https:\/\/blogs.amb.cat\/educacioambiental\/wp-content\/uploads\/sites\/2\/2025\/06\/4.-CEE-Nuestra-Senora-de-la-Esperanza.-menu-de-lEscola-Cascavell-768x432.jpg 768w, https:\/\/blogs.amb.cat\/educacioambiental\/wp-content\/uploads\/sites\/2\/2025\/06\/4.-CEE-Nuestra-Senora-de-la-Esperanza.-menu-de-lEscola-Cascavell.jpg 1500w\" sizes=\"(max-width: 1024px) 100vw, 1024px\" \/><\/a><figcaption>Imatge 4: alumnat del CEE Nuestra Se\u00f1ora de la Esperanza treballant el men\u00fa de l&#8217;Escola Cascavell<\/figcaption><\/figure><\/div>\n\n\n\n<p><strong>Mercat sostenible Dom\u00e8nech (INS Dom\u00e8nech i Montaner<\/strong>)<\/p>\n\n\n\n<p>Amb l\u2019objectiu d\u2019ensenyar a les futures generacions a viure amb un consum m\u00e9s sostenible, l\u2019alumnat de l\u2019Institut Dom\u00e8nech i Muntaner ha dissenyat activitats l\u00fadiques i formatives per als nens i les nenes de prim\u00e0ria de l\u2019Escola Ramon Casas. Una de les classes ha organitzat una gimcana, mentre que l\u2019altra ha recreat un mercat per oferir als m\u00e9s petits l\u2019oportunitat d\u2019aprendre de manera pr\u00e0ctica com adoptar h\u00e0bits i escollir aliments m\u00e9s respectuosos amb el planeta.<\/p>\n\n\n\n<p>Una alumna de 3r d\u2019ESO ens explica: \u201cJo estic orgullosa del que he fet. M\u2019ha semblat una activitat divertida.\u201d<\/p>\n\n\n\n<div class=\"wp-block-image\"><figure class=\"aligncenter size-large\"><a href=\"https:\/\/blogs.amb.cat\/educacioambiental\/wp-content\/uploads\/sites\/2\/2025\/06\/5.-INS-Domenech-i-Montaner.-Assajant-lactivitat-del-Mercat_baixa-scaled.jpg\"><img width=\"768\" height=\"1024\" src=\"https:\/\/blogs.amb.cat\/educacioambiental\/wp-content\/uploads\/sites\/2\/2025\/06\/5.-INS-Domenech-i-Montaner.-Assajant-lactivitat-del-Mercat_baixa-768x1024.jpg\" alt=\"\" class=\"wp-image-5280\" srcset=\"https:\/\/blogs.amb.cat\/educacioambiental\/wp-content\/uploads\/sites\/2\/2025\/06\/5.-INS-Domenech-i-Montaner.-Assajant-lactivitat-del-Mercat_baixa-768x1024.jpg 768w, https:\/\/blogs.amb.cat\/educacioambiental\/wp-content\/uploads\/sites\/2\/2025\/06\/5.-INS-Domenech-i-Montaner.-Assajant-lactivitat-del-Mercat_baixa-225x300.jpg 225w, https:\/\/blogs.amb.cat\/educacioambiental\/wp-content\/uploads\/sites\/2\/2025\/06\/5.-INS-Domenech-i-Montaner.-Assajant-lactivitat-del-Mercat_baixa-1152x1536.jpg 1152w, https:\/\/blogs.amb.cat\/educacioambiental\/wp-content\/uploads\/sites\/2\/2025\/06\/5.-INS-Domenech-i-Montaner.-Assajant-lactivitat-del-Mercat_baixa-1536x2048.jpg 1536w, https:\/\/blogs.amb.cat\/educacioambiental\/wp-content\/uploads\/sites\/2\/2025\/06\/5.-INS-Domenech-i-Montaner.-Assajant-lactivitat-del-Mercat_baixa-scaled.jpg 1920w\" sizes=\"(max-width: 768px) 100vw, 768px\" \/><\/a><figcaption>Imatge 5: alumnat fent l&#8217;assaig del mercat sostenible<\/figcaption><\/figure><\/div>\n\n\n\n<h4><strong>Missi\u00f3 H20!<\/strong> <\/h4>\n\n\n\n<p>L\u2019alumnat apr\u00e8n com s\u2019obt\u00e9, es potabilitza i es depura l\u2019aigua al nostre territori, quines infraestructures ho fan possible, i quines alternatives hi ha per garantir el subministrament davant situacions extremes com la sequera. Amb una mirada cient\u00edfica i cr\u00edtica, connecten el coneixement amb la realitat m\u00e9s propera.<\/p>\n\n\n\n<p><strong>Contes per salvar l\u2019aigua (Col\u00b7legi Pare Enric Oss\u00f3<\/strong>)<\/p>\n\n\n\n<p>L\u2019alumnat de 5\u00e8 de prim\u00e0ria d\u2019aquesta escola va entrevistar a persones del Casal de Gent Gran de Bellvitge per descobrir qu\u00e8 feien abans per evitar malbaratar l\u2019aigua. A continuaci\u00f3, cada classe va elaborar un conte, des de zero, per transmetre aquests coneixements a infants m\u00e9s petits de manera divertida.<\/p>\n\n\n\n<p>\u201cHa estat molt <em>xula <\/em>aquesta experi\u00e8ncia\u201d, diu un alumne de 5\u00e8 de prim\u00e0ria.<\/p>\n\n\n\n<div class=\"wp-block-image\"><figure class=\"aligncenter size-large\"><a href=\"https:\/\/blogs.amb.cat\/educacioambiental\/wp-content\/uploads\/sites\/2\/2025\/06\/6.-Collegi-Pare-Enric-Osso.-Personatges-del-conte-per-salvar-laigua.HEIC_-scaled.jpg\"><img width=\"1024\" height=\"768\" src=\"https:\/\/blogs.amb.cat\/educacioambiental\/wp-content\/uploads\/sites\/2\/2025\/06\/6.-Collegi-Pare-Enric-Osso.-Personatges-del-conte-per-salvar-laigua.HEIC_-1024x768.jpg\" alt=\"\" class=\"wp-image-5281\" srcset=\"https:\/\/blogs.amb.cat\/educacioambiental\/wp-content\/uploads\/sites\/2\/2025\/06\/6.-Collegi-Pare-Enric-Osso.-Personatges-del-conte-per-salvar-laigua.HEIC_-1024x768.jpg 1024w, https:\/\/blogs.amb.cat\/educacioambiental\/wp-content\/uploads\/sites\/2\/2025\/06\/6.-Collegi-Pare-Enric-Osso.-Personatges-del-conte-per-salvar-laigua.HEIC_-300x225.jpg 300w, https:\/\/blogs.amb.cat\/educacioambiental\/wp-content\/uploads\/sites\/2\/2025\/06\/6.-Collegi-Pare-Enric-Osso.-Personatges-del-conte-per-salvar-laigua.HEIC_-768x576.jpg 768w, https:\/\/blogs.amb.cat\/educacioambiental\/wp-content\/uploads\/sites\/2\/2025\/06\/6.-Collegi-Pare-Enric-Osso.-Personatges-del-conte-per-salvar-laigua.HEIC_-1536x1152.jpg 1536w, https:\/\/blogs.amb.cat\/educacioambiental\/wp-content\/uploads\/sites\/2\/2025\/06\/6.-Collegi-Pare-Enric-Osso.-Personatges-del-conte-per-salvar-laigua.HEIC_-2048x1536.jpg 2048w\" sizes=\"(max-width: 1024px) 100vw, 1024px\" \/><\/a><figcaption>Imatge 6: personatges del contes per salvar l&#8217;aigua del Col\u00b7legi Pare Enric d&#8217;Oss\u00f3<\/figcaption><\/figure><\/div>\n\n\n\n<p><strong>Mulla\u2019t (INS Sant Just<\/strong>)<\/p>\n\n\n\n<p>Amb l\u2019objectiu de con\u00e8ixer millor els usos de l\u2019aigua, la sequera i les bones pr\u00e0ctiques associades, l\u2019alumnat ha desenvolupat el projecte Mulla\u2019t. Han elaborat un v\u00eddeo resum del proc\u00e9s d\u2019aprenentatge i de les entrevistes que han fet, que han compartit en un blog creat expressament per donar visibilitat a la iniciativa. Per tal de fer-ne una difusi\u00f3 m\u00e9s \u00e0mplia, tamb\u00e9 han participat en un espai a la r\u00e0dio local, R\u00e0dio Desvern.<\/p>\n\n\n\n<p>Una jove de l\u2019INS Sant Just explica: \u201cHa estat molt bon projecte i a mi personalment m&#8217;ha semblat interessant i he apr\u00e8s molt\u201d<\/p>\n\n\n\n<p>Consulta aqu\u00ed el <a href=\"https:\/\/sites.google.com\/institutsantjust.cat\/mullat-per-santjust\/p%C3%A0gina-principal\">blog<\/a> i la secci\u00f3 que van realitzar a <a href=\"https:\/\/www.radiodesvern.com\/programs\/la-rambla\/radiodesvern_podcast_36237?s=5021&amp;ref=wa&amp;mid=radiodesvern_podcast_36237_podcastmarker_4\">R\u00e0dio Desvern<\/a>.<\/p>\n\n\n\n<p><strong>\u201cTanca l\u2019aixeta, pensa en les conseq\u00fc\u00e8ncies\u201d (INS Torrent de les Bruixes<\/strong>)<\/p>\n\n\n\n<p>Amb la voluntat de sensibilitzar sobre l\u2019\u00fas responsable de l\u2019aigua, l\u2019alumnat ha dut a terme la creaci\u00f3 d\u2019un mural educatiu al pati de l\u2019Escola Beethoven, acompanyat d\u2019una explicaci\u00f3 did\u00e0ctica adre\u00e7ada als infants del centre.<\/p>\n\n\n\n<figure class=\"wp-block-image size-large\"><a href=\"https:\/\/blogs.amb.cat\/educacioambiental\/wp-content\/uploads\/sites\/2\/2025\/06\/7.-INS-Torrent-de-les-Bruixes.-Mural_baixa.jpg\"><img width=\"1000\" height=\"750\" src=\"https:\/\/blogs.amb.cat\/educacioambiental\/wp-content\/uploads\/sites\/2\/2025\/06\/7.-INS-Torrent-de-les-Bruixes.-Mural_baixa.jpg\" alt=\"\" class=\"wp-image-5282\" srcset=\"https:\/\/blogs.amb.cat\/educacioambiental\/wp-content\/uploads\/sites\/2\/2025\/06\/7.-INS-Torrent-de-les-Bruixes.-Mural_baixa.jpg 1000w, https:\/\/blogs.amb.cat\/educacioambiental\/wp-content\/uploads\/sites\/2\/2025\/06\/7.-INS-Torrent-de-les-Bruixes.-Mural_baixa-300x225.jpg 300w, https:\/\/blogs.amb.cat\/educacioambiental\/wp-content\/uploads\/sites\/2\/2025\/06\/7.-INS-Torrent-de-les-Bruixes.-Mural_baixa-768x576.jpg 768w\" sizes=\"(max-width: 1000px) 100vw, 1000px\" \/><\/a><figcaption>Imatge 7: mural al pati de l&#8217;Escola Beethoven elaborat per l&#8217;alumnat de l&#8217;INS Torrent de les Bruixes<\/figcaption><\/figure>\n\n\n\n<h4><strong>Dr\u00e0stics amb els pl\u00e0stics<\/strong><\/h4>\n\n\n\n<p>En aquest projecte investiguen l\u2019origen i el cicle de vida del pl\u00e0stic, en descobreixen els impactes ecol\u00f2gics i, a partir d\u2019aqu\u00ed, creen materials i activitats per sensibilitzar sobre la necessitat de reduir-ne l\u2019\u00fas i prevenir-ne la generaci\u00f3 com a residu.<\/p>\n\n\n\n<p><strong>&#8220;Tutorials amb Impacte: Reviu l&#8217;Env\u00e0s!&#8221; (Escola Mediterr\u00e0nia<\/strong>)<\/p>\n\n\n\n<p>Amb l\u2019objectiu de promoure la reutilitzaci\u00f3 dels pl\u00e0stics, l\u2019alumnat ha creat un v\u00eddeo informatiu i diversos tutorials pr\u00e0ctics que es publicaran <a href=\"https:\/\/sites.google.com\/mediterraniacornella.cat\/drastics-amb-els-plastics?usp=sharing\" data-type=\"URL\" data-id=\"https:\/\/sites.google.com\/mediterraniacornella.cat\/drastics-amb-els-plastics?usp=sharing\">en una p\u00e0gina web<\/a> per compartir-los amb diferents centres. A m\u00e9s, al centre educatiu ve\u00ed, l\u2019Escola Antoni Gaud\u00ed, han realitzat diverses din\u00e0miques vinculades a les problem\u00e0tiques relacionades amb els pl\u00e0stics per aprofundir en la conscienciaci\u00f3 i el debat.<\/p>\n\n\n\n<p>Una alumna de 6\u00e8 de prim\u00e0ria de l\u2019Escola Mediterr\u00e0nia ens ha dit el seg\u00fcent sobre el projecte <em>Dr\u00e0stics amb els pl\u00e0stics<\/em>: \u201cHa sigut molt divertit i he apr\u00e9s moltes coses sobre el pl\u00e0stic i com pot afectar al planeta. M&#8217;ha agradat molt i ho han fet molt b\u00e9.\u201d<\/p>\n\n\n\n<div class=\"wp-block-image\"><figure class=\"aligncenter size-large\"><a href=\"https:\/\/blogs.amb.cat\/educacioambiental\/wp-content\/uploads\/sites\/2\/2025\/06\/8.-Escola-Mediterrania.-Preparant-els-materials-per-lactivitat-a-lEscola-Gaudi.jpeg\"><img width=\"768\" height=\"1024\" src=\"https:\/\/blogs.amb.cat\/educacioambiental\/wp-content\/uploads\/sites\/2\/2025\/06\/8.-Escola-Mediterrania.-Preparant-els-materials-per-lactivitat-a-lEscola-Gaudi-768x1024.jpeg\" alt=\"\" class=\"wp-image-5283\" srcset=\"https:\/\/blogs.amb.cat\/educacioambiental\/wp-content\/uploads\/sites\/2\/2025\/06\/8.-Escola-Mediterrania.-Preparant-els-materials-per-lactivitat-a-lEscola-Gaudi-768x1024.jpeg 768w, https:\/\/blogs.amb.cat\/educacioambiental\/wp-content\/uploads\/sites\/2\/2025\/06\/8.-Escola-Mediterrania.-Preparant-els-materials-per-lactivitat-a-lEscola-Gaudi-225x300.jpeg 225w, https:\/\/blogs.amb.cat\/educacioambiental\/wp-content\/uploads\/sites\/2\/2025\/06\/8.-Escola-Mediterrania.-Preparant-els-materials-per-lactivitat-a-lEscola-Gaudi-1152x1536.jpeg 1152w, https:\/\/blogs.amb.cat\/educacioambiental\/wp-content\/uploads\/sites\/2\/2025\/06\/8.-Escola-Mediterrania.-Preparant-els-materials-per-lactivitat-a-lEscola-Gaudi.jpeg 1200w\" sizes=\"(max-width: 768px) 100vw, 768px\" \/><\/a><figcaption>Imatge 8: alumnat de l&#8217;escola Mediterr\u00e0nia preparant el material per a l&#8217;escola Gaud\u00ed.<\/figcaption><\/figure><\/div>\n\n\n\n<div class=\"wp-block-image\"><figure class=\"aligncenter size-large\"><a href=\"https:\/\/blogs.amb.cat\/educacioambiental\/wp-content\/uploads\/sites\/2\/2025\/06\/9.-Escola-Mediterrania.-Fent-els-videotutorials-amb-el-croma-darrere.jpeg\"><img width=\"768\" height=\"1024\" src=\"https:\/\/blogs.amb.cat\/educacioambiental\/wp-content\/uploads\/sites\/2\/2025\/06\/9.-Escola-Mediterrania.-Fent-els-videotutorials-amb-el-croma-darrere-768x1024.jpeg\" alt=\"\" class=\"wp-image-5284\" srcset=\"https:\/\/blogs.amb.cat\/educacioambiental\/wp-content\/uploads\/sites\/2\/2025\/06\/9.-Escola-Mediterrania.-Fent-els-videotutorials-amb-el-croma-darrere-768x1024.jpeg 768w, https:\/\/blogs.amb.cat\/educacioambiental\/wp-content\/uploads\/sites\/2\/2025\/06\/9.-Escola-Mediterrania.-Fent-els-videotutorials-amb-el-croma-darrere-225x300.jpeg 225w, https:\/\/blogs.amb.cat\/educacioambiental\/wp-content\/uploads\/sites\/2\/2025\/06\/9.-Escola-Mediterrania.-Fent-els-videotutorials-amb-el-croma-darrere-1152x1536.jpeg 1152w, https:\/\/blogs.amb.cat\/educacioambiental\/wp-content\/uploads\/sites\/2\/2025\/06\/9.-Escola-Mediterrania.-Fent-els-videotutorials-amb-el-croma-darrere.jpeg 1200w\" sizes=\"(max-width: 768px) 100vw, 768px\" \/><\/a><figcaption>Imatge 9: alumnat de l&#8217;escola Mediterr\u00e0nia preparant els v\u00eddeotutorials per a l&#8217;escola Gaud\u00ed.<\/figcaption><\/figure><\/div>\n\n\n\n<h4><strong>Vigilants de la calor<\/strong><\/h4>\n\n\n\n<p>En aquest projecte estudia com afecta la calor a les seves llars. Mesuren temperatures, analitzen el confort t\u00e8rmic i interpreten dades reals per entendre com viuen els per\u00edodes c\u00e0lids les fam\u00edlies del seu entorn. Amb els resultats obtinguts, ideen propostes concretes per millorar el confort t\u00e8rmic dins els habitatges i en espais comunitaris, tot tenint en compte criteris d\u2019efici\u00e8ncia, sostenibilitat i just\u00edcia clim\u00e0tica.<\/p>\n\n\n\n<p><strong>Anem fresques fins al refugi (Escola Heura<\/strong>)<\/p>\n\n\n\n<p>Amb l\u2019objectiu de fer front a la calor i cuidar col\u00b7lectius vulnerables, l\u2019alumnat de 4t ha dissenyat una ruta fresca pels infants de l\u2019EBM El Cargol. S\u2019han elaborat tamb\u00e9 els cartells de senyalitzaci\u00f3, fets amb la col\u00b7laboraci\u00f3 de cada col\u00b7lectiu. Per altra banda, l\u2019alumnat de 3r de prim\u00e0ria ha posat el seu gra de sorra en la lluita contra el canvi clim\u00e0tic: ha participat en el manifest que ha elaborat \u201cFont d\u2019en Fargues pel Clima\u00b7\u201d, iniciativa de l\u2019Associaci\u00f3 del Casal Font d\u2019en Fargues que compta amb la participaci\u00f3 d\u2019entitats del barri. A m\u00e9s, cinc alumnes l\u2019han llegit davant el ve\u00efnat, en un dels actes de la Festa Major.<\/p>\n\n\n\n<p>La majoria d\u2019alumnes de 3r i 4t de l\u2019Escola Heura compartien que aquest projecte els hi ha agradat molt i que no canviarien res del que han fet.<\/p>\n\n\n\n<figure class=\"wp-block-image size-large\"><a href=\"https:\/\/blogs.amb.cat\/educacioambiental\/wp-content\/uploads\/sites\/2\/2025\/06\/10.-Escola-Heura.-Lalumnat-de-3r-fent-el-tancament-del-projecte.-scaled.jpeg\"><img width=\"1024\" height=\"768\" src=\"https:\/\/blogs.amb.cat\/educacioambiental\/wp-content\/uploads\/sites\/2\/2025\/06\/10.-Escola-Heura.-Lalumnat-de-3r-fent-el-tancament-del-projecte.-1024x768.jpeg\" alt=\"\" class=\"wp-image-5285\" srcset=\"https:\/\/blogs.amb.cat\/educacioambiental\/wp-content\/uploads\/sites\/2\/2025\/06\/10.-Escola-Heura.-Lalumnat-de-3r-fent-el-tancament-del-projecte.-1024x768.jpeg 1024w, https:\/\/blogs.amb.cat\/educacioambiental\/wp-content\/uploads\/sites\/2\/2025\/06\/10.-Escola-Heura.-Lalumnat-de-3r-fent-el-tancament-del-projecte.-300x225.jpeg 300w, https:\/\/blogs.amb.cat\/educacioambiental\/wp-content\/uploads\/sites\/2\/2025\/06\/10.-Escola-Heura.-Lalumnat-de-3r-fent-el-tancament-del-projecte.-768x576.jpeg 768w, https:\/\/blogs.amb.cat\/educacioambiental\/wp-content\/uploads\/sites\/2\/2025\/06\/10.-Escola-Heura.-Lalumnat-de-3r-fent-el-tancament-del-projecte.-1536x1152.jpeg 1536w, https:\/\/blogs.amb.cat\/educacioambiental\/wp-content\/uploads\/sites\/2\/2025\/06\/10.-Escola-Heura.-Lalumnat-de-3r-fent-el-tancament-del-projecte.-2048x1536.jpeg 2048w\" sizes=\"(max-width: 1024px) 100vw, 1024px\" \/><\/a><figcaption>Imatge 10: alumnat de l&#8217;escola Heura fent el tancament del projecte.<\/figcaption><\/figure>\n\n\n\n<h4><strong>Comunitat educativa per una transici\u00f3 energ\u00e8tica (CETE)<\/strong> <\/h4>\n\n\n\n<p>En aquest projecte s\u2019investiga quant consumim i com en podem estalviar a casa i a l\u2019escola. A trav\u00e9s d\u2019una diagnosi real, mesuren consums el\u00e8ctrics, identifiquen aparells que gasten m\u00e9s del compte i analitzen h\u00e0bits poc sostenibles. Amb tota aquesta informaci\u00f3, dissenyen propostes per reduir el consum i fer un \u00fas m\u00e9s responsable de l\u2019energia, tant en espais escolars com en \u00e0mbits dom\u00e8stics.<\/p>\n\n\n\n<p>&#8220;<strong>La nostra escola i les nostres cases ideals&#8221; (Escola Cascavell<\/strong>)<\/p>\n\n\n\n<p>Amb l\u2019objectiu de fomentar la consci\u00e8ncia ambiental i l\u2019efici\u00e8ncia energ\u00e8tica, l\u2019alumnat de 5\u00e8 ha elaborat maquetes de cases sostenibles, que han estat exposades a la Biblioteca Font de la Mina. Paral\u00b7lelament, el de 6\u00e8 ha dissenyat propostes de millora per convertir el seu centre en un edifici m\u00e9s eficient, que ha presentat a les fam\u00edlies.<\/p>\n\n\n\n<p>Un alumne de 5\u00e8 de l\u2019Escola Cascavell ha escrit el seg\u00fcent en la valoraci\u00f3 final: \u201cm&#8217;ha agradat bastant aquest projecte perqu\u00e8 he apr\u00e8s moltes coses noves\u201d.<\/p>\n\n\n\n<div class=\"wp-block-image\"><figure class=\"aligncenter size-large\"><a href=\"https:\/\/blogs.amb.cat\/educacioambiental\/wp-content\/uploads\/sites\/2\/2025\/06\/11.-Escola-Cascavell.-Lalumnat-de-5e-creant-les-maquestes-de-les-llars-eficients.jpeg\"><img width=\"1024\" height=\"768\" src=\"https:\/\/blogs.amb.cat\/educacioambiental\/wp-content\/uploads\/sites\/2\/2025\/06\/11.-Escola-Cascavell.-Lalumnat-de-5e-creant-les-maquestes-de-les-llars-eficients-1024x768.jpeg\" alt=\"\" class=\"wp-image-5286\" srcset=\"https:\/\/blogs.amb.cat\/educacioambiental\/wp-content\/uploads\/sites\/2\/2025\/06\/11.-Escola-Cascavell.-Lalumnat-de-5e-creant-les-maquestes-de-les-llars-eficients-1024x768.jpeg 1024w, https:\/\/blogs.amb.cat\/educacioambiental\/wp-content\/uploads\/sites\/2\/2025\/06\/11.-Escola-Cascavell.-Lalumnat-de-5e-creant-les-maquestes-de-les-llars-eficients-300x225.jpeg 300w, https:\/\/blogs.amb.cat\/educacioambiental\/wp-content\/uploads\/sites\/2\/2025\/06\/11.-Escola-Cascavell.-Lalumnat-de-5e-creant-les-maquestes-de-les-llars-eficients-768x576.jpeg 768w, https:\/\/blogs.amb.cat\/educacioambiental\/wp-content\/uploads\/sites\/2\/2025\/06\/11.-Escola-Cascavell.-Lalumnat-de-5e-creant-les-maquestes-de-les-llars-eficients-1536x1152.jpeg 1536w, https:\/\/blogs.amb.cat\/educacioambiental\/wp-content\/uploads\/sites\/2\/2025\/06\/11.-Escola-Cascavell.-Lalumnat-de-5e-creant-les-maquestes-de-les-llars-eficients.jpeg 2048w\" sizes=\"(max-width: 1024px) 100vw, 1024px\" \/><\/a><figcaption>Imatge 11: dues alumnes de l&#8217;escola Cascavell elaborant les maquetes de llars eficients<\/figcaption><\/figure><\/div>\n\n\n\n<div class=\"wp-block-image\"><figure class=\"aligncenter size-large\"><a href=\"https:\/\/blogs.amb.cat\/educacioambiental\/wp-content\/uploads\/sites\/2\/2025\/06\/12.-Escola-Cascavell.-Maqueta-del-centre-educariu-mes-eficient-scaled.jpg\"><img width=\"1024\" height=\"630\" src=\"https:\/\/blogs.amb.cat\/educacioambiental\/wp-content\/uploads\/sites\/2\/2025\/06\/12.-Escola-Cascavell.-Maqueta-del-centre-educariu-mes-eficient-1024x630.jpg\" alt=\"\" class=\"wp-image-5287\" srcset=\"https:\/\/blogs.amb.cat\/educacioambiental\/wp-content\/uploads\/sites\/2\/2025\/06\/12.-Escola-Cascavell.-Maqueta-del-centre-educariu-mes-eficient-1024x630.jpg 1024w, https:\/\/blogs.amb.cat\/educacioambiental\/wp-content\/uploads\/sites\/2\/2025\/06\/12.-Escola-Cascavell.-Maqueta-del-centre-educariu-mes-eficient-300x185.jpg 300w, https:\/\/blogs.amb.cat\/educacioambiental\/wp-content\/uploads\/sites\/2\/2025\/06\/12.-Escola-Cascavell.-Maqueta-del-centre-educariu-mes-eficient-768x473.jpg 768w, https:\/\/blogs.amb.cat\/educacioambiental\/wp-content\/uploads\/sites\/2\/2025\/06\/12.-Escola-Cascavell.-Maqueta-del-centre-educariu-mes-eficient-1536x945.jpg 1536w, https:\/\/blogs.amb.cat\/educacioambiental\/wp-content\/uploads\/sites\/2\/2025\/06\/12.-Escola-Cascavell.-Maqueta-del-centre-educariu-mes-eficient-2048x1261.jpg 2048w\" sizes=\"(max-width: 1024px) 100vw, 1024px\" \/><\/a><figcaption>Imatge 12: maqueta del centre educatiu m\u00e9s eficient<\/figcaption><\/figure><\/div>\n\n\n\n<h4><strong>Rehabilitaci\u00f3 energ\u00e8tica d&#8217;edificis residencials (REER)<\/strong><\/h4>\n\n\n\n<p>A partir d\u2019una an\u00e0lisi energ\u00e8tica real d\u2019un edifici on viu algun membre del grup, l\u2019alumnat avalua consums, identifica punts cr\u00edtics i descobreix els impactes ambientals associats a l\u2019\u00fas d\u2019electricitat. A m\u00e9s proposen alternatives per reduir el consum, estalviar i cuidar el planeta.<\/p>\n\n\n\n<p>Aquest projecte t\u00e9 un sol servei, i consisteix en compartir amb el ve\u00efnat les seves troballes i recomanacions, a trav\u00e9s de xerrades, infografies, v\u00eddeos o trobades comunit\u00e0ries.<\/p>\n\n\n\n<p>Aquest curs, els alumnes de 2n de Batxillerat Cient\u00edfic de l\u2019INS Torrent de les Bruixes han realitzat aquest APS.<\/p>\n\n\n\n<p>Una alumna de Batxillerat comenta: <em>\u201c<\/em>Penso que \u00e9s un treball interessant que surt de la normalitat de les assignatures, ja que cap assignatura que donem a l&#8217;institut s&#8217;endinsa tant en fer una millora per a persones. Per aix\u00f2 penso que \u00e9s interessant fer aquest projecte i con\u00e8ixer les diferents situacions de les comunitats que podem trobar al nostre voltant<em>.\u201d<\/em><\/p>\n\n\n\n<p><\/p>\n\n\n\n<p>Aquest curs 2024-2025, els projectes d\u2019Aprenentatge i Servei han demostrat, un cop m\u00e9s, que quan el coneixement es posa al servei del b\u00e9 com\u00fa, l\u2019impacte \u00e9s profund i transformador. Infants i joves han apr\u00e8s, actuat i deixat empremta real en el seu entorn, tot teixint vincles amb la comunitat i afrontant reptes ambientals amb creativitat i comprom\u00eds.<\/p>\n\n\n\n<p>L\u2019APS no nom\u00e9s educa, sin\u00f3 que activa consci\u00e8ncies i genera canvi. Des de millorar l\u2019efici\u00e8ncia energ\u00e8tica fins a optimitzar el consum d\u2019aigua o fer front a la calor urbana, els alumnes han esdevingut protagonistes d\u2019un futur m\u00e9s just i sostenible.<\/p>\n\n\n\n<p>I tu, qu\u00e8 pots fer des del teu centre, des del teu barri o des de casa teva? L\u2019acci\u00f3 local t\u00e9 un gran poder transformador. Sumem-hi coneixement, actitud i servei. Perqu\u00e8 el futur no s\u2019espera: es construeix.<\/p>\n\n\n\n<h4>Enlla\u00e7os relacionats: <\/h4>\n\n\n\n<p><a href=\"https:\/\/www.amb.cat\/web\/medi-ambient\/sostenibilitat\/educacio-ambiental\/aps\">https:\/\/www.amb.cat\/web\/medi-ambient\/sostenibilitat\/educacio-ambiental\/aps<\/a><\/p>\n","protected":false},"excerpt":{"rendered":"<p>Durant el curs 2024-2025, 1.509 infants i joves de 34 centres educatius han participat en els projectes d\u2019aprenentatge servei, repartits en 62 grups. A continuaci\u00f3, us expliquem alguns dels serveis que han generat m\u00e9s impacte en el territori. Aquest curs, 1.509 infants i joves de 34 centres educatius han dut a terme projectes d\u2019aprenentatge servei [&hellip;]<\/p>\n","protected":false},"author":31,"featured_media":5282,"comment_status":"closed","ping_status":"open","sticky":false,"template":"","format":"standard","meta":{"_oasis_is_in_workflow":0,"_oasis_original":0,"ngg_post_thumbnail":0},"categories":[31,35,39,1],"tags":[],"_links":{"self":[{"href":"https:\/\/blogs.amb.cat\/educacioambiental\/wp-json\/wp\/v2\/posts\/5275"}],"collection":[{"href":"https:\/\/blogs.amb.cat\/educacioambiental\/wp-json\/wp\/v2\/posts"}],"about":[{"href":"https:\/\/blogs.amb.cat\/educacioambiental\/wp-json\/wp\/v2\/types\/post"}],"author":[{"embeddable":true,"href":"https:\/\/blogs.amb.cat\/educacioambiental\/wp-json\/wp\/v2\/users\/31"}],"replies":[{"embeddable":true,"href":"https:\/\/blogs.amb.cat\/educacioambiental\/wp-json\/wp\/v2\/comments?post=5275"}],"version-history":[{"count":5,"href":"https:\/\/blogs.amb.cat\/educacioambiental\/wp-json\/wp\/v2\/posts\/5275\/revisions"}],"predecessor-version":[{"id":5323,"href":"https:\/\/blogs.amb.cat\/educacioambiental\/wp-json\/wp\/v2\/posts\/5275\/revisions\/5323"}],"wp:featuredmedia":[{"embeddable":true,"href":"https:\/\/blogs.amb.cat\/educacioambiental\/wp-json\/wp\/v2\/media\/5282"}],"wp:attachment":[{"href":"https:\/\/blogs.amb.cat\/educacioambiental\/wp-json\/wp\/v2\/media?parent=5275"}],"wp:term":[{"taxonomy":"category","embeddable":true,"href":"https:\/\/blogs.amb.cat\/educacioambiental\/wp-json\/wp\/v2\/categories?post=5275"},{"taxonomy":"post_tag","embeddable":true,"href":"https:\/\/blogs.amb.cat\/educacioambiental\/wp-json\/wp\/v2\/tags?post=5275"}],"curies":[{"name":"wp","href":"https:\/\/api.w.org\/{rel}","templated":true}]}}