
 







{"id":5335,"date":"2025-07-10T12:53:00","date_gmt":"2025-07-10T12:53:00","guid":{"rendered":"https:\/\/blogs.amb.cat\/educacioambiental\/?p=5335"},"modified":"2025-07-16T09:09:20","modified_gmt":"2025-07-16T09:09:20","slug":"de-la-teoria-a-laccio-educar-per-transformar","status":"publish","type":"post","link":"https:\/\/blogs.amb.cat\/educacioambiental\/2025\/07\/10\/de-la-teoria-a-laccio-educar-per-transformar\/","title":{"rendered":"De la teoria a l\u2019acci\u00f3: educar per transformar"},"content":{"rendered":"\n<p>En un context d\u2019emerg\u00e8ncia clim\u00e0tica, l\u2019educaci\u00f3 ambiental \u00e9s una eina imprescindible per entendre els grans reptes que afrontem i per actuar des del nostre entorn m\u00e9s proper. Al programa <strong>Compartim un Futur<\/strong>, creiem que aprendre no \u00e9s nom\u00e9s comprendre, sin\u00f3 tamb\u00e9 transformar. Per aix\u00f2 apostem per <strong>activitats vivencials que connecten coneixement i territori, i fomenten valors, actituds i accions cap a un futur m\u00e9s sostenible<\/strong>.<\/p>\n\n\n\n<h4>De canvi clim\u00e0tic a emerg\u00e8ncia clim\u00e0tica<\/h4>\n\n\n\n<p>Durant anys, hem parlat de canvi clim\u00e0tic com si fos un proc\u00e9s lent i lluny\u00e0. Avui, per\u00f2, ens enfrontem a una <strong>emerg\u00e8ncia clim\u00e0tica<\/strong> amb efectes visibles i accelerats: menys pluges, m\u00e9s onades de calor, incendis forestals, aire contaminat i ecosistemes amena\u00e7ats.<\/p>\n\n\n\n<p>Tot i la gravetat de la situaci\u00f3, <strong>encara som a temps d\u2019actuar<\/strong>. Reduir emissions, protegir la biodiversitat i canviar els nostres h\u00e0bits de consum s\u00f3n accions clau. Per\u00f2 el primer pas \u00e9s prendre&#8217;n consci\u00e8ncia, i per aix\u00f2 cal una educaci\u00f3 que interpel\u00b7li i mobilitzi.<\/p>\n\n\n\n<h4>Educaci\u00f3 ambiental: de l\u2019abstracci\u00f3 a l\u2019experi\u00e8ncia<\/h4>\n\n\n\n<p>Con\u00e8ixer les dades del canvi clim\u00e0tic no \u00e9s suficient. Per generar comprom\u00eds, cal <strong>viure i sentir<\/strong> el problema. <strong>L\u2019educaci\u00f3 ambiental tradueix conceptes complexos en experi\u00e8ncies significatives<\/strong>: itineraris, tallers i visites que permeten entendre que la crisi clim\u00e0tica no \u00e9s nom\u00e9s global, sin\u00f3 tamb\u00e9 local, i que les solucions s\u00f3n al nostre abast.<\/p>\n\n\n\n<p>Quan trepitgem un bosc, visitem una depuradora o experimentem els efectes d\u2019un microclima urb\u00e0, establim un vincle emocional amb el territori. I <strong>aquest vincle \u00e9s el motor que impulsa el canvi<\/strong>.<\/p>\n\n\n\n<figure class=\"wp-block-image size-large\"><a href=\"https:\/\/blogs.amb.cat\/educacioambiental\/wp-content\/uploads\/sites\/2\/2025\/07\/image-4.jpg\"><img width=\"948\" height=\"628\" src=\"https:\/\/blogs.amb.cat\/educacioambiental\/wp-content\/uploads\/sites\/2\/2025\/07\/image-4.jpg\" alt=\"\" class=\"wp-image-5336\" srcset=\"https:\/\/blogs.amb.cat\/educacioambiental\/wp-content\/uploads\/sites\/2\/2025\/07\/image-4.jpg 948w, https:\/\/blogs.amb.cat\/educacioambiental\/wp-content\/uploads\/sites\/2\/2025\/07\/image-4-300x199.jpg 300w, https:\/\/blogs.amb.cat\/educacioambiental\/wp-content\/uploads\/sites\/2\/2025\/07\/image-4-768x509.jpg 768w\" sizes=\"(max-width: 948px) 100vw, 948px\" \/><\/a><\/figure>\n\n\n\n<h4>Connectar coneixement i territori<\/h4>\n\n\n\n<p>L\u2019emerg\u00e8ncia clim\u00e0tica es manifesta de forma diferent segons el context. Per aix\u00f2 \u00e9s fonamental <strong>connectar el coneixement ambiental amb el territori local<\/strong>. A l\u2019\u00e0rea metropolitana de Barcelona, els espais naturals, les instal\u00b7lacions ambientals i el teixit urb\u00e0 s\u00f3n escenaris privilegiats per educar.<\/p>\n\n\n\n<p>Al programa <strong>Compartim un Futur<\/strong> organitzem activitats arrelades al territori: visites a equipaments de gesti\u00f3 de residus o aig\u00fces, activitats a l&#8217;entorn (parcs i platges) i activitats d\u2019aprenentatge servei. Aquestes experi\u00e8ncies ajuden a <strong>entendre els reptes globals des de la realitat local<\/strong> i a fomentar un sentiment de corresponsabilitat.<\/p>\n\n\n\n<h4>Aprendre fent: l\u2019experi\u00e8ncia com a motor de canvi<\/h4>\n\n\n\n<p>Els aprenentatges m\u00e9s potents s\u00f3n els que es viuen en primera persona. Per aix\u00f2, proposem <strong>una educaci\u00f3 activa i participativa<\/strong>, que impliqui infants i joves com a protagonistes. Quan l\u2019aprenentatge esdev\u00e9 viv\u00e8ncia \u2014quan sortim de l\u2019aula, observem, experimentem i reflexionem\u2014 deixem una empremta emocional i afavorim la comprensi\u00f3 profunda.<\/p>\n\n\n\n<p>Projectes com l\u2019aprenentatge servei ambiental, els tallers pr\u00e0ctics i les activitats col\u00b7laboratives transformen la informaci\u00f3 en actituds i, finalment, en acci\u00f3. Aix\u00ed formem <strong>agents de canvi<\/strong> capa\u00e7os d\u2019influir en el seu entorn.<\/p>\n\n\n\n<h4>Valors per a un futur sostenible<\/h4>\n\n\n\n<p>L\u2019educaci\u00f3 ambiental no \u00e9s nom\u00e9s una q\u00fcesti\u00f3 de coneixements, sin\u00f3 tamb\u00e9 de <strong>valors<\/strong>: respecte, responsabilitat, empatia, just\u00edcia ambiental&#8230; Aquests valors s\u00f3n el <strong>fonament d\u2019una ciutadania activa i compromesa<\/strong> amb el planeta.<\/p>\n\n\n\n<p>Quan infants i joves s\u2019impliquen en accions ambientals, entenen que les seves decisions tenen impacte. Aix\u00f2 construeix una identitat ecol\u00f2gica i col\u00b7lectiva, que perdura en el temps i inspira canvis sostenibles.<\/p>\n\n\n\n<div class=\"wp-block-image\"><figure class=\"aligncenter size-large\"><a href=\"https:\/\/blogs.amb.cat\/educacioambiental\/wp-content\/uploads\/sites\/2\/2025\/07\/image-4-1.jpg\"><img width=\"675\" height=\"303\" src=\"https:\/\/blogs.amb.cat\/educacioambiental\/wp-content\/uploads\/sites\/2\/2025\/07\/image-4-1.jpg\" alt=\"\" class=\"wp-image-5337\" srcset=\"https:\/\/blogs.amb.cat\/educacioambiental\/wp-content\/uploads\/sites\/2\/2025\/07\/image-4-1.jpg 675w, https:\/\/blogs.amb.cat\/educacioambiental\/wp-content\/uploads\/sites\/2\/2025\/07\/image-4-1-300x135.jpg 300w\" sizes=\"(max-width: 675px) 100vw, 675px\" \/><\/a><\/figure><\/div>\n\n\n\n<h4>Educar per transformar, transformar per construir<\/h4>\n\n\n\n<p>L\u2019educaci\u00f3 ambiental ens ajuda a comprendre la crisi clim\u00e0tica i ens dona les eines per fer-hi front de manera col\u00b7lectiva. Al programa <strong>Compartim un Futur<\/strong>, fa m\u00e9s de 30 anys que plantem llavors de canvi en infants, joves i adults d\u2019arreu del territori metropolit\u00e0.<\/p>\n\n\n\n<p>\ud83c\udf31 <strong>Consulta les nostres activitats i recursos<\/strong> i descobreix com portar la sostenibilitat al teu centre educatiu, entitat o municipi.<br><strong>Educar avui \u00e9s construir el dem\u00e0. I el futur, el compartim.<\/strong><\/p>\n","protected":false},"excerpt":{"rendered":"<p>En un context d\u2019emerg\u00e8ncia clim\u00e0tica, l\u2019educaci\u00f3 ambiental \u00e9s una eina imprescindible per entendre els grans reptes que afrontem i per actuar des del nostre entorn m\u00e9s proper. Al programa Compartim un Futur, creiem que aprendre no \u00e9s nom\u00e9s comprendre, sin\u00f3 tamb\u00e9 transformar. Per aix\u00f2 apostem per activitats vivencials que connecten coneixement i territori, i fomenten [&hellip;]<\/p>\n","protected":false},"author":31,"featured_media":5339,"comment_status":"closed","ping_status":"open","sticky":false,"template":"","format":"standard","meta":{"_oasis_is_in_workflow":0,"_oasis_original":0,"ngg_post_thumbnail":0},"categories":[31,35,39,1],"tags":[],"_links":{"self":[{"href":"https:\/\/blogs.amb.cat\/educacioambiental\/wp-json\/wp\/v2\/posts\/5335"}],"collection":[{"href":"https:\/\/blogs.amb.cat\/educacioambiental\/wp-json\/wp\/v2\/posts"}],"about":[{"href":"https:\/\/blogs.amb.cat\/educacioambiental\/wp-json\/wp\/v2\/types\/post"}],"author":[{"embeddable":true,"href":"https:\/\/blogs.amb.cat\/educacioambiental\/wp-json\/wp\/v2\/users\/31"}],"replies":[{"embeddable":true,"href":"https:\/\/blogs.amb.cat\/educacioambiental\/wp-json\/wp\/v2\/comments?post=5335"}],"version-history":[{"count":2,"href":"https:\/\/blogs.amb.cat\/educacioambiental\/wp-json\/wp\/v2\/posts\/5335\/revisions"}],"predecessor-version":[{"id":5365,"href":"https:\/\/blogs.amb.cat\/educacioambiental\/wp-json\/wp\/v2\/posts\/5335\/revisions\/5365"}],"wp:featuredmedia":[{"embeddable":true,"href":"https:\/\/blogs.amb.cat\/educacioambiental\/wp-json\/wp\/v2\/media\/5339"}],"wp:attachment":[{"href":"https:\/\/blogs.amb.cat\/educacioambiental\/wp-json\/wp\/v2\/media?parent=5335"}],"wp:term":[{"taxonomy":"category","embeddable":true,"href":"https:\/\/blogs.amb.cat\/educacioambiental\/wp-json\/wp\/v2\/categories?post=5335"},{"taxonomy":"post_tag","embeddable":true,"href":"https:\/\/blogs.amb.cat\/educacioambiental\/wp-json\/wp\/v2\/tags?post=5335"}],"curies":[{"name":"wp","href":"https:\/\/api.w.org\/{rel}","templated":true}]}}