
 







{"id":5340,"date":"2025-07-10T13:08:00","date_gmt":"2025-07-10T13:08:00","guid":{"rendered":"https:\/\/blogs.amb.cat\/educacioambiental\/?p=5340"},"modified":"2025-08-05T09:46:02","modified_gmt":"2025-08-05T09:46:02","slug":"transicio-energetica-metropolitana-projectes-educacio-i-accions-que-fan-possible-el-canvi","status":"publish","type":"post","link":"https:\/\/blogs.amb.cat\/educacioambiental\/2025\/07\/10\/transicio-energetica-metropolitana-projectes-educacio-i-accions-que-fan-possible-el-canvi\/","title":{"rendered":"Transici\u00f3 energ\u00e8tica metropolitana: projectes, educaci\u00f3 i accions que fan possible el canvi"},"content":{"rendered":"\n<p>La crisi clim\u00e0tica ens obliga a repensar com produ\u00efm, distribu\u00efm i consumim l\u2019energia. M\u00e9s enll\u00e0 de les grans estrat\u00e8gies globals, la transformaci\u00f3 comen\u00e7a al nostre entorn immediat, amb accions concretes i projectes locals. En aquest post, t\u2019expliquem com l\u2019\u00c0rea Metropolitana de Barcelona avan\u00e7a cap a un model energ\u00e8tic m\u00e9s sostenible a trav\u00e9s d\u2019innovaci\u00f3, educaci\u00f3 i gestos quotidians que sumen. Perqu\u00e8 la transici\u00f3 energ\u00e8tica no \u00e9s una idea de futur: <strong>ja \u00e9s una realitat<\/strong>. Descobreix com tu tamb\u00e9 en pots formar part.<\/p>\n\n\n\n<h4>Dels combustibles f\u00f2ssils a les energies renovables<\/h4>\n\n\n\n<p>El model energ\u00e8tic actual es basa principalment en fonts de combustible f\u00f2ssils com ara el petroli, el gas natural i el carb\u00f3. Tot i haver impulsat el desenvolupament industrial, aquests recursos tenen un fort impacte ambiental: generen emissions de gasos d\u2019efecte hivernacle, contaminen l\u2019aire, l\u2019aigua i el s\u00f2l, i s\u00f3n limitats.<\/p>\n\n\n\n<p>Per fer front a aquesta situaci\u00f3, cal apostar per energies renovables com la solar, l\u2019e\u00f2lica, la hidroel\u00e8ctrica o la biomassa. S\u00f3n fonts inesgotables, netes i amb un impacte ambiental molt menor. Avan\u00e7ar cap a aquest nou model no \u00e9s nom\u00e9s una opci\u00f3 responsable, sin\u00f3 <strong>una necessitat per garantir un futur m\u00e9s saludable i sostenible<\/strong>.<\/p>\n\n\n\n<h4>Projectes locals que impulsen el canvi<\/h4>\n\n\n\n<p>A l\u2019AMB, diversos projectes i instal\u00b7lacions demostren que la transici\u00f3 energ\u00e8tica \u00e9s possible i ja est\u00e0 en marxa. Per exemple:<\/p>\n\n\n\n<ul><li><strong>La planta de valoritzaci\u00f3 energ\u00e8tica (PVE)<\/strong> de Sant Adri\u00e0 de Bes\u00f2s transforma residus no reciclables en energia el\u00e8ctrica i vapor, que despr\u00e9s s\u2019utilitza a la xarxa de calor i fred de <strong>Districlima<\/strong>.<\/li><\/ul>\n\n\n\n<div class=\"wp-block-image\"><figure class=\"aligncenter size-large\"><a href=\"https:\/\/blogs.amb.cat\/educacioambiental\/wp-content\/uploads\/sites\/2\/2025\/07\/image-5.png\"><img width=\"576\" height=\"299\" src=\"https:\/\/blogs.amb.cat\/educacioambiental\/wp-content\/uploads\/sites\/2\/2025\/07\/image-5.png\" alt=\"\" class=\"wp-image-5342\" srcset=\"https:\/\/blogs.amb.cat\/educacioambiental\/wp-content\/uploads\/sites\/2\/2025\/07\/image-5.png 576w, https:\/\/blogs.amb.cat\/educacioambiental\/wp-content\/uploads\/sites\/2\/2025\/07\/image-5-300x156.png 300w\" sizes=\"(max-width: 576px) 100vw, 576px\" \/><\/a><figcaption>Planta de valoritzaci\u00f3 energ\u00e8tica de Sant Adri\u00e0 de Bes\u00f2s<\/figcaption><\/figure><\/div>\n\n\n\n<figure class=\"wp-block-image size-large\"><a href=\"https:\/\/blogs.amb.cat\/educacioambiental\/wp-content\/uploads\/sites\/2\/2025\/07\/IMG_2894.jpeg\"><img width=\"1024\" height=\"768\" src=\"https:\/\/blogs.amb.cat\/educacioambiental\/wp-content\/uploads\/sites\/2\/2025\/07\/IMG_2894-1024x768.jpeg\" alt=\"\" class=\"wp-image-5344\" srcset=\"https:\/\/blogs.amb.cat\/educacioambiental\/wp-content\/uploads\/sites\/2\/2025\/07\/IMG_2894-1024x768.jpeg 1024w, https:\/\/blogs.amb.cat\/educacioambiental\/wp-content\/uploads\/sites\/2\/2025\/07\/IMG_2894-300x225.jpeg 300w, https:\/\/blogs.amb.cat\/educacioambiental\/wp-content\/uploads\/sites\/2\/2025\/07\/IMG_2894-768x576.jpeg 768w, https:\/\/blogs.amb.cat\/educacioambiental\/wp-content\/uploads\/sites\/2\/2025\/07\/IMG_2894-1536x1152.jpeg 1536w, https:\/\/blogs.amb.cat\/educacioambiental\/wp-content\/uploads\/sites\/2\/2025\/07\/IMG_2894.jpeg 2000w\" sizes=\"(max-width: 1024px) 100vw, 1024px\" \/><\/a><figcaption>Edifici del Districlima al barri del 22@<\/figcaption><\/figure>\n\n\n\n<ul><li><strong>Les fotolineres<\/strong> permeten recarregar vehicles el\u00e8ctrics amb energia renovable, i aix\u00ed es fomenta la mobilitat sostenible.<\/li><\/ul>\n\n\n\n<div class=\"wp-block-image\"><figure class=\"aligncenter size-large\"><a href=\"https:\/\/blogs.amb.cat\/educacioambiental\/wp-content\/uploads\/sites\/2\/2025\/07\/image-6-1.jpg\"><img width=\"792\" height=\"527\" src=\"https:\/\/blogs.amb.cat\/educacioambiental\/wp-content\/uploads\/sites\/2\/2025\/07\/image-6-1.jpg\" alt=\"\" class=\"wp-image-5345\" srcset=\"https:\/\/blogs.amb.cat\/educacioambiental\/wp-content\/uploads\/sites\/2\/2025\/07\/image-6-1.jpg 792w, https:\/\/blogs.amb.cat\/educacioambiental\/wp-content\/uploads\/sites\/2\/2025\/07\/image-6-1-300x200.jpg 300w, https:\/\/blogs.amb.cat\/educacioambiental\/wp-content\/uploads\/sites\/2\/2025\/07\/image-6-1-768x511.jpg 768w\" sizes=\"(max-width: 792px) 100vw, 792px\" \/><\/a><figcaption>Fotolinera laboral metropolitana a Sant Feliu de Llobregat<\/figcaption><\/figure><\/div>\n\n\n\n<ul><li><strong>Les instal\u00b7lacions fotovoltaiques en edificis p\u00fablics<\/strong> impulsen l\u2019autoconsum i redueixen la depend\u00e8ncia energ\u00e8tica.<\/li><\/ul>\n\n\n\n<div class=\"wp-block-image\"><figure class=\"aligncenter size-large\"><a href=\"https:\/\/blogs.amb.cat\/educacioambiental\/wp-content\/uploads\/sites\/2\/2025\/07\/image-6-2.jpg\"><img width=\"795\" height=\"509\" src=\"https:\/\/blogs.amb.cat\/educacioambiental\/wp-content\/uploads\/sites\/2\/2025\/07\/image-6-2.jpg\" alt=\"\" class=\"wp-image-5346\" srcset=\"https:\/\/blogs.amb.cat\/educacioambiental\/wp-content\/uploads\/sites\/2\/2025\/07\/image-6-2.jpg 795w, https:\/\/blogs.amb.cat\/educacioambiental\/wp-content\/uploads\/sites\/2\/2025\/07\/image-6-2-300x192.jpg 300w, https:\/\/blogs.amb.cat\/educacioambiental\/wp-content\/uploads\/sites\/2\/2025\/07\/image-6-2-768x492.jpg 768w\" sizes=\"(max-width: 795px) 100vw, 795px\" \/><\/a><figcaption>Instal\u00b7laci\u00f3 solar fotovoltaica a la Farga (l&#8217;Hospitalet de Llobregat)<\/figcaption><\/figure><\/div>\n\n\n\n<p>Aquests projectes no nom\u00e9s redueixen emissions, sin\u00f3 que <strong>milloren la qualitat de vida<\/strong> i exemplifiquen com aplicar la sostenibilitat a escala metropolitana.<\/p>\n\n\n\n<h4>Educaci\u00f3 per a una energia conscient<\/h4>\n\n\n\n<p>L\u2019energia sovint es percep com una q\u00fcesti\u00f3 t\u00e8cnica i allunyada del nostre dia a dia. Per\u00f2 amb educaci\u00f3 ambiental, es pot convertir en una tem\u00e0tica propera, entenedora i motivadora. A trav\u00e9s del programa d&#8217;educaci\u00f3 ambiental, apropem aquest repte a infants i joves amb activitats com ara \u00ab<a href=\"https:\/\/www.amb.cat\/ca\/web\/medi-ambient\/sostenibilitat\/educacio-ambiental\/cataleg\/detall\/-\/gdpmes\/canviem-la-petjada-\/15591029\/11818?p_p_id=GDPMES_WAR_GuiaDidacticaPMESportlet&amp;p_p_lifecycle=1&amp;p_p_state=normal&amp;_GDPMES_WAR_GuiaDidacticaPMESportlet_pageNum=1&amp;_GDPMES_WAR_GuiaDidacticaPMESportlet_queryText=%22canviem+la+petjada%22&amp;_GDPMES_WAR_GuiaDidacticaPMESportlet_detailBackURL=https%3A%2F%2Fwww.amb.cat%2Fweb%2Fmedi-ambient%2Fsostenibilitat%2Feducacio-ambiental%2Fcataleg%2Fcercador\" data-type=\"URL\" data-id=\"https:\/\/www.amb.cat\/ca\/web\/medi-ambient\/sostenibilitat\/educacio-ambiental\/cataleg\/detall\/-\/gdpmes\/canviem-la-petjada-\/15591029\/11818?p_p_id=GDPMES_WAR_GuiaDidacticaPMESportlet&amp;p_p_lifecycle=1&amp;p_p_state=normal&amp;_GDPMES_WAR_GuiaDidacticaPMESportlet_pageNum=1&amp;_GDPMES_WAR_GuiaDidacticaPMESportlet_queryText=%22canviem+la+petjada%22&amp;_GDPMES_WAR_GuiaDidacticaPMESportlet_detailBackURL=https%3A%2F%2Fwww.amb.cat%2Fweb%2Fmedi-ambient%2Fsostenibilitat%2Feducacio-ambiental%2Fcataleg%2Fcercador\">Canviem la petjada<\/a>\u00bb, \u00ab<a href=\"https:\/\/www.amb.cat\/ca\/web\/medi-ambient\/sostenibilitat\/educacio-ambiental\/cataleg\/detall\/-\/gdpmes\/la-clau-del-canvi\/8427189\/11818?p_p_id=GDPMES_WAR_GuiaDidacticaPMESportlet&amp;p_p_lifecycle=1&amp;p_p_state=normal&amp;_GDPMES_WAR_GuiaDidacticaPMESportlet_pageNum=1&amp;_GDPMES_WAR_GuiaDidacticaPMESportlet_queryText=%22la+clau%22&amp;_GDPMES_WAR_GuiaDidacticaPMESportlet_detailBackURL=https%3A%2F%2Fwww.amb.cat%2Fweb%2Fmedi-ambient%2Fsostenibilitat%2Feducacio-ambiental%2Fcataleg%2Fcercador\" data-type=\"URL\" data-id=\"https:\/\/www.amb.cat\/ca\/web\/medi-ambient\/sostenibilitat\/educacio-ambiental\/cataleg\/detall\/-\/gdpmes\/la-clau-del-canvi\/8427189\/11818?p_p_id=GDPMES_WAR_GuiaDidacticaPMESportlet&amp;p_p_lifecycle=1&amp;p_p_state=normal&amp;_GDPMES_WAR_GuiaDidacticaPMESportlet_pageNum=1&amp;_GDPMES_WAR_GuiaDidacticaPMESportlet_queryText=%22la+clau%22&amp;_GDPMES_WAR_GuiaDidacticaPMESportlet_detailBackURL=https%3A%2F%2Fwww.amb.cat%2Fweb%2Fmedi-ambient%2Fsostenibilitat%2Feducacio-ambiental%2Fcataleg%2Fcercador\">La clau del canvi<\/a>\u00bb o la <a href=\"https:\/\/www.amb.cat\/ca\/web\/medi-ambient\/sostenibilitat\/educacio-ambiental\/cataleg\/detall\/-\/gdpmes\/planta-de-valoritzacio-energetica--pve--de-sant-adria-de-besos\/1099411\/11818?p_p_id=GDPMES_WAR_GuiaDidacticaPMESportlet&amp;p_p_lifecycle=1&amp;p_p_state=normal&amp;_GDPMES_WAR_GuiaDidacticaPMESportlet_pageNum=1&amp;_GDPMES_WAR_GuiaDidacticaPMESportlet_queryText=%22planta+de+valoritzaci%C3%B3%22&amp;_GDPMES_WAR_GuiaDidacticaPMESportlet_detailBackURL=https%3A%2F%2Fwww.amb.cat%2Fweb%2Fmedi-ambient%2Fsostenibilitat%2Feducacio-ambiental%2Fcataleg%2Fcercador\" data-type=\"URL\" data-id=\"https:\/\/www.amb.cat\/ca\/web\/medi-ambient\/sostenibilitat\/educacio-ambiental\/cataleg\/detall\/-\/gdpmes\/planta-de-valoritzacio-energetica--pve--de-sant-adria-de-besos\/1099411\/11818?p_p_id=GDPMES_WAR_GuiaDidacticaPMESportlet&amp;p_p_lifecycle=1&amp;p_p_state=normal&amp;_GDPMES_WAR_GuiaDidacticaPMESportlet_pageNum=1&amp;_GDPMES_WAR_GuiaDidacticaPMESportlet_queryText=%22planta+de+valoritzaci%C3%B3%22&amp;_GDPMES_WAR_GuiaDidacticaPMESportlet_detailBackURL=https%3A%2F%2Fwww.amb.cat%2Fweb%2Fmedi-ambient%2Fsostenibilitat%2Feducacio-ambiental%2Fcataleg%2Fcercador\">visita a la Planta de valoritzaci\u00f3 energ\u00e8tica (PVE) de Sant Adri\u00e0 de Bes\u00f2s<\/a>.<\/p>\n\n\n\n<p>Aquestes propostes parteixen de l\u2019experi\u00e8ncia directa i la reflexi\u00f3 cr\u00edtica. Mitjan\u00e7ant el joc, l\u2019observaci\u00f3 i l\u2019experimentaci\u00f3, els participants comprenen com funciona l\u2019energia, d\u2019on prov\u00e9 i quin impacte t\u00e9. <strong>Educar des del territori \u00e9s donar eines per actuar de manera conscient i responsable<\/strong>.<\/p>\n\n\n\n<h4>Petits gestos amb un gran impacte<\/h4>\n\n\n\n<p>La transici\u00f3 energ\u00e8tica no dep\u00e8n nom\u00e9s de les institucions. Totes les persones podem contribuir-hi amb h\u00e0bits senzills i eficients:<\/p>\n\n\n\n<ul><li>Apagar llums i aprofitar la llum natural.<\/li><li>Desendollar aparells en des\u00fas per evitar el consum fantasma.<\/li><li>Utilitzar electrodom\u00e8stics eficients (categoria A o superior).<\/li><li>Regular b\u00e9 la calefacci\u00f3 i l\u2019aire condicionat.<\/li><li>Prioritzar productes de proximitat, ecol\u00f2gics o de comer\u00e7 just.<\/li><li>Participar en <strong>comunitats energ\u00e8tiques locals<\/strong>.<\/li><li>Optar per <strong>mobilitat el\u00e8ctrica i compartida<\/strong>.<\/li><\/ul>\n\n\n\n<p>Aquests gestos quotidians poden semblar petits, per\u00f2 sumats, tenen un impacte real i positiu sobre el planeta.<\/p>\n","protected":false},"excerpt":{"rendered":"<p>La crisi clim\u00e0tica ens obliga a repensar com produ\u00efm, distribu\u00efm i consumim l\u2019energia. M\u00e9s enll\u00e0 de les grans estrat\u00e8gies globals, la transformaci\u00f3 comen\u00e7a al nostre entorn immediat, amb accions concretes i projectes locals. En aquest post, t\u2019expliquem com l\u2019\u00c0rea Metropolitana de Barcelona avan\u00e7a cap a un model energ\u00e8tic m\u00e9s sostenible a trav\u00e9s d\u2019innovaci\u00f3, educaci\u00f3 i [&hellip;]<\/p>\n","protected":false},"author":31,"featured_media":5349,"comment_status":"closed","ping_status":"open","sticky":false,"template":"","format":"standard","meta":{"_oasis_is_in_workflow":0,"_oasis_original":0,"ngg_post_thumbnail":0},"categories":[31,39,1],"tags":[],"_links":{"self":[{"href":"https:\/\/blogs.amb.cat\/educacioambiental\/wp-json\/wp\/v2\/posts\/5340"}],"collection":[{"href":"https:\/\/blogs.amb.cat\/educacioambiental\/wp-json\/wp\/v2\/posts"}],"about":[{"href":"https:\/\/blogs.amb.cat\/educacioambiental\/wp-json\/wp\/v2\/types\/post"}],"author":[{"embeddable":true,"href":"https:\/\/blogs.amb.cat\/educacioambiental\/wp-json\/wp\/v2\/users\/31"}],"replies":[{"embeddable":true,"href":"https:\/\/blogs.amb.cat\/educacioambiental\/wp-json\/wp\/v2\/comments?post=5340"}],"version-history":[{"count":2,"href":"https:\/\/blogs.amb.cat\/educacioambiental\/wp-json\/wp\/v2\/posts\/5340\/revisions"}],"predecessor-version":[{"id":5367,"href":"https:\/\/blogs.amb.cat\/educacioambiental\/wp-json\/wp\/v2\/posts\/5340\/revisions\/5367"}],"wp:featuredmedia":[{"embeddable":true,"href":"https:\/\/blogs.amb.cat\/educacioambiental\/wp-json\/wp\/v2\/media\/5349"}],"wp:attachment":[{"href":"https:\/\/blogs.amb.cat\/educacioambiental\/wp-json\/wp\/v2\/media?parent=5340"}],"wp:term":[{"taxonomy":"category","embeddable":true,"href":"https:\/\/blogs.amb.cat\/educacioambiental\/wp-json\/wp\/v2\/categories?post=5340"},{"taxonomy":"post_tag","embeddable":true,"href":"https:\/\/blogs.amb.cat\/educacioambiental\/wp-json\/wp\/v2\/tags?post=5340"}],"curies":[{"name":"wp","href":"https:\/\/api.w.org\/{rel}","templated":true}]}}