
 







{"id":5350,"date":"2025-07-10T13:23:00","date_gmt":"2025-07-10T13:23:00","guid":{"rendered":"https:\/\/blogs.amb.cat\/educacioambiental\/?p=5350"},"modified":"2025-07-16T09:41:24","modified_gmt":"2025-07-16T09:41:24","slug":"platges-que-eduquen-aprendre-estimar-i-protegir-el-litoral-metropolita","status":"publish","type":"post","link":"https:\/\/blogs.amb.cat\/educacioambiental\/2025\/07\/10\/platges-que-eduquen-aprendre-estimar-i-protegir-el-litoral-metropolita\/","title":{"rendered":"Platges que eduquen: aprendre, estimar i protegir el litoral metropolit\u00e0"},"content":{"rendered":"\n<p>Les platges metropolitanes s\u00f3n molt m\u00e9s que espais de lleure. S\u00f3n ecosistemes vius que connecten mar i terra, acullen una rica biodiversitat i actuen com a escuts naturals davant l\u2019erosi\u00f3 i el canvi clim\u00e0tic. A m\u00e9s, ofereixen una gran oportunitat per a l\u2019educaci\u00f3 ambiental: s\u00f3n escenaris privilegiats on la ciutadania pot <strong>descobrir, valorar i cuidar<\/strong> el nostre entorn costaner.<\/p>\n\n\n\n<h4>Educar al litoral: consci\u00e8ncia per conservar<\/h4>\n\n\n\n<p>Les platges s\u00f3n espais din\u00e0mics i fr\u00e0gils que mereixen ser coneguts i respectats. A trav\u00e9s de l\u2019educaci\u00f3 ambiental, es pot sensibilitzar sobre la seva import\u00e0ncia, promoure h\u00e0bits responsables i fomentar el respecte per la biodiversitat marina i terrestre.<\/p>\n\n\n\n<p>Mitjan\u00e7ant activitats educatives, projectes de ci\u00e8ncia ciutadana i accions participatives, es convida petits i grans a con\u00e8ixer els valors naturals i culturals del litoral i a implicar-se en la seva conservaci\u00f3. Aquest tipus d\u2019educaci\u00f3 ajuda a desenvolupar una <strong>consci\u00e8ncia cr\u00edtica<\/strong>, a refor\u00e7ar el <strong>vincle emocional amb el territori<\/strong> i a generar corresponsabilitat en la protecci\u00f3 dels espais naturals.<\/p>\n\n\n\n<p>Des de l\u2019\u00e0mbit escolar fins a adults i fam\u00edlies, les platges esdevenen <strong>una aula viva i a l\u2019aire lliure<\/strong> on aprendre a estimar i cuidar el nostre litoral.<\/p>\n\n\n\n<div class=\"wp-block-image\"><figure class=\"aligncenter size-large\"><a href=\"https:\/\/blogs.amb.cat\/educacioambiental\/wp-content\/uploads\/sites\/2\/2025\/07\/WhatsApp-Image-2025-03-20-at-10.05.57-2.jpeg\"><img width=\"722\" height=\"1024\" src=\"https:\/\/blogs.amb.cat\/educacioambiental\/wp-content\/uploads\/sites\/2\/2025\/07\/WhatsApp-Image-2025-03-20-at-10.05.57-2-722x1024.jpeg\" alt=\"\" class=\"wp-image-5352\" srcset=\"https:\/\/blogs.amb.cat\/educacioambiental\/wp-content\/uploads\/sites\/2\/2025\/07\/WhatsApp-Image-2025-03-20-at-10.05.57-2-722x1024.jpeg 722w, https:\/\/blogs.amb.cat\/educacioambiental\/wp-content\/uploads\/sites\/2\/2025\/07\/WhatsApp-Image-2025-03-20-at-10.05.57-2-211x300.jpeg 211w, https:\/\/blogs.amb.cat\/educacioambiental\/wp-content\/uploads\/sites\/2\/2025\/07\/WhatsApp-Image-2025-03-20-at-10.05.57-2-768x1090.jpeg 768w, https:\/\/blogs.amb.cat\/educacioambiental\/wp-content\/uploads\/sites\/2\/2025\/07\/WhatsApp-Image-2025-03-20-at-10.05.57-2-1083x1536.jpeg 1083w, https:\/\/blogs.amb.cat\/educacioambiental\/wp-content\/uploads\/sites\/2\/2025\/07\/WhatsApp-Image-2025-03-20-at-10.05.57-2.jpeg 1438w\" sizes=\"(max-width: 722px) 100vw, 722px\" \/><\/a><figcaption>Activitat \u00abSalvem les platges metropolitanes\u00bb<\/figcaption><\/figure><\/div>\n\n\n\n<h4>Projectes que connecten coneixement i acci\u00f3<\/h4>\n\n\n\n<p>A les platges metropolitanes es desenvolupen iniciatives educatives que combinen coneixement, participaci\u00f3 i acci\u00f3 directa per protegir l\u2019ecosistema litoral. Alguns exemples destacats:<\/p>\n\n\n\n<ul><li><strong><a href=\"https:\/\/www.amb.cat\/web\/territori\/projectes-oberts\/detall\/-\/projecteobert\/bioplatgesmet\/15774445\/11656\" data-type=\"URL\" data-id=\"https:\/\/www.amb.cat\/web\/territori\/projectes-oberts\/detall\/-\/projecteobert\/bioplatgesmet\/15774445\/11656\">BioPlatgesMet<\/a><\/strong>: promou el seguiment participatiu de la biodiversitat marina i costanera.<\/li><li><strong><a href=\"https:\/\/www.amb.cat\/es\/web\/territori\/espai-public\/projectes-participatius\" data-type=\"URL\" data-id=\"https:\/\/www.amb.cat\/es\/web\/territori\/espai-public\/projectes-participatius\">Recuperem les dunes metropolitanes<\/a><\/strong>: involucra escoles i entitats en la restauraci\u00f3 d\u2019aquests sistemes naturals clau.<\/li><li><strong><a href=\"https:\/\/www.barcelona.cat\/ca\/que-pots-fer-a-bcn\/banys-i-platges\/centre-de-la-platja\" data-type=\"URL\" data-id=\"https:\/\/www.barcelona.cat\/ca\/que-pots-fer-a-bcn\/banys-i-platges\/centre-de-la-platja\">Centre de la Platja de Barcelona<\/a><\/strong>: ofereix tallers, activitats familiars i accions de ci\u00e8ncia ciutadana obertes a tothom.<\/li><\/ul>\n\n\n\n<p>Aquests projectes no nom\u00e9s informen, sin\u00f3 que <strong>generen viv\u00e8ncies transformadores<\/strong> i reforcen el vincle entre les persones i el territori.<\/p>\n\n\n\n<h4>Bones pr\u00e0ctiques per un litoral viu i sostenible<\/h4>\n\n\n\n<p>Per garantir la salut del nostre litoral, l\u2019AMB impulsa una s\u00e8rie de bones pr\u00e0ctiques que cal incorporar tant a les pol\u00edtiques de gesti\u00f3 com al nostre dia a dia:<\/p>\n\n\n\n<ul><li><strong>Separar i recollir adequadament els residus<\/strong> per evitar la contaminaci\u00f3.<\/li><li><strong>Respectar els sistemes dunars i la seva vegetaci\u00f3<\/strong>, que s\u00f3n clau per a la protecci\u00f3 natural de la costa.<\/li><li><strong>Informar i sensibilitzar<\/strong> per fomentar el respecte per l\u2019entorn.<\/li><li><strong>Fer un \u00fas responsable de les platges<\/strong>, equilibrant el gaudi amb la conservaci\u00f3.<\/li><\/ul>\n\n\n\n<h4>Compartim un Futur: educaci\u00f3 ambiental amb els peus a la sorra<\/h4>\n\n\n\n<p>El programa <strong>Compartim un Futur<\/strong> apropa la ciutadania a la realitat ecol\u00f2gica de les platges metropolitanes mitjan\u00e7ant activitats educatives que fomenten la responsabilitat ambiental. Una de les propostes m\u00e9s destacades \u00e9s <strong><a href=\"https:\/\/www.amb.cat\/ca\/web\/medi-ambient\/sostenibilitat\/educacio-ambiental\/cataleg\/detall\/-\/gdpmes\/salvem-les-platges-metropolitanes\/15586101\/11818?p_p_id=GDPMES_WAR_GuiaDidacticaPMESportlet&amp;p_p_lifecycle=1&amp;p_p_state=normal&amp;_GDPMES_WAR_GuiaDidacticaPMESportlet_pageNum=1&amp;_GDPMES_WAR_GuiaDidacticaPMESportlet_queryText=%22salvem%22&amp;_GDPMES_WAR_GuiaDidacticaPMESportlet_detailBackURL=https%3A%2F%2Fwww.amb.cat%2Fca%2Fweb%2Fmedi-ambient%2Fsostenibilitat%2Feducacio-ambiental%2Fcataleg%2Fcercador\" data-type=\"URL\" data-id=\"https:\/\/www.amb.cat\/ca\/web\/medi-ambient\/sostenibilitat\/educacio-ambiental\/cataleg\/detall\/-\/gdpmes\/salvem-les-platges-metropolitanes\/15586101\/11818?p_p_id=GDPMES_WAR_GuiaDidacticaPMESportlet&amp;p_p_lifecycle=1&amp;p_p_state=normal&amp;_GDPMES_WAR_GuiaDidacticaPMESportlet_pageNum=1&amp;_GDPMES_WAR_GuiaDidacticaPMESportlet_queryText=%22salvem%22&amp;_GDPMES_WAR_GuiaDidacticaPMESportlet_detailBackURL=https%3A%2F%2Fwww.amb.cat%2Fca%2Fweb%2Fmedi-ambient%2Fsostenibilitat%2Feducacio-ambiental%2Fcataleg%2Fcercador\">Salvem les platges metropolitanes<\/a><\/strong>, que permet entendre com es formen les platges, quins valors ecol\u00f2gics tenen, com els afecta el canvi clim\u00e0tic i la pressi\u00f3 humana, i qu\u00e8 podem fer per protegir-les.<\/p>\n\n\n\n<p>Mitjan\u00e7ant l\u2019observaci\u00f3 directa, din\u00e0miques participatives i reflexi\u00f3 col\u00b7lectiva, els participants adquireixen coneixements \u00fatils i actituds compromeses.<\/p>\n\n\n\n<p>A m\u00e9s, durant la primavera i l\u2019estiu, la <strong><a href=\"https:\/\/www.amb.cat\/es\/web\/territori\/espai-public\/parcs\/punts-interes\/jugatecambiental\">Jugatecambiental<\/a><\/strong> ofereix tallers i activitats l\u00fadiques a diferents platges metropolitanes, amb l\u2019objectiu que fam\u00edlies i infants coneguin millor aquest entorn i adoptin h\u00e0bits respectuosos.<\/p>\n\n\n\n<h4>El futur de les platges tamb\u00e9 \u00e9s a les teves mans<\/h4>\n\n\n\n<p>Les platges s\u00f3n espais naturals essencials que ens connecten amb la biodiversitat, ens protegeixen de l\u2019erosi\u00f3 i ens ofereixen un escenari ideal per a l\u2019educaci\u00f3 i la conviv\u00e8ncia. <strong>Per preservar-les, cal sumar esfor\u00e7os individuals i col\u00b7lectius<\/strong>.<\/p>\n\n\n\n<p>Participar en projectes educatius, practicar h\u00e0bits sostenibles i compartir el coneixement s\u00f3n accions clau per garantir-ne la salut a llarg termini. El <strong>batec viu del litoral<\/strong> tamb\u00e9 dep\u00e8n de tu.<\/p>\n\n\n\n<p><strong>Descobreix, apr\u00e8n, estima&#8230; i actua. \ud83c\udf0a\ud83e\udd1d<\/strong><\/p>\n","protected":false},"excerpt":{"rendered":"<p>Les platges metropolitanes s\u00f3n molt m\u00e9s que espais de lleure. S\u00f3n ecosistemes vius que connecten mar i terra, acullen una rica biodiversitat i actuen com a escuts naturals davant l\u2019erosi\u00f3 i el canvi clim\u00e0tic. A m\u00e9s, ofereixen una gran oportunitat per a l\u2019educaci\u00f3 ambiental: s\u00f3n escenaris privilegiats on la ciutadania pot descobrir, valorar i cuidar [&hellip;]<\/p>\n","protected":false},"author":31,"featured_media":5353,"comment_status":"closed","ping_status":"open","sticky":false,"template":"","format":"standard","meta":{"_oasis_is_in_workflow":0,"_oasis_original":0,"ngg_post_thumbnail":0},"categories":[31,35,39,1],"tags":[],"_links":{"self":[{"href":"https:\/\/blogs.amb.cat\/educacioambiental\/wp-json\/wp\/v2\/posts\/5350"}],"collection":[{"href":"https:\/\/blogs.amb.cat\/educacioambiental\/wp-json\/wp\/v2\/posts"}],"about":[{"href":"https:\/\/blogs.amb.cat\/educacioambiental\/wp-json\/wp\/v2\/types\/post"}],"author":[{"embeddable":true,"href":"https:\/\/blogs.amb.cat\/educacioambiental\/wp-json\/wp\/v2\/users\/31"}],"replies":[{"embeddable":true,"href":"https:\/\/blogs.amb.cat\/educacioambiental\/wp-json\/wp\/v2\/comments?post=5350"}],"version-history":[{"count":2,"href":"https:\/\/blogs.amb.cat\/educacioambiental\/wp-json\/wp\/v2\/posts\/5350\/revisions"}],"predecessor-version":[{"id":5369,"href":"https:\/\/blogs.amb.cat\/educacioambiental\/wp-json\/wp\/v2\/posts\/5350\/revisions\/5369"}],"wp:featuredmedia":[{"embeddable":true,"href":"https:\/\/blogs.amb.cat\/educacioambiental\/wp-json\/wp\/v2\/media\/5353"}],"wp:attachment":[{"href":"https:\/\/blogs.amb.cat\/educacioambiental\/wp-json\/wp\/v2\/media?parent=5350"}],"wp:term":[{"taxonomy":"category","embeddable":true,"href":"https:\/\/blogs.amb.cat\/educacioambiental\/wp-json\/wp\/v2\/categories?post=5350"},{"taxonomy":"post_tag","embeddable":true,"href":"https:\/\/blogs.amb.cat\/educacioambiental\/wp-json\/wp\/v2\/tags?post=5350"}],"curies":[{"name":"wp","href":"https:\/\/api.w.org\/{rel}","templated":true}]}}