
 







{"id":5453,"date":"2025-10-01T08:36:00","date_gmt":"2025-10-01T08:36:00","guid":{"rendered":"https:\/\/blogs.amb.cat\/educacioambiental\/?p=5453"},"modified":"2025-10-03T07:55:17","modified_gmt":"2025-10-03T07:55:17","slug":"setmana-de-la-mobilitat-sostenible-2025-moures-amb-consciencia","status":"publish","type":"post","link":"https:\/\/blogs.amb.cat\/educacioambiental\/2025\/10\/01\/setmana-de-la-mobilitat-sostenible-2025-moures-amb-consciencia\/","title":{"rendered":"Setmana de la Mobilitat Sostenible 2025: moure\u2019s amb consci\u00e8ncia"},"content":{"rendered":"\n<p>Cada any, del 16 al 22 de setembre, ens sumem a la <strong><a href=\"https:\/\/territori.gencat.cat\/ca\/03_infraestructures_i_mobilitat\/sem\/index.html\" data-type=\"URL\" data-id=\"https:\/\/territori.gencat.cat\/ca\/03_infraestructures_i_mobilitat\/sem\/index.html\">Setmana Europea de la Mobilitat<\/a><\/strong>, una campanya coordinada per la <strong>Generalitat de Catalunya <\/strong>i impulsada localment per la <strong>Xarxa de Ciutats i Pobles per a la Sostenibilitat<\/strong> i la <strong>Diputaci\u00f3 de Barcelona<\/strong>.<\/p>\n\n\n\n<p>L\u2019edici\u00f3 del <strong>2025<\/strong>, amb el lema &#8220;Combina i mou-te&#8221; i el tema &#8220;Mobilitat per a tothom&#8221;, va convidar a promoure <strong>alternatives de transport accessibles, inclusives i responsables<\/strong>, amb l\u2019objectiu de millorar tant la qualitat de l\u2019entorn urb\u00e0 com la salut col\u00b7lectiva.<\/p>\n\n\n\n<h4>Origen i evoluci\u00f3 de la campanya<\/h4>\n\n\n\n<p>La iniciativa europea va comen\u00e7ar el 2001, per\u00f2 a Catalunya ja es va posar en marxa despr\u00e9s del primer <strong>Dia sense cotxes<\/strong> el 1999. A partir d\u2019aqu\u00ed es va institucionalitzar i va cr\u00e9ixer fins a convertir-se en una setmana plena de propostes i adhesions municipals.<\/p>\n\n\n\n<p>En els darrers anys, la <strong>Diputaci\u00f3 de Barcelona<\/strong> ha refor\u00e7at el suport t\u00e8cnic als ajuntaments mitjan\u00e7ant recursos educatius sobre mobilitat segura i sostenible. L\u2019edici\u00f3 del 2025 va posar el focus en la <strong>mobilitat accessible per a tothom<\/strong>, i va destacar la necessitat que el transport p\u00fablic no sigui un privilegi econ\u00f2mic o geogr\u00e0fic, sin\u00f3 un dret universal.<\/p>\n\n\n\n<p>El lema &#8220;Combina i mou-te&#8221; va impulsar la pr\u00e0ctica de la <strong>mobilitat multimodal<\/strong> (a peu, bicicleta, transport p\u00fablic i vehicle el\u00e8ctric) com a estrat\u00e8gia coherent amb els objectius de reducci\u00f3 de la contaminaci\u00f3 i millora de l\u2019\u00fas de l\u2019espai p\u00fablic.<\/p>\n\n\n\n<h4>Quan moure\u2019s esdev\u00e9 una festa<\/h4>\n\n\n\n<p>La setmana va estar plena d\u2019activitats per a totes les edats i perfils. La Diputaci\u00f3 va posar a disposici\u00f3 dels ajuntaments un cat\u00e0leg d\u2019activitats l\u00fadiques, formatives i participatives que van apropar la mobilitat sostenible a la ciutadania.<\/p>\n\n\n\n<p>Entre les m\u00e9s destacades hi havia el taller <strong>Pedala i respira!<\/strong>, on els participants van pedalar en bicicletes est\u00e0tiques connectades a sensors per mesurar la qualitat de l\u2019aire i el consum d\u2019energia, i fer visible l\u2019impacte de les decisions que prenem pel que fa al transport. Tamb\u00e9 hi van tenir lloc activitats com <strong>Quin soroll fem? Quin aire respirem?<\/strong>, una instal\u00b7laci\u00f3 interactiva per mesurar el soroll ambiental i reflexionar sobre com la contaminaci\u00f3 ac\u00fastica afecta la salut.<\/p>\n\n\n\n<p>En molts municipis de l\u2019AMB es van organitzar <strong>bicicletades populars i pedalades escolars<\/strong> per fomentar la mobilitat activa en fam\u00edlia. Altres ajuntaments van impulsar <strong>tallers de mec\u00e0nica b\u00e0sica de bicicleta, circuits infantils de circulaci\u00f3 i gimcanes de mobilitat segura<\/strong> per sensibilitzar la canalla sobre sostenibilitat i seguretat vi\u00e0ria.<\/p>\n\n\n\n<p>Tamb\u00e9 es van celebrar iniciatives innovadores com els <strong>Dies sense cotxes<\/strong> als carrers c\u00e8ntrics, per transformar-los en espais de joc i trobada, aix\u00ed com <strong>campanyes de transport p\u00fablic gratu\u00eft o amb descomptes<\/strong>. En alguns municipis es van combinar amb <strong>fires de mobilitat sostenible<\/strong>, on es podien provar bicicletes el\u00e8ctriques, patinets i vehicles compartits, a m\u00e9s d\u2019assistir a xerrades sobre les noves tend\u00e8ncies en transport urb\u00e0.<\/p>\n\n\n\n<figure class=\"wp-block-image size-large\"><a href=\"https:\/\/blogs.amb.cat\/educacioambiental\/wp-content\/uploads\/sites\/2\/2025\/10\/image-1.jpg\"><img width=\"886\" height=\"482\" src=\"https:\/\/blogs.amb.cat\/educacioambiental\/wp-content\/uploads\/sites\/2\/2025\/10\/image-1.jpg\" alt=\"\" class=\"wp-image-5457\" srcset=\"https:\/\/blogs.amb.cat\/educacioambiental\/wp-content\/uploads\/sites\/2\/2025\/10\/image-1.jpg 886w, https:\/\/blogs.amb.cat\/educacioambiental\/wp-content\/uploads\/sites\/2\/2025\/10\/image-1-300x163.jpg 300w, https:\/\/blogs.amb.cat\/educacioambiental\/wp-content\/uploads\/sites\/2\/2025\/10\/image-1-768x418.jpg 768w\" sizes=\"(max-width: 886px) 100vw, 886px\" \/><\/a><\/figure>\n\n\n\n<h4>Aprenem movent-nos<\/h4>\n\n\n\n<p>En aquestes activitats no nom\u00e9s es va convidar a provar mitjans m\u00e9s sostenibles, sin\u00f3 que tamb\u00e9 es va generar un <strong>clima festiu i participatiu<\/strong> que ajuda a consolidar h\u00e0bits positius m\u00e9s enll\u00e0 de la campanya.<\/p>\n\n\n\n<p>Des del Compartim un Futur considerem aquestes activitats una <strong>eina educativa molt potent<\/strong>: anar a peu o en bici, participar en tallers o simplement explorar l\u2019espai p\u00fablic com a grup generen aprenentatges vivencials que transformen actituds. Els infants i joves <strong>entenen en primera persona com les seves decisions afecten el clima, la salut i els espais comuns<\/strong>, i se senten m\u00e9s empoderats per actuar de manera sostenible. <strong>Convertir conceptes t\u00e8cnics en experi\u00e8ncies tangibles \u00e9s la millor manera de cultivar valors<\/strong> de responsabilitat i respecte pel medi ambient.<\/p>\n\n\n\n<div class=\"wp-block-image\"><figure class=\"aligncenter size-large is-resized\"><a href=\"https:\/\/blogs.amb.cat\/educacioambiental\/wp-content\/uploads\/sites\/2\/2025\/10\/image.jpg\"><img src=\"https:\/\/blogs.amb.cat\/educacioambiental\/wp-content\/uploads\/sites\/2\/2025\/10\/image.jpg\" alt=\"\" class=\"wp-image-5455\" width=\"401\" height=\"701\" srcset=\"https:\/\/blogs.amb.cat\/educacioambiental\/wp-content\/uploads\/sites\/2\/2025\/10\/image.jpg 401w, https:\/\/blogs.amb.cat\/educacioambiental\/wp-content\/uploads\/sites\/2\/2025\/10\/image-172x300.jpg 172w\" sizes=\"(max-width: 401px) 100vw, 401px\" \/><\/a><figcaption>Activitat en bicicleta Parcs i pedals al Bes\u00f2s, a Santa Coloma de Gramenet<\/figcaption><\/figure><\/div>\n\n\n\n<p>La <strong>Setmana de la Mobilitat Sostenible 2025<\/strong> ens ha recordat que canviar com ens desplacem pot tenir efectes reals sobre l\u2019aire que respirem, la seguretat vi\u00e0ria i l\u2019habitabilitat de les ciutats. Aquest moviment ha anat m\u00e9s enll\u00e0 de les accions puntuals i ha inspirat a <strong>adoptar h\u00e0bits que perdurin en el temps<\/strong>.<\/p>\n","protected":false},"excerpt":{"rendered":"<p>Cada any, del 16 al 22 de setembre, ens sumem a la Setmana Europea de la Mobilitat, una campanya coordinada per la Generalitat de Catalunya i impulsada localment per la Xarxa de Ciutats i Pobles per a la Sostenibilitat i la Diputaci\u00f3 de Barcelona. L\u2019edici\u00f3 del 2025, amb el lema &#8220;Combina i mou-te&#8221; i el [&hellip;]<\/p>\n","protected":false},"author":31,"featured_media":5458,"comment_status":"closed","ping_status":"open","sticky":false,"template":"","format":"standard","meta":{"_oasis_is_in_workflow":0,"_oasis_original":0,"ngg_post_thumbnail":0},"categories":[31,35,39,1,37],"tags":[],"_links":{"self":[{"href":"https:\/\/blogs.amb.cat\/educacioambiental\/wp-json\/wp\/v2\/posts\/5453"}],"collection":[{"href":"https:\/\/blogs.amb.cat\/educacioambiental\/wp-json\/wp\/v2\/posts"}],"about":[{"href":"https:\/\/blogs.amb.cat\/educacioambiental\/wp-json\/wp\/v2\/types\/post"}],"author":[{"embeddable":true,"href":"https:\/\/blogs.amb.cat\/educacioambiental\/wp-json\/wp\/v2\/users\/31"}],"replies":[{"embeddable":true,"href":"https:\/\/blogs.amb.cat\/educacioambiental\/wp-json\/wp\/v2\/comments?post=5453"}],"version-history":[{"count":5,"href":"https:\/\/blogs.amb.cat\/educacioambiental\/wp-json\/wp\/v2\/posts\/5453\/revisions"}],"predecessor-version":[{"id":5504,"href":"https:\/\/blogs.amb.cat\/educacioambiental\/wp-json\/wp\/v2\/posts\/5453\/revisions\/5504"}],"wp:featuredmedia":[{"embeddable":true,"href":"https:\/\/blogs.amb.cat\/educacioambiental\/wp-json\/wp\/v2\/media\/5458"}],"wp:attachment":[{"href":"https:\/\/blogs.amb.cat\/educacioambiental\/wp-json\/wp\/v2\/media?parent=5453"}],"wp:term":[{"taxonomy":"category","embeddable":true,"href":"https:\/\/blogs.amb.cat\/educacioambiental\/wp-json\/wp\/v2\/categories?post=5453"},{"taxonomy":"post_tag","embeddable":true,"href":"https:\/\/blogs.amb.cat\/educacioambiental\/wp-json\/wp\/v2\/tags?post=5453"}],"curies":[{"name":"wp","href":"https:\/\/api.w.org\/{rel}","templated":true}]}}