
 







{"id":5460,"date":"2025-10-01T09:56:00","date_gmt":"2025-10-01T09:56:00","guid":{"rendered":"https:\/\/blogs.amb.cat\/educacioambiental\/?p=5460"},"modified":"2025-10-07T09:01:42","modified_gmt":"2025-10-07T09:01:42","slug":"lequip-del-compartim-un-futur-per-a-la-temporada-2025-2026","status":"publish","type":"post","link":"https:\/\/blogs.amb.cat\/educacioambiental\/2025\/10\/01\/lequip-del-compartim-un-futur-per-a-la-temporada-2025-2026\/","title":{"rendered":"L&#8217;equip del Compartim un Futur per a la temporada 2025-2026"},"content":{"rendered":"\n<p>Aquest curs 2025-2026, us presentem les persones i entitats que faran possible que l\u2019educaci\u00f3 ambiental continu\u00ef bategant arreu del territori metropolit\u00e0. El programa est\u00e0 impulsat per l\u2019<strong>\u00c0rea Metropolitana de Barcelona (AMB)<\/strong>, amb <strong>Ana Romero<\/strong> al capdavant com a directora dels Serveis d\u2019Acci\u00f3 Clim\u00e0tica, coordinat per <strong>Noem\u00ed Guinovart <\/strong>com a cap de la Secci\u00f3 d\u2019Educaci\u00f3 Ambiental, i <strong>L\u00eddia Barcel\u00f3<\/strong> i <strong>Alejandro Pi\u00f1ol<\/strong> com a t\u00e8cnics.<\/p>\n\n\n\n<p>La gesti\u00f3 di\u00e0ria recau principalment en l\u2019equip de <strong>Funbrain<\/strong>, per\u00f2 tamb\u00e9 compta amb la col\u00b7laboraci\u00f3 de quatre entitats especialitzades \u2014<strong>Bosc de Llum, Siboc, Trencad\u00eds i Arrel<\/strong>\u2014 que duen a terme algunes activitats espec\u00edfiques en parcs i platges. Plegats configuren un mosaic ric i divers que aporta experi\u00e8ncies i metodologies complement\u00e0ries.<\/p>\n\n\n\n<p>A m\u00e9s, la <strong>Central de Reserves<\/strong> \u00e9s la porta d\u2019entrada a totes les activitats i un punt clau perqu\u00e8 el programa funcioni.<\/p>\n\n\n\n<h4><strong>La Central de Reserves<\/strong><\/h4>\n\n\n\n<p>Abans que les activitats arribin a les aules, als parcs o a les instal\u00b7lacions ambientals, tot passa per la <strong>Central de Reserves<\/strong>. <strong>Montse Batlle<\/strong>, <strong>Cristina Cano<\/strong> i <strong>Naom\u00ed Amaro<\/strong> s\u00f3n les persones que atenen les consultes, ofereixen tota la informaci\u00f3 i gestionen les reserves per a tots els prove\u00efdors del programa.<\/p>\n\n\n\n<p>Gr\u00e0cies a la seva feina, cada sol\u00b7licitud es transforma en una experi\u00e8ncia ben planificada i adaptada a la realitat de cada grup. S\u00f3n elles qui fan possible que tot flueixi: coordinen la participaci\u00f3 de centres educatius, entitats i equips educatius, i vetllen perqu\u00e8 cada activitat comenci amb bon peu.<\/p>\n\n\n\n<h4><strong>Funbrain<\/strong><\/h4>\n\n\n\n<p>L\u2019equip de <strong>Funbrain<\/strong> \u00e9s el principal responsable de desplegar el programa sobre el terreny. Es defineix com un grup proactiu i en evoluci\u00f3 constant, que cada any incorpora noves veus, experi\u00e8ncies i maneres de mirar el m\u00f3n. T\u00e9 personal procedent de camps diversos \u2014ci\u00e8ncies ambientals, pedagogia, biologia, educaci\u00f3 social, comunicaci\u00f3 o traducci\u00f3\u2014 i aquesta varietat \u00e9s la seva for\u00e7a.<\/p>\n\n\n\n<p><strong>Equip d\u2019oficina<\/strong><\/p>\n\n\n\n<ul><li><strong>Deisiane Delfino<\/strong> dirigeix i coordina el programa amb una visi\u00f3 global i estrat\u00e8gies renovades.<\/li><li><strong>Miriam Ferreiro<\/strong> coordina la creaci\u00f3 i actualitzaci\u00f3 de materials educatius, amb el suport d\u2019<strong>Ana Flores<\/strong>, que desenvolupa recursos pedag\u00f2gics adaptats a cada activitat.<\/li><li><strong>Montserrat Mata<\/strong> lidera l\u2019\u00e0rea d\u2019aprenentatge servei (APS), i hi aporta experi\u00e8ncia i innovaci\u00f3.<\/li><li><strong>Andrea Barbero<\/strong> gestiona l\u2019equip educatiu i vetlla per la qualitat de les activitats.<\/li><li><strong>Ariadna de la Rubia<\/strong> coordina les reserves conjuntament amb la Central de Reserves, per garantir la flu\u00efdesa entre centres, entitats i educadors.<\/li><\/ul>\n\n\n\n<p><strong>Equip educatiu<\/strong><br>Aquest any formen part del grup: <strong>Bernab\u00e9 Ortiz, Sergio Pacho, Paula Perea, Marc S\u00e1nchez, Antonio Subir\u00e0, J\u00falia Casas, Laura Cerd\u00e0, Laia Codina, Jofre Figuereo, Selma Garcia, Mar\u00e7al Mas, Jordi Montserrat, Carla Carr\u00e9 i Marta Pallar\u00e9s<\/strong>. Tots ells acompanyen els participants en tallers, itineraris i visites, amb creativitat i passi\u00f3, i connecten coneixement i acci\u00f3.<\/p>\n\n\n\n<figure class=\"wp-block-image size-large\"><a href=\"https:\/\/blogs.amb.cat\/educacioambiental\/wp-content\/uploads\/sites\/2\/2025\/10\/image-3.jpg\"><img width=\"886\" height=\"664\" src=\"https:\/\/blogs.amb.cat\/educacioambiental\/wp-content\/uploads\/sites\/2\/2025\/10\/image-3.jpg\" alt=\"\" class=\"wp-image-5462\" srcset=\"https:\/\/blogs.amb.cat\/educacioambiental\/wp-content\/uploads\/sites\/2\/2025\/10\/image-3.jpg 886w, https:\/\/blogs.amb.cat\/educacioambiental\/wp-content\/uploads\/sites\/2\/2025\/10\/image-3-300x225.jpg 300w, https:\/\/blogs.amb.cat\/educacioambiental\/wp-content\/uploads\/sites\/2\/2025\/10\/image-3-768x576.jpg 768w\" sizes=\"(max-width: 886px) 100vw, 886px\" \/><\/a><figcaption>Equip educatiu de Funbrain<\/figcaption><\/figure>\n\n\n\n<h4><strong>Bosc de Llum<\/strong><\/h4>\n\n\n\n<p><strong>Bosc de Llum<\/strong> \u00e9s una entitat sense \u00e0nim de lucre fundada el 2014 a Santa Coloma de Gramenet. El seu equip multidisciplinari combina experi\u00e8ncia, formaci\u00f3 cont\u00ednua i comprom\u00eds amb una missi\u00f3 clara: conscienciar la societat i promoure canvis d\u2019actitud a trav\u00e9s de l\u2019educaci\u00f3 socioambiental.<\/p>\n\n\n\n<ul><li><strong>Marc Garc\u00eda<\/strong> i <strong>Guillem D\u00e1vila<\/strong>, educadors socioambientals experts, creen espais d\u2019aprenentatge transformadors.<\/li><li><strong>Mireia Ib\u00e1\u00f1ez<\/strong>, educadora ambiental i t\u00e8cnica de gesti\u00f3, \u00e9s tamb\u00e9 responsable de comunicaci\u00f3 i difusi\u00f3 de l\u2019entitat.<\/li><li><strong>Maribel Hern\u00e1ndez<\/strong>, directora de projectes i coordinadora pedag\u00f2gica, aporta assessorament t\u00e8cnic i pedag\u00f2gic i participa com a especialista.<\/li><li><strong>Robert Vidal<\/strong>, director de projectes i programes educatius, \u00e9s educador expert i coordina l\u2019equip vinculat als projectes Compartim un Futur i Escoles a prop.<\/li><\/ul>\n\n\n\n<div class=\"wp-block-image\"><figure class=\"aligncenter size-large\"><a href=\"https:\/\/blogs.amb.cat\/educacioambiental\/wp-content\/uploads\/sites\/2\/2025\/10\/image-4.jpg\"><img width=\"711\" height=\"527\" src=\"https:\/\/blogs.amb.cat\/educacioambiental\/wp-content\/uploads\/sites\/2\/2025\/10\/image-4.jpg\" alt=\"\" class=\"wp-image-5463\" srcset=\"https:\/\/blogs.amb.cat\/educacioambiental\/wp-content\/uploads\/sites\/2\/2025\/10\/image-4.jpg 711w, https:\/\/blogs.amb.cat\/educacioambiental\/wp-content\/uploads\/sites\/2\/2025\/10\/image-4-300x222.jpg 300w\" sizes=\"(max-width: 711px) 100vw, 711px\" \/><\/a><figcaption>Equip educatiu de Bosc de Llum<\/figcaption><\/figure><\/div>\n\n\n\n<h4><strong>Siboc Projectes Ambientals<\/strong><\/h4>\n\n\n\n<p><strong>Siboc<\/strong> \u00e9s una empresa fundada el 2012 i especialitzada en educaci\u00f3 ambiental i gesti\u00f3 de projectes. Ofereix activitats, plans directors i materials educatius, combinant rigor cient\u00edfic i creativitat pedag\u00f2gica.<\/p>\n\n\n\n<ul><li><strong>Ana Villena<\/strong>, fundadora i directora t\u00e8cnica, bi\u00f2loga especialitzada en ecologia i educaci\u00f3 ambiental.<\/li><li><strong>Sara Piqueras<\/strong>, t\u00e8cnica en educaci\u00f3 ambiental, amb experi\u00e8ncia en recerca, administraci\u00f3 i educaci\u00f3.<\/li><li><strong>Mar Pons<\/strong>, graduada en biologia, dinamitzadora d\u2019activitats de biodiversitat, residus i energies renovables.<\/li><li><strong>Anabel Castro<\/strong>, diplomada en estad\u00edstica, amb m\u00e0sters en medi ambient i enginyeria mediambiental; actualment educadora ambiental.<\/li><li><strong>Gl\u00f2ria Gallego<\/strong>, educadora ambiental i directora de lleure, especialitzada en el disseny d\u2019activitats i en metodologies creatives.<\/li><\/ul>\n\n\n\n<figure class=\"wp-block-image size-large\"><a href=\"https:\/\/blogs.amb.cat\/educacioambiental\/wp-content\/uploads\/sites\/2\/2025\/10\/equip2.jpg\"><img width=\"1024\" height=\"576\" src=\"https:\/\/blogs.amb.cat\/educacioambiental\/wp-content\/uploads\/sites\/2\/2025\/10\/equip2-1024x576.jpg\" alt=\"\" class=\"wp-image-5464\" srcset=\"https:\/\/blogs.amb.cat\/educacioambiental\/wp-content\/uploads\/sites\/2\/2025\/10\/equip2-1024x576.jpg 1024w, https:\/\/blogs.amb.cat\/educacioambiental\/wp-content\/uploads\/sites\/2\/2025\/10\/equip2-300x169.jpg 300w, https:\/\/blogs.amb.cat\/educacioambiental\/wp-content\/uploads\/sites\/2\/2025\/10\/equip2-768x432.jpg 768w, https:\/\/blogs.amb.cat\/educacioambiental\/wp-content\/uploads\/sites\/2\/2025\/10\/equip2-1536x864.jpg 1536w, https:\/\/blogs.amb.cat\/educacioambiental\/wp-content\/uploads\/sites\/2\/2025\/10\/equip2.jpg 1920w\" sizes=\"(max-width: 1024px) 100vw, 1024px\" \/><\/a><figcaption>Equip educatiu de Siboc Projectes Ambientals<\/figcaption><\/figure>\n\n\n\n<h4><strong>Trencad\u00eds<\/strong><\/h4>\n\n\n\n<p><strong>Trencad\u00eds<\/strong> es dedica des del 2012 a la gesti\u00f3 i difusi\u00f3 del patrimoni hist\u00f2ric i cultural, vinculant-lo a l\u2019educaci\u00f3 en valors i a la sostenibilitat. Ofereix visites, itineraris i tallers que uneixen cultura i medi ambient amb una visi\u00f3 transformadora.<\/p>\n\n\n\n<ul><li><strong>M\u00f3nica Barahona<\/strong>, coordinadora de l\u2019equip i responsable de continguts.<\/li><li><strong>Helena Olaya<\/strong> i <strong>Carles Alemany<\/strong>, membres veterans que aporten experi\u00e8ncia i continu\u00eftat.<\/li><li><strong>Andrea Huerta<\/strong> i <strong>Marcos Raya<\/strong>, noves incorporacions que sumen mirades i idees innovadores.<\/li><\/ul>\n\n\n\n<div class=\"wp-block-image\"><figure class=\"aligncenter size-large\"><a href=\"https:\/\/blogs.amb.cat\/educacioambiental\/wp-content\/uploads\/sites\/2\/2025\/10\/equip-Trencadis-2025-2026.jpeg\"><img width=\"1024\" height=\"1011\" src=\"https:\/\/blogs.amb.cat\/educacioambiental\/wp-content\/uploads\/sites\/2\/2025\/10\/equip-Trencadis-2025-2026-1024x1011.jpeg\" alt=\"\" class=\"wp-image-5465\" srcset=\"https:\/\/blogs.amb.cat\/educacioambiental\/wp-content\/uploads\/sites\/2\/2025\/10\/equip-Trencadis-2025-2026-1024x1011.jpeg 1024w, https:\/\/blogs.amb.cat\/educacioambiental\/wp-content\/uploads\/sites\/2\/2025\/10\/equip-Trencadis-2025-2026-300x296.jpeg 300w, https:\/\/blogs.amb.cat\/educacioambiental\/wp-content\/uploads\/sites\/2\/2025\/10\/equip-Trencadis-2025-2026-768x758.jpeg 768w, https:\/\/blogs.amb.cat\/educacioambiental\/wp-content\/uploads\/sites\/2\/2025\/10\/equip-Trencadis-2025-2026.jpeg 1200w\" sizes=\"(max-width: 1024px) 100vw, 1024px\" \/><\/a><figcaption>Equip educatiu de Trencad\u00eds<\/figcaption><\/figure><\/div>\n\n\n\n<h4><strong>Arrel<\/strong><\/h4>\n\n\n\n<p>El <strong>Centre Mediambiental l\u2019Arrel<\/strong>, amb m\u00e9s de 40 anys de traject\u00f2ria, combina educaci\u00f3 ambiental i acci\u00f3 comunit\u00e0ria al Baix Llobregat. Dirigit per <strong>\u00c0ngel Arroyes<\/strong>, desenvolupa activitats educatives, sortides guiades i projectes locals vinculats a la natura, la sostenibilitat i l\u2019agricultura respectuosa amb el medi. La seva experi\u00e8ncia i arrelament territorial s\u00f3n un valor afegit per al programa.<\/p>\n\n\n\n<div class=\"wp-block-image\"><figure class=\"aligncenter size-large\"><a href=\"https:\/\/blogs.amb.cat\/educacioambiental\/wp-content\/uploads\/sites\/2\/2025\/10\/image-9.jpg\"><img width=\"918\" height=\"614\" src=\"https:\/\/blogs.amb.cat\/educacioambiental\/wp-content\/uploads\/sites\/2\/2025\/10\/image-9.jpg\" alt=\"\" class=\"wp-image-5529\" srcset=\"https:\/\/blogs.amb.cat\/educacioambiental\/wp-content\/uploads\/sites\/2\/2025\/10\/image-9.jpg 918w, https:\/\/blogs.amb.cat\/educacioambiental\/wp-content\/uploads\/sites\/2\/2025\/10\/image-9-300x201.jpg 300w, https:\/\/blogs.amb.cat\/educacioambiental\/wp-content\/uploads\/sites\/2\/2025\/10\/image-9-768x514.jpg 768w\" sizes=\"(max-width: 918px) 100vw, 918px\" \/><\/a><figcaption>\u00c0ngel Arroyes en una activitat educativa<\/figcaption><\/figure><\/div>\n\n\n\n<div class=\"wp-block-image\"><figure class=\"aligncenter size-large\"><a href=\"https:\/\/blogs.amb.cat\/educacioambiental\/wp-content\/uploads\/sites\/2\/2025\/10\/image-8.jpg\"><img width=\"932\" height=\"615\" src=\"https:\/\/blogs.amb.cat\/educacioambiental\/wp-content\/uploads\/sites\/2\/2025\/10\/image-8.jpg\" alt=\"\" class=\"wp-image-5528\" srcset=\"https:\/\/blogs.amb.cat\/educacioambiental\/wp-content\/uploads\/sites\/2\/2025\/10\/image-8.jpg 932w, https:\/\/blogs.amb.cat\/educacioambiental\/wp-content\/uploads\/sites\/2\/2025\/10\/image-8-300x198.jpg 300w, https:\/\/blogs.amb.cat\/educacioambiental\/wp-content\/uploads\/sites\/2\/2025\/10\/image-8-768x507.jpg 768w\" sizes=\"(max-width: 932px) 100vw, 932px\" \/><\/a><figcaption>Marc P\u00e9rez, educador d&#8217;Arrel, en una activitat educativa<\/figcaption><\/figure><\/div>\n\n\n\n<h4><strong>El veritable motor del canvi<\/strong><\/h4>\n\n\n\n<p>El nostre paper \u00e9s nom\u00e9s una part de l\u2019engranatge. La for\u00e7a real del canvi la tenen els infants que apliquen el que aprenen i ho comparteixen amb les seves fam\u00edlies; els adolescents que q\u00fcestionen el consum; les fam\u00edlies que aposten per opcions reutilitzables, i les persones grans que viuen en harmonia amb el seu entorn.<\/p>\n\n\n\n<h4><strong>Preparats per a un nou curs<\/strong><\/h4>\n\n\n\n<p>Amb aquesta combinaci\u00f3 de <strong>talent, experi\u00e8ncia i motivaci\u00f3<\/strong>, encarem el curs amb noves activitats, nous reptes i la mateixa voluntat de sempre: fer cr\u00e9ixer consci\u00e8ncies i multiplicar accions per un territori m\u00e9s sostenible.<\/p>\n\n\n\n<p>Us convidem a descobrir els <strong>cat\u00e0legs d\u2019activitats<\/strong> i a fer reservers per poder per viure, de primera m\u00e0, com l\u2019educaci\u00f3 ambiental pot transformar la manera com veiem i cuidem el m\u00f3n.<\/p>\n\n\n\n<p>Cat\u00e0leg de formaci\u00f3 reglada<\/p>\n\n\n\n<p>Cat\u00e0leg de formaci\u00f3 no reglada i ciutadania<\/p>\n\n\n\n<p>\ud83d\udce9 reserves.compartim@amb.cat<br>\ud83d\udcde 93 238 93 51<\/p>\n","protected":false},"excerpt":{"rendered":"<p>Aquest curs 2025-2026, us presentem les persones i entitats que faran possible que l\u2019educaci\u00f3 ambiental continu\u00ef bategant arreu del territori metropolit\u00e0. El programa est\u00e0 impulsat per l\u2019\u00c0rea Metropolitana de Barcelona (AMB), amb Ana Romero al capdavant com a directora dels Serveis d\u2019Acci\u00f3 Clim\u00e0tica, coordinat per Noem\u00ed Guinovart com a cap de la Secci\u00f3 d\u2019Educaci\u00f3 Ambiental, [&hellip;]<\/p>\n","protected":false},"author":31,"featured_media":5461,"comment_status":"closed","ping_status":"open","sticky":false,"template":"","format":"standard","meta":{"_oasis_is_in_workflow":0,"_oasis_original":0,"ngg_post_thumbnail":0},"categories":[31,35,39,1],"tags":[],"_links":{"self":[{"href":"https:\/\/blogs.amb.cat\/educacioambiental\/wp-json\/wp\/v2\/posts\/5460"}],"collection":[{"href":"https:\/\/blogs.amb.cat\/educacioambiental\/wp-json\/wp\/v2\/posts"}],"about":[{"href":"https:\/\/blogs.amb.cat\/educacioambiental\/wp-json\/wp\/v2\/types\/post"}],"author":[{"embeddable":true,"href":"https:\/\/blogs.amb.cat\/educacioambiental\/wp-json\/wp\/v2\/users\/31"}],"replies":[{"embeddable":true,"href":"https:\/\/blogs.amb.cat\/educacioambiental\/wp-json\/wp\/v2\/comments?post=5460"}],"version-history":[{"count":6,"href":"https:\/\/blogs.amb.cat\/educacioambiental\/wp-json\/wp\/v2\/posts\/5460\/revisions"}],"predecessor-version":[{"id":5530,"href":"https:\/\/blogs.amb.cat\/educacioambiental\/wp-json\/wp\/v2\/posts\/5460\/revisions\/5530"}],"wp:featuredmedia":[{"embeddable":true,"href":"https:\/\/blogs.amb.cat\/educacioambiental\/wp-json\/wp\/v2\/media\/5461"}],"wp:attachment":[{"href":"https:\/\/blogs.amb.cat\/educacioambiental\/wp-json\/wp\/v2\/media?parent=5460"}],"wp:term":[{"taxonomy":"category","embeddable":true,"href":"https:\/\/blogs.amb.cat\/educacioambiental\/wp-json\/wp\/v2\/categories?post=5460"},{"taxonomy":"post_tag","embeddable":true,"href":"https:\/\/blogs.amb.cat\/educacioambiental\/wp-json\/wp\/v2\/tags?post=5460"}],"curies":[{"name":"wp","href":"https:\/\/api.w.org\/{rel}","templated":true}]}}