
 







{"id":5468,"date":"2025-10-01T10:22:00","date_gmt":"2025-10-01T10:22:00","guid":{"rendered":"https:\/\/blogs.amb.cat\/educacioambiental\/?p=5468"},"modified":"2025-10-03T06:31:03","modified_gmt":"2025-10-03T06:31:03","slug":"nova-publicacio-de-la-visita-al-diposit-de-la-vall-de-joan","status":"publish","type":"post","link":"https:\/\/blogs.amb.cat\/educacioambiental\/2025\/10\/01\/nova-publicacio-de-la-visita-al-diposit-de-la-vall-de-joan\/","title":{"rendered":"Nova publicaci\u00f3 de la visita al dip\u00f2sit de la Vall de Joan"},"content":{"rendered":"\n<p>Ja est\u00e0 disponible, en format digital i tamb\u00e9 en paper, la nova publicaci\u00f3 que acompanya la visita guiada al <strong>dip\u00f2sit controlat de la Vall de Joan<\/strong>, al Parc del Garraf. Es tracta d\u2019un recurs pensat per acompanyar l\u2019alumnat, els educadors i tots els visitants que s\u2019endinsen en aquest espai singular, un antic abocador transformat en un entorn de gran valor ambiental.<\/p>\n\n\n\n<p>La publicaci\u00f3 explica de manera clara i visual:<\/p>\n\n\n\n<ul><li><strong>El model d\u2019economia circular i el cicle dels residus<\/strong>, des de la producci\u00f3 fins a la gesti\u00f3 final, on es destaca la import\u00e0ncia de reduir, reutilitzar i reciclar.<\/li><li><strong>La hist\u00f2ria del dip\u00f2sit<\/strong>, que va funcionar entre 1974 i 2006 i on es van gestionar 27 milions de tones de residus, aix\u00ed com el proc\u00e9s de clausura i restauraci\u00f3 que ha perm\u00e8s recuperar-lo ambientalment.<\/li><li><strong>El funcionament dels dip\u00f2sits controlats<\/strong>, amb els sistemes de recollida de lixiviats i biog\u00e0s i la seva transformaci\u00f3 en energia.<\/li><li><strong>El projecte de restauraci\u00f3 i la biodiversitat actual<\/strong>, amb la pres\u00e8ncia de prats mediterranis, basses naturalitzades i m\u00e9s de 60 esp\u00e8cies d\u2019ocells \u2014com l\u2019\u00e0liga cuabarrada\u2014 i altres animals com r\u00e8ptils, amfibis i mam\u00edfers.<\/li><li><strong>Elements gr\u00e0fics i esquemes<\/strong> que ajuden a entendre com s\u2019ha transformat aquest espai: seccions del dip\u00f2sit, l\u00ednia del temps, mapes i fitxes de fauna i flora.<\/li><\/ul>\n\n\n\n<div class=\"wp-block-image\"><figure class=\"aligncenter size-large\"><a href=\"https:\/\/blogs.amb.cat\/educacioambiental\/wp-content\/uploads\/sites\/2\/2025\/10\/vall-de-joan_bio.jpg\"><img width=\"1024\" height=\"694\" src=\"https:\/\/blogs.amb.cat\/educacioambiental\/wp-content\/uploads\/sites\/2\/2025\/10\/vall-de-joan_bio-1024x694.jpg\" alt=\"\" class=\"wp-image-5471\" srcset=\"https:\/\/blogs.amb.cat\/educacioambiental\/wp-content\/uploads\/sites\/2\/2025\/10\/vall-de-joan_bio-1024x694.jpg 1024w, https:\/\/blogs.amb.cat\/educacioambiental\/wp-content\/uploads\/sites\/2\/2025\/10\/vall-de-joan_bio-300x203.jpg 300w, https:\/\/blogs.amb.cat\/educacioambiental\/wp-content\/uploads\/sites\/2\/2025\/10\/vall-de-joan_bio-768x520.jpg 768w, https:\/\/blogs.amb.cat\/educacioambiental\/wp-content\/uploads\/sites\/2\/2025\/10\/vall-de-joan_bio.jpg 1221w\" sizes=\"(max-width: 1024px) 100vw, 1024px\" \/><\/a><figcaption>L\u00e0mina sobre la biodiversitat en el dip\u00f2sit de la Vall de Joan<\/figcaption><\/figure><\/div>\n\n\n\n<p>Amb aquest dossier, el Compartim un Futur ofereix una eina educativa que permet entendre millor el paper de les instal\u00b7lacions de gesti\u00f3 de residus i, alhora, connectar amb els valors de la sostenibilitat i la conservaci\u00f3 de la biodiversitat.<\/p>\n\n\n\n<p>Pots consultar-lo aqu\u00ed: <a href=\"https:\/\/www.amb.cat\/ca\/web\/medi-ambient\/sostenibilitat\/educacio-ambiental\/cataleg\/detall\/-\/gdpmes\/diposit-controlat-de-la-vall-de-joan--dossier-per-al-visitant-\/28035235\/11818\" data-type=\"URL\" data-id=\"https:\/\/www.amb.cat\/ca\/web\/medi-ambient\/sostenibilitat\/educacio-ambiental\/cataleg\/detall\/-\/gdpmes\/diposit-controlat-de-la-vall-de-joan--dossier-per-al-visitant-\/28035235\/11818\">Dip\u00f2sit controlat de la Vall de Joan (dossier per al visitant)<\/a><\/p>\n","protected":false},"excerpt":{"rendered":"<p>Ja est\u00e0 disponible, en format digital i tamb\u00e9 en paper, la nova publicaci\u00f3 que acompanya la visita guiada al dip\u00f2sit controlat de la Vall de Joan, al Parc del Garraf. Es tracta d\u2019un recurs pensat per acompanyar l\u2019alumnat, els educadors i tots els visitants que s\u2019endinsen en aquest espai singular, un antic abocador transformat en [&hellip;]<\/p>\n","protected":false},"author":31,"featured_media":5473,"comment_status":"closed","ping_status":"open","sticky":false,"template":"","format":"standard","meta":{"_oasis_is_in_workflow":0,"_oasis_original":0,"ngg_post_thumbnail":0},"categories":[31,35,39,1,37],"tags":[],"_links":{"self":[{"href":"https:\/\/blogs.amb.cat\/educacioambiental\/wp-json\/wp\/v2\/posts\/5468"}],"collection":[{"href":"https:\/\/blogs.amb.cat\/educacioambiental\/wp-json\/wp\/v2\/posts"}],"about":[{"href":"https:\/\/blogs.amb.cat\/educacioambiental\/wp-json\/wp\/v2\/types\/post"}],"author":[{"embeddable":true,"href":"https:\/\/blogs.amb.cat\/educacioambiental\/wp-json\/wp\/v2\/users\/31"}],"replies":[{"embeddable":true,"href":"https:\/\/blogs.amb.cat\/educacioambiental\/wp-json\/wp\/v2\/comments?post=5468"}],"version-history":[{"count":3,"href":"https:\/\/blogs.amb.cat\/educacioambiental\/wp-json\/wp\/v2\/posts\/5468\/revisions"}],"predecessor-version":[{"id":5490,"href":"https:\/\/blogs.amb.cat\/educacioambiental\/wp-json\/wp\/v2\/posts\/5468\/revisions\/5490"}],"wp:featuredmedia":[{"embeddable":true,"href":"https:\/\/blogs.amb.cat\/educacioambiental\/wp-json\/wp\/v2\/media\/5473"}],"wp:attachment":[{"href":"https:\/\/blogs.amb.cat\/educacioambiental\/wp-json\/wp\/v2\/media?parent=5468"}],"wp:term":[{"taxonomy":"category","embeddable":true,"href":"https:\/\/blogs.amb.cat\/educacioambiental\/wp-json\/wp\/v2\/categories?post=5468"},{"taxonomy":"post_tag","embeddable":true,"href":"https:\/\/blogs.amb.cat\/educacioambiental\/wp-json\/wp\/v2\/tags?post=5468"}],"curies":[{"name":"wp","href":"https:\/\/api.w.org\/{rel}","templated":true}]}}