
 







{"id":5548,"date":"2025-10-21T10:23:00","date_gmt":"2025-10-21T10:23:00","guid":{"rendered":"https:\/\/blogs.amb.cat\/educacioambiental\/?p=5548"},"modified":"2025-10-31T09:32:37","modified_gmt":"2025-10-31T09:32:37","slug":"setmana-europea-de-la-prevencio-de-residus-2025-allarguem-la-vida-dels-aparells-electrics-i-electronics","status":"publish","type":"post","link":"https:\/\/blogs.amb.cat\/educacioambiental\/2025\/10\/21\/setmana-europea-de-la-prevencio-de-residus-2025-allarguem-la-vida-dels-aparells-electrics-i-electronics\/","title":{"rendered":"Setmana Europea de la Prevenci\u00f3 de Residus 2025: allarguem la vida dels aparells el\u00e8ctrics i electr\u00f2nics!"},"content":{"rendered":"\n<p>Els <strong>aparells el\u00e8ctrics i electr\u00f2nics<\/strong> ens faciliten la vida, per\u00f2 quan deixen de funcionar poden convertir-se en un <strong>problema ambiental<\/strong> si no es gestionen correctament. Aquests <strong>residus d\u2019aparells el\u00e8ctrics i electr\u00f2nics (RAEE)<\/strong> amaguen una doble cara: contenen materials perillosos que poden contaminar el medi, per\u00f2 tamb\u00e9 metalls valuosos i recursos recuperables. Gestionar-los b\u00e9 \u00e9s clau per avan\u00e7ar cap a una economia circular.<\/p>\n\n\n\n<figure class=\"wp-block-image size-large\"><a href=\"https:\/\/blogs.amb.cat\/educacioambiental\/wp-content\/uploads\/sites\/2\/2025\/10\/image-10.jpg\"><img width=\"886\" height=\"264\" src=\"https:\/\/blogs.amb.cat\/educacioambiental\/wp-content\/uploads\/sites\/2\/2025\/10\/image-10.jpg\" alt=\"\" class=\"wp-image-5549\" srcset=\"https:\/\/blogs.amb.cat\/educacioambiental\/wp-content\/uploads\/sites\/2\/2025\/10\/image-10.jpg 886w, https:\/\/blogs.amb.cat\/educacioambiental\/wp-content\/uploads\/sites\/2\/2025\/10\/image-10-300x89.jpg 300w, https:\/\/blogs.amb.cat\/educacioambiental\/wp-content\/uploads\/sites\/2\/2025\/10\/image-10-768x229.jpg 768w\" sizes=\"(max-width: 886px) 100vw, 886px\" \/><\/a><\/figure>\n\n\n\n<h4><strong>Qu\u00e8 s\u00f3n els RAEE?<\/strong><\/h4>\n\n\n\n<p>S\u00f3n tots els <strong>aparells que funcionen amb electricitat o bateries<\/strong> i que ja no fem servir: tel\u00e8fons m\u00f2bils, ordinadors, raspalls el\u00e8ctrics, llums, joguines, neveres o televisors.<br>Tamb\u00e9 inclouen <strong>components i accessoris<\/strong> com cables, carregadors i piles.<\/p>\n\n\n\n<p>Els RAEE s\u00f3n importants perqu\u00e8:<\/p>\n\n\n\n<ul><li>Contenen metalls preciosos (com coure, or o pal\u00b7ladi) que es poden recuperar.<\/li><li>Inclouen subst\u00e0ncies t\u00f2xiques (plom, mercuri o cadmi) que cal tractar amb seguretat.<\/li><li>Representen una oportunitat per reduir l\u2019extracci\u00f3 de recursos naturals.<\/li><\/ul>\n\n\n\n<p>Cada aparell ben reciclat \u00e9s un petit pas cap a un futur m\u00e9s sostenible.<\/p>\n\n\n\n<h4><strong>Qui n&#8217;\u00e9s responsable?<\/strong><\/h4>\n\n\n\n<p>A Espanya, el <strong>Reial decret 110\/2015<\/strong> estableix la normativa sobre els RAEE i aplica el principi de <strong>responsabilitat ampliada del productor<\/strong>.<\/p>\n\n\n\n<p>Les empreses que posen aparells al mercat n&#8217;han d\u2019assumir el cost i la gesti\u00f3 del reciclatge.<\/p>\n\n\n\n<p>A m\u00e9s, la llei fixa:<\/p>\n\n\n\n<ul><li>Objectius de recollida i categories de RAEE.<\/li><li>Sistemes de control i tra\u00e7abilitat per garantir un tractament segur.<\/li><\/ul>\n\n\n\n<h4><strong>Com gestionar-los correctament com a ciutada<\/strong>ns<\/h4>\n\n\n\n<p>Quan un aparell deixa de funcionar o ja no el necessitem, <strong>no s\u2019ha de llen\u00e7ar mai als contenidors del carrer<\/strong>. Els RAEE requereixen una gesti\u00f3 espec\u00edfica i segura per evitar la contaminaci\u00f3 i aprofitar-ne els materials.<\/p>\n\n\n\n<p>Podem portar-los a:<\/p>\n\n\n\n<ul><li><strong>Deixalleries o punts verds<\/strong>, on se n\u2019assegura el tractament correcte i la tra\u00e7abilitat.<\/li><li><strong>Comer\u00e7os o establiments <\/strong>\u00a0en el moment de comprar-ne un de nou (sistema 1&#215;1), tant si \u00e9s una compra f\u00edsica com en l\u00ednia, ja que s&#8217;est\u00e0 obligat a recollir gratu\u00eftament l\u2019aparell vell equivalent (per exemple, si comprem una rentadora, qui la porti ha de recollir la vella).<\/li><li><strong>Grans superf\u00edcies comercials (m\u00e9s de 400 m\u00b2)<\/strong>, que tamb\u00e9 han de disposar d\u2019un punt de recollida gratu\u00efta per a aparells petits (fins a 25 cm), sense necessitat de compra (sistema 1&#215;0). Aquest punt ha d\u2019estar ben visible i senyalitzat dins de la botiga.<\/li><\/ul>\n\n\n\n<p>Abans de portar-los, podem fer petites accions per facilitar-ne la gesti\u00f3:<\/p>\n\n\n\n<ul><li>Separar les piles dels dispositius.<\/li><li>Alliberar el cablejat o els accessoris que no siguin necessaris.<\/li><li>Guardar-los en un lloc sec i segur per evitar trencaments o fuites.<\/li><\/ul>\n\n\n\n<p>Aquestes mesures ajuden a manipular-los correctament durant el transport i el tractament posterior, <strong>minimitzen els riscos i faciliten la recuperaci\u00f3 dels materials<\/strong>.<\/p>\n\n\n\n<h4><strong>Del residu al recurs<\/strong><\/h4>\n\n\n\n<p>Un cop recollits, els RAEE passen per un <strong>proc\u00e9s de tractament especialitzat<\/strong>:<\/p>\n\n\n\n<ol type=\"1\"><li>Descontaminaci\u00f3: es retiren fluids, gasos o components perillosos.<\/li><li>Separaci\u00f3 de materials: metalls, pl\u00e0stics, vidre&#8230;<\/li><li>Reciclatge i valoritzaci\u00f3: els materials \u00fatils es transformen per a nous usos.<\/li><\/ol>\n\n\n\n<p>Exemples de segona vida:<\/p>\n\n\n\n<ul><li>El coure torna a servir per a cablejat el\u00e8ctric.<\/li><li>Els pl\u00e0stics reciclats es converteixen en carcasses de nous aparells.<\/li><li>Els metalls preciosos dels circuits impresos s\u2019utilitzen en tecnologia d\u2019alta gamma.<\/li><li>Les peces reutilitzables (bateries o pantalles) s\u2019aprofiten per fabricar nous dispositius.<\/li><\/ul>\n\n\n\n<p>Aix\u00ed, <strong>un residu pot convertir-se en recurs<\/strong> i reduir la necessitat de produir materials nous.<\/p>\n\n\n\n<h4><strong>Setmana Europea de la Prevenci\u00f3 de Residus 2025<\/strong><\/h4>\n\n\n\n<figure class=\"wp-block-embed is-type-video is-provider-youtube wp-block-embed-youtube wp-embed-aspect-16-9 wp-has-aspect-ratio\"><div class=\"wp-block-embed__wrapper\">\n<iframe title=\"EWWR | V\u00eddeo promocional EWWR 2025\" width=\"1170\" height=\"658\" src=\"https:\/\/www.youtube.com\/embed\/yf1YmdBJxLA?feature=oembed\" frameborder=\"0\" allow=\"accelerometer; autoplay; clipboard-write; encrypted-media; gyroscope; picture-in-picture; web-share\" referrerpolicy=\"strict-origin-when-cross-origin\" allowfullscreen><\/iframe>\n<\/div><\/figure>\n\n\n\n<p><strong>Del 22 al 30 de novembre del 2025<\/strong>, se celebra la <strong>17a edici\u00f3 de la Setmana Europea de la Prevenci\u00f3 de Residus<\/strong>, dedicada enguany als <strong>RAEE<\/strong>, amb el lema \u201cConnecta el valor, apaga el residu\u201d.<\/p>\n\n\n\n<p>El repte va m\u00e9s enll\u00e0 del reciclatge: cal posar el focus a<strong> allargar la vida dels aparells<\/strong>, a trav\u00e9s de la <strong>reutilitzaci\u00f3, la reparaci\u00f3, el pr\u00e9stec i l\u2019intercanvi<\/strong>.<\/p>\n\n\n\n<p><strong>Cada producte que allarguem evita un nou residu<\/strong>. Reparar un electrodom\u00e8stic, donar un m\u00f2bil que encara funciona o compartir un dispositiu que ja no fem servir s\u00f3n gestos senzills que redueixen la petjada ecol\u00f2gica i fomenten una economia m\u00e9s circular i solid\u00e0ria.<\/p>\n\n\n\n<p>Des del programa Compartim un Futur, ens hi sumem amb:<\/p>\n\n\n\n<ul><li>Tallers educatius per comprendre el cicle dels materials i la import\u00e0ncia de la prevenci\u00f3 de residus.<\/li><li>Visites a instal\u00b7lacions de tractament per veure com es recuperen els RAEE.<\/li><\/ul>\n\n\n\n<p>Un RAEE ben gestionat o reparat pot convertir-se en un recurs estrat\u00e8gic, evitar emissions i crear noves oportunitats socials i econ\u00f2miques.<\/p>\n\n\n\n<p><strong>El poder d\u2019un petit gest<\/strong><\/p>\n\n\n\n<p>Cada vegada que <strong>reutilitzem, reparem o compartim un aparell<\/strong>, redu\u00efm residus, estalviem energia i recursos naturals i contribu\u00efm a una cultura de consum m\u00e9s conscient.<\/p>\n\n\n\n<p><strong>Allargar la vida dels productes \u00e9s la millor manera de prevenir residus.<\/strong><br>Fem que la tecnologia i la sostenibilitat vagin realment de la m\u00e0.<\/p>\n\n\n\n<h4><strong>Enlla\u00e7os relacionats:<\/strong><\/h4>\n\n\n\n<ol type=\"1\"><li><a href=\"https:\/\/www.boe.es\/buscar\/doc.php?id=BOE-A-2015-2073\">Reial decret 110\/2015 sobre RAEE (BOE)<\/a><\/li><li><a href=\"https:\/\/industria.gob.es\">Ministeri d&#8217;Ind\u00fastria i Turisme \u2013 Obligacions del productor<\/a><\/li><li><a href=\"https:\/\/ewwr.eu\">European Week for Waste Reduction \u2013 Edici\u00f3 2025<\/a><\/li><li><a href=\"https:\/\/residus.gencat.cat\">Ag\u00e8ncia de Residus de Catalunya \u2013 Setmana Europea de la Prevenci\u00f3 de Residus<\/a><\/li><li><a href=\"https:\/\/es.ifixit.com\/\">https:\/\/es.ifixit.com\/<\/a><\/li><li><a href=\"https:\/\/docs.amb.cat\/alfresco\/api\/-default-\/public\/alfresco\/versions\/1\/nodes\/9c27c423-2871-4716-aed7-c29bdb94ec34\/content\/Petits+electrodomestics.pdf?attachment=false&amp;mimeType=application\/pdf&amp;sizeInBytes=3217619\">Publicaci\u00f3 &#8220;Repara&#8217;m! No em llencis&#8221;<\/a><\/li><li><a href=\"https:\/\/www.amb.cat\/es\/web\/medi-ambient\/actualitat\/publicacions\/detall\/-\/publicacio\/grans-electrodomestics-a-punt\/10161000\/11818\">Grans electrodom\u00e8stics a punt<\/a><\/li><li><a href=\"https:\/\/www.setem.org\/catalunya\/campanas\/electronica-justa\/\">https:\/\/www.setem.org\/catalunya\/campanas\/electronica-justa\/<\/a><\/li><\/ol>\n\n\n\n<figure class=\"wp-block-embed is-type-video is-provider-youtube wp-block-embed-youtube wp-embed-aspect-16-9 wp-has-aspect-ratio\"><div class=\"wp-block-embed__wrapper\">\n<iframe title=\"Manteniment de la rentadora\" width=\"1170\" height=\"658\" src=\"https:\/\/www.youtube.com\/embed\/KLJwV4YfDyc?feature=oembed\" frameborder=\"0\" allow=\"accelerometer; autoplay; clipboard-write; encrypted-media; gyroscope; picture-in-picture; web-share\" referrerpolicy=\"strict-origin-when-cross-origin\" allowfullscreen><\/iframe>\n<\/div><\/figure>\n","protected":false},"excerpt":{"rendered":"<p>Els aparells el\u00e8ctrics i electr\u00f2nics ens faciliten la vida, per\u00f2 quan deixen de funcionar poden convertir-se en un problema ambiental si no es gestionen correctament. Aquests residus d\u2019aparells el\u00e8ctrics i electr\u00f2nics (RAEE) amaguen una doble cara: contenen materials perillosos que poden contaminar el medi, per\u00f2 tamb\u00e9 metalls valuosos i recursos recuperables. Gestionar-los b\u00e9 \u00e9s clau [&hellip;]<\/p>\n","protected":false},"author":31,"featured_media":5551,"comment_status":"closed","ping_status":"open","sticky":false,"template":"","format":"standard","meta":{"_oasis_is_in_workflow":0,"_oasis_original":0,"ngg_post_thumbnail":0},"categories":[31,35,39,1,37],"tags":[],"_links":{"self":[{"href":"https:\/\/blogs.amb.cat\/educacioambiental\/wp-json\/wp\/v2\/posts\/5548"}],"collection":[{"href":"https:\/\/blogs.amb.cat\/educacioambiental\/wp-json\/wp\/v2\/posts"}],"about":[{"href":"https:\/\/blogs.amb.cat\/educacioambiental\/wp-json\/wp\/v2\/types\/post"}],"author":[{"embeddable":true,"href":"https:\/\/blogs.amb.cat\/educacioambiental\/wp-json\/wp\/v2\/users\/31"}],"replies":[{"embeddable":true,"href":"https:\/\/blogs.amb.cat\/educacioambiental\/wp-json\/wp\/v2\/comments?post=5548"}],"version-history":[{"count":3,"href":"https:\/\/blogs.amb.cat\/educacioambiental\/wp-json\/wp\/v2\/posts\/5548\/revisions"}],"predecessor-version":[{"id":5566,"href":"https:\/\/blogs.amb.cat\/educacioambiental\/wp-json\/wp\/v2\/posts\/5548\/revisions\/5566"}],"wp:featuredmedia":[{"embeddable":true,"href":"https:\/\/blogs.amb.cat\/educacioambiental\/wp-json\/wp\/v2\/media\/5551"}],"wp:attachment":[{"href":"https:\/\/blogs.amb.cat\/educacioambiental\/wp-json\/wp\/v2\/media?parent=5548"}],"wp:term":[{"taxonomy":"category","embeddable":true,"href":"https:\/\/blogs.amb.cat\/educacioambiental\/wp-json\/wp\/v2\/categories?post=5548"},{"taxonomy":"post_tag","embeddable":true,"href":"https:\/\/blogs.amb.cat\/educacioambiental\/wp-json\/wp\/v2\/tags?post=5548"}],"curies":[{"name":"wp","href":"https:\/\/api.w.org\/{rel}","templated":true}]}}