
 







{"id":5570,"date":"2025-11-18T08:18:00","date_gmt":"2025-11-18T08:18:00","guid":{"rendered":"https:\/\/blogs.amb.cat\/educacioambiental\/?p=5570"},"modified":"2026-03-11T08:38:25","modified_gmt":"2026-03-11T08:38:25","slug":"el-programa-compartim-un-futur-tanca-curs-amb-records-de-participacio-i-nous-horitzons-per-al-2025-2026","status":"publish","type":"post","link":"https:\/\/blogs.amb.cat\/educacioambiental\/2025\/11\/18\/el-programa-compartim-un-futur-tanca-curs-amb-records-de-participacio-i-nous-horitzons-per-al-2025-2026\/","title":{"rendered":"El programa Compartim un Futur tanca curs amb r\u00e8cords de participaci\u00f3 i nous horitzons per al 2025-2026"},"content":{"rendered":"\n<p>El programa <strong>Compartim un Futur<\/strong> va tancar temporada amb xifres de participaci\u00f3 extraordin\u00e0ries i amb una oferta educativa que no para de cr\u00e9ixer. Durant el curs <strong>2024-2025<\/strong>, gaireb\u00e9 <strong>60.000 persones<\/strong> de <strong>tots els municipis metropolitans<\/strong> han participat en alguna de les m\u00e9s de <strong>3.000 activitats<\/strong> del programa, que es consolida com a referent en educaci\u00f3 ambiental al territori.<\/p>\n\n\n\n<p>La formaci\u00f3 reglada ha tingut un pes especialment destacat: <strong>464 centres educatius<\/strong> s\u2019han inscrit en alguna activitat, fet que representa un <strong>87 % del total de participaci\u00f3<\/strong>. La resta d\u2019activitats han implicat ciutadania i grups de formaci\u00f3 no reglada, amb propostes a l\u2019aula, visites a instal\u00b7lacions ambientals i sortides a l\u2019entorn.<\/p>\n\n\n\n<div class=\"wp-block-image\"><figure class=\"aligncenter size-large\"><a href=\"https:\/\/blogs.amb.cat\/educacioambiental\/wp-content\/uploads\/sites\/2\/2025\/11\/Infografi\u2560ua_V9_07112025.jpg\"><img width=\"595\" height=\"940\" src=\"https:\/\/blogs.amb.cat\/educacioambiental\/wp-content\/uploads\/sites\/2\/2025\/11\/Infografi\u2560ua_V9_07112025.jpg\" alt=\"\" class=\"wp-image-5571\" srcset=\"https:\/\/blogs.amb.cat\/educacioambiental\/wp-content\/uploads\/sites\/2\/2025\/11\/Infografi\u2560ua_V9_07112025.jpg 595w, https:\/\/blogs.amb.cat\/educacioambiental\/wp-content\/uploads\/sites\/2\/2025\/11\/Infografi\u2560ua_V9_07112025-190x300.jpg 190w\" sizes=\"(max-width: 595px) 100vw, 595px\" \/><\/a><\/figure><\/div>\n\n\n\n<p>De cara al <strong>curs 2025-2026<\/strong>, el programa engega una nova etapa marcada per les l\u00ednies estrat\u00e8giques del <strong>PMES 2030<\/strong>, que posen el focus en l\u2019actualitzaci\u00f3 de continguts, les metodologies vivencials, la inclusi\u00f3, les aliances amb el territori i la promoci\u00f3 de la cultura de la sostenibilitat.<\/p>\n\n\n\n<p>Tot plegat reafirma el comprom\u00eds del programa amb la <strong>formaci\u00f3, la inclusi\u00f3 i la transformaci\u00f3 ambiental<\/strong> de la metr\u00f2polis.<\/p>\n\n\n\n<p><strong>Podeu consultar la nota de premsa completa aqu\u00ed<\/strong>: <\/p>\n\n\n\n<p><a href=\"https:\/\/www.amb.cat\/ca\/web\/amb\/actualitat\/sala-de-premsa\/notes-de-premsa\/detall\/-\/notapremsa\/el--compartim-un-futur--consolida-la-seva-oferta-educativa-amb-60-000-participants\/29447353\/11696\">https:\/\/www.amb.cat\/ca\/web\/amb\/actualitat\/sala-de-premsa\/notes-de-premsa\/detall\/-\/notapremsa\/el&#8211;compartim-un-futur&#8211;consolida-la-seva-oferta-educativa-amb-60-000-participants\/29447353\/11696<\/a><\/p>\n\n\n\n<p><\/p>\n","protected":false},"excerpt":{"rendered":"<p>El programa Compartim un Futur va tancar temporada amb xifres de participaci\u00f3 extraordin\u00e0ries i amb una oferta educativa que no para de cr\u00e9ixer. Durant el curs 2024-2025, gaireb\u00e9 60.000 persones de tots els municipis metropolitans han participat en alguna de les m\u00e9s de 3.000 activitats del programa, que es consolida com a referent en educaci\u00f3 [&hellip;]<\/p>\n","protected":false},"author":31,"featured_media":5572,"comment_status":"closed","ping_status":"open","sticky":false,"template":"","format":"standard","meta":{"_oasis_is_in_workflow":0,"_oasis_original":0,"ngg_post_thumbnail":0},"categories":[31,35,39,1],"tags":[],"_links":{"self":[{"href":"https:\/\/blogs.amb.cat\/educacioambiental\/wp-json\/wp\/v2\/posts\/5570"}],"collection":[{"href":"https:\/\/blogs.amb.cat\/educacioambiental\/wp-json\/wp\/v2\/posts"}],"about":[{"href":"https:\/\/blogs.amb.cat\/educacioambiental\/wp-json\/wp\/v2\/types\/post"}],"author":[{"embeddable":true,"href":"https:\/\/blogs.amb.cat\/educacioambiental\/wp-json\/wp\/v2\/users\/31"}],"replies":[{"embeddable":true,"href":"https:\/\/blogs.amb.cat\/educacioambiental\/wp-json\/wp\/v2\/comments?post=5570"}],"version-history":[{"count":2,"href":"https:\/\/blogs.amb.cat\/educacioambiental\/wp-json\/wp\/v2\/posts\/5570\/revisions"}],"predecessor-version":[{"id":5586,"href":"https:\/\/blogs.amb.cat\/educacioambiental\/wp-json\/wp\/v2\/posts\/5570\/revisions\/5586"}],"wp:featuredmedia":[{"embeddable":true,"href":"https:\/\/blogs.amb.cat\/educacioambiental\/wp-json\/wp\/v2\/media\/5572"}],"wp:attachment":[{"href":"https:\/\/blogs.amb.cat\/educacioambiental\/wp-json\/wp\/v2\/media?parent=5570"}],"wp:term":[{"taxonomy":"category","embeddable":true,"href":"https:\/\/blogs.amb.cat\/educacioambiental\/wp-json\/wp\/v2\/categories?post=5570"},{"taxonomy":"post_tag","embeddable":true,"href":"https:\/\/blogs.amb.cat\/educacioambiental\/wp-json\/wp\/v2\/tags?post=5570"}],"curies":[{"name":"wp","href":"https:\/\/api.w.org\/{rel}","templated":true}]}}