
 







{"id":5715,"date":"2026-02-24T09:32:00","date_gmt":"2026-02-24T09:32:00","guid":{"rendered":"https:\/\/blogs.amb.cat\/educacioambiental\/?p=5715"},"modified":"2026-03-03T09:39:20","modified_gmt":"2026-03-03T09:39:20","slug":"de-residu-a-paisatge-una-mirada-educativa-a-la-transformacio-de-la-vall-de-joan","status":"publish","type":"post","link":"https:\/\/blogs.amb.cat\/educacioambiental\/2026\/02\/24\/de-residu-a-paisatge-una-mirada-educativa-a-la-transformacio-de-la-vall-de-joan\/","title":{"rendered":"De residu a paisatge: una mirada educativa a la transformaci\u00f3 de la Vall de Joan"},"content":{"rendered":"\n<p>El dip\u00f2sit clausurat de la Vall de Joan va concentrar una de les problem\u00e0tiques ambientals m\u00e9s importants del territori metropolit\u00e0 durant d\u00e8cades, i avui dia s\u2019ha convertit&nbsp;en un exemple de transformaci\u00f3 i recuperaci\u00f3. Aquest espai permet entendre com la gesti\u00f3 ambiental, la planificaci\u00f3 a llarg termini i la restauraci\u00f3 ecol\u00f2gica poden revertir l\u2019impacte d\u2019una activitat intensiva sobre el territori.<\/p>\n\n\n\n<figure class=\"wp-block-image size-large\"><a href=\"https:\/\/blogs.amb.cat\/educacioambiental\/wp-content\/uploads\/sites\/2\/2026\/02\/20250529_CristinaCano_RV9_19-scaled.jpg\"><img width=\"1024\" height=\"576\" src=\"https:\/\/blogs.amb.cat\/educacioambiental\/wp-content\/uploads\/sites\/2\/2026\/02\/20250529_CristinaCano_RV9_19-1024x576.jpg\" alt=\"\" class=\"wp-image-5717\" srcset=\"https:\/\/blogs.amb.cat\/educacioambiental\/wp-content\/uploads\/sites\/2\/2026\/02\/20250529_CristinaCano_RV9_19-1024x576.jpg 1024w, https:\/\/blogs.amb.cat\/educacioambiental\/wp-content\/uploads\/sites\/2\/2026\/02\/20250529_CristinaCano_RV9_19-300x169.jpg 300w, https:\/\/blogs.amb.cat\/educacioambiental\/wp-content\/uploads\/sites\/2\/2026\/02\/20250529_CristinaCano_RV9_19-768x432.jpg 768w, https:\/\/blogs.amb.cat\/educacioambiental\/wp-content\/uploads\/sites\/2\/2026\/02\/20250529_CristinaCano_RV9_19-1536x864.jpg 1536w, https:\/\/blogs.amb.cat\/educacioambiental\/wp-content\/uploads\/sites\/2\/2026\/02\/20250529_CristinaCano_RV9_19-2048x1152.jpg 2048w\" sizes=\"(max-width: 1024px) 100vw, 1024px\" \/><\/a><figcaption>Participants observant les diferents esp\u00e8cies d\u2019aus que hi ha a l\u2019espai.<\/figcaption><\/figure>\n\n\n\n<h4><strong>Un recorregut per entendre el canvi<\/strong><\/h4>\n\n\n\n<p>La <a href=\"https:\/\/www.amb.cat\/ca\/web\/medi-ambient\/sostenibilitat\/educacio-ambiental\/cataleg\/detall\/-\/gdpmes\/diposit-controlat-de-la-vall-de-joan\/284366\/11818\">visita educativa a la Vall de Joan<\/a> no \u00e9s nom\u00e9s un passeig per un espai naturalitzat: \u00e9s un recorregut guiat que permet situar el context hist\u00f2ric del dip\u00f2sit, entendre per qu\u00e8 es va implantar en aquest indret i con\u00e8ixer com s\u2019ha gestionat el seu tancament i restauraci\u00f3.<\/p>\n\n\n\n<p>L\u2019activitat s\u2019inicia a la masia de Can Joan, dins la instal\u00b7laci\u00f3, on es fa una introducci\u00f3 al passat i al present de l\u2019espai. A partir d\u2019aqu\u00ed, el grup es despla\u00e7a als diferents miradors, punts clau per observar l\u2019evoluci\u00f3 del paisatge i identificar les diferents fases del proc\u00e9s de restauraci\u00f3. El recorregut permet veure de primera m\u00e0 com s\u2019ha treballat la integraci\u00f3 paisatg\u00edstica, la creaci\u00f3 de prats i herbassars i la recuperaci\u00f3 progressiva d\u2019un ecosistema funcional.<\/p>\n\n\n\n<p>Al llarg de la visita, s\u2019aborden tamb\u00e9 els aspectes que sovint queden invisibilitzats: la gesti\u00f3 dels residus un cop dipositats, els sistemes de control ambiental, el seguiment a llarg termini i la necessitat de mantenir una vigil\u00e0ncia constant per garantir l\u2019estabilitat i la seguretat de l\u2019espai.<\/p>\n\n\n\n<figure class=\"wp-block-image size-large\"><a href=\"https:\/\/blogs.amb.cat\/educacioambiental\/wp-content\/uploads\/sites\/2\/2026\/02\/20250529_CristinaCano_RV9_29-scaled.jpg\"><img width=\"1024\" height=\"819\" src=\"https:\/\/blogs.amb.cat\/educacioambiental\/wp-content\/uploads\/sites\/2\/2026\/02\/20250529_CristinaCano_RV9_29-1024x819.jpg\" alt=\"\" class=\"wp-image-5719\" srcset=\"https:\/\/blogs.amb.cat\/educacioambiental\/wp-content\/uploads\/sites\/2\/2026\/02\/20250529_CristinaCano_RV9_29-1024x819.jpg 1024w, https:\/\/blogs.amb.cat\/educacioambiental\/wp-content\/uploads\/sites\/2\/2026\/02\/20250529_CristinaCano_RV9_29-300x240.jpg 300w, https:\/\/blogs.amb.cat\/educacioambiental\/wp-content\/uploads\/sites\/2\/2026\/02\/20250529_CristinaCano_RV9_29-768x615.jpg 768w, https:\/\/blogs.amb.cat\/educacioambiental\/wp-content\/uploads\/sites\/2\/2026\/02\/20250529_CristinaCano_RV9_29-1536x1229.jpg 1536w, https:\/\/blogs.amb.cat\/educacioambiental\/wp-content\/uploads\/sites\/2\/2026\/02\/20250529_CristinaCano_RV9_29-2048x1639.jpg 2048w\" sizes=\"(max-width: 1024px) 100vw, 1024px\" \/><\/a><figcaption>Bassa amb pres\u00e8ncia d\u2019amfibis.<\/figcaption><\/figure>\n\n\n\n<h4><strong>Per qu\u00e8 \u00e9s una visita especialment rellevant<\/strong>?<\/h4>\n\n\n\n<p>La visita \u00e9s una oportunitat per entendre que la gesti\u00f3 ambiental no acaba quan es tanca una instal\u00b7laci\u00f3, sin\u00f3 al contrari: comen\u00e7a una fase llarga i complexa en qu\u00e8 cal combinar coneixement t\u00e8cnic, criteris ambientals i una mirada territorial \u00e0mplia.<\/p>\n\n\n\n<p>El dip\u00f2sit controlat de la Vall de Joan permet reflexionar sobre:<\/p>\n\n\n\n<ul><li>els impactes reals de la generaci\u00f3 de residus<\/li><li>la import\u00e0ncia de planificar a llarg termini<\/li><li>la capacitat de transformar un espai degradat en un entorn amb valor ambiental i educatiu<\/li><\/ul>\n\n\n\n<p>M\u00e9s enll\u00e0 de les dades, la visita convida a observar, fer preguntes i connectar el passat del territori amb els reptes ambientals del present.<\/p>\n\n\n\n<figure class=\"wp-block-image size-large\"><a href=\"https:\/\/blogs.amb.cat\/educacioambiental\/wp-content\/uploads\/sites\/2\/2026\/02\/20250529_CristinaCano_RV9_26-scaled.jpg\"><img width=\"1024\" height=\"819\" src=\"https:\/\/blogs.amb.cat\/educacioambiental\/wp-content\/uploads\/sites\/2\/2026\/02\/20250529_CristinaCano_RV9_26-1024x819.jpg\" alt=\"\" class=\"wp-image-5718\" srcset=\"https:\/\/blogs.amb.cat\/educacioambiental\/wp-content\/uploads\/sites\/2\/2026\/02\/20250529_CristinaCano_RV9_26-1024x819.jpg 1024w, https:\/\/blogs.amb.cat\/educacioambiental\/wp-content\/uploads\/sites\/2\/2026\/02\/20250529_CristinaCano_RV9_26-300x240.jpg 300w, https:\/\/blogs.amb.cat\/educacioambiental\/wp-content\/uploads\/sites\/2\/2026\/02\/20250529_CristinaCano_RV9_26-768x614.jpg 768w, https:\/\/blogs.amb.cat\/educacioambiental\/wp-content\/uploads\/sites\/2\/2026\/02\/20250529_CristinaCano_RV9_26-1536x1229.jpg 1536w, https:\/\/blogs.amb.cat\/educacioambiental\/wp-content\/uploads\/sites\/2\/2026\/02\/20250529_CristinaCano_RV9_26-2048x1639.jpg 2048w\" sizes=\"(max-width: 1024px) 100vw, 1024px\" \/><\/a><figcaption>Plaf\u00f3 sobre la biodiversitat que hi ha a l\u2019espai<\/figcaption><\/figure>\n\n\n\n<h4><strong>La mirada de l\u2019equip educatiu: un espai per observar i entendre<\/strong><\/h4>\n\n\n\n<p>L\u2019equip d\u2019educadors i educadores del programa destaca el <strong>gran potencial de la Vall de Joan com a espai d\u2019educaci\u00f3 ambiental<\/strong>. El projecte de restauraci\u00f3, reconegut tamb\u00e9 en l\u2019\u00e0mbit de l\u2019arquitectura i el paisatge, permet entendre com la ci\u00e8ncia i el coneixement es posen al servei del territori.<\/p>\n\n\n\n<p>Pel que fa a la transformaci\u00f3 de l\u2019espai, l\u2019equip educatiu subratlla que no nom\u00e9s s\u2019ha renaturalitzat la vall per recuperar-la, sin\u00f3 que el projecte ha anat un pas m\u00e9s enll\u00e0 i s\u2019ha <strong>incrementat la biodiversitat respecte a la situaci\u00f3 pr\u00e8via<\/strong>. Destaquen especialment esp\u00e8cies d\u2019alt valor ecol\u00f2gic, com l\u2019\u00e0guila cuabarrada (<em>Aquila fasciata<\/em>), i l\u2019impacte positiu que tenen sobre el terreny.<\/p>\n\n\n\n<p>Els educadors tamb\u00e9 remarquen el fort component simb\u00f2lic de la Vall de Joan: el contrast entre el que va ser l\u2019abocador i l\u2019estat actual de l\u2019espai genera sorpresa, per\u00f2 tamb\u00e9 un sentiment de confian\u00e7a i responsabilitat. Aquestes mirades reforcen el valor educatiu de la visita com a espai d\u2019observaci\u00f3, reflexi\u00f3 i aprenentatge cr\u00edtic, i posen de manifest la import\u00e0ncia de con\u00e8ixer el territori per poder-lo entendre i cuidar.<\/p>\n\n\n\n<h4><strong>Aprendre del territori per cuidar-lo<\/strong><\/h4>\n\n\n\n<p>La visita a la Vall de Joan \u00e9s una experi\u00e8ncia educativa que permet entendre la gesti\u00f3 ambiental des d\u2019una mirada realista i complexa. Con\u00e8ixer el territori, la seva hist\u00f2ria i els processos que l\u2019han transformat \u00e9s un pas imprescindible per poder-lo cuidar.<\/p>\n\n\n\n<p>Si sou un grup de batxillerat, cicle formatiu de grau superior o universitat podeu fer una reserva enviant un correu a <a href=\"mailto:reserves.compartim@amb.cat\">reserves.compartim@amb.cat<\/a>.<\/p>\n\n\n\n<h4>Enlla\u00e7os d\u2019inter\u00e8s: <\/h4>\n\n\n\n<p><a href=\"https:\/\/www.amb.cat\/web\/medi-ambient\/actualitat\/publicacions\/detall\/-\/publicacio\/el-diposit-controlat-de-la-vall-d-en-joan\/658081\/11818\">https:\/\/www.amb.cat\/web\/medi-ambient\/actualitat\/publicacions\/detall\/-\/publicacio\/el-diposit-controlat-de-la-vall-d-en-joan\/658081\/11818<\/a><\/p>\n\n\n\n<p><a href=\"https:\/\/www.diba.cat\/ca\/web\/sala-de-premsa\/-\/les-basses-del-diposit-controlat-de-la-vall-de-joan-al-parc-del-garraf-afavoreixen-la-conservacio-i-diversitat-dels-amfibis\">https:\/\/www.diba.cat\/ca\/web\/sala-de-premsa\/-\/les-basses-del-diposit-controlat-de-la-vall-de-joan-al-parc-del-garraf-afavoreixen-la-conservacio-i-diversitat-dels-amfibis<\/a><\/p>\n\n\n\n<p><a href=\"https:\/\/parcs.diba.cat\/ca\/web\/l-informatiu\/-\/garraf-bons-resultats-del-seguiment-d-amfibis-de-les-basses-del-diposit-controlat-de-la-vall-de-joan-al-parc-garraf\">https:\/\/parcs.diba.cat\/ca\/web\/l-informatiu\/-\/garraf-bons-resultats-del-seguiment-d-amfibis-de-les-basses-del-diposit-controlat-de-la-vall-de-joan-al-parc-garraf<\/a><\/p>\n","protected":false},"excerpt":{"rendered":"<p>El dip\u00f2sit clausurat de la Vall de Joan va concentrar una de les problem\u00e0tiques ambientals m\u00e9s importants del territori metropolit\u00e0 durant d\u00e8cades, i avui dia s\u2019ha convertit&nbsp;en un exemple de transformaci\u00f3 i recuperaci\u00f3. Aquest espai permet entendre com la gesti\u00f3 ambiental, la planificaci\u00f3 a llarg termini i la restauraci\u00f3 ecol\u00f2gica poden revertir l\u2019impacte d\u2019una activitat [&hellip;]<\/p>\n","protected":false},"author":31,"featured_media":5721,"comment_status":"closed","ping_status":"open","sticky":false,"template":"","format":"standard","meta":{"_oasis_is_in_workflow":0,"_oasis_original":0,"ngg_post_thumbnail":0},"categories":[31,35,39,1],"tags":[],"_links":{"self":[{"href":"https:\/\/blogs.amb.cat\/educacioambiental\/wp-json\/wp\/v2\/posts\/5715"}],"collection":[{"href":"https:\/\/blogs.amb.cat\/educacioambiental\/wp-json\/wp\/v2\/posts"}],"about":[{"href":"https:\/\/blogs.amb.cat\/educacioambiental\/wp-json\/wp\/v2\/types\/post"}],"author":[{"embeddable":true,"href":"https:\/\/blogs.amb.cat\/educacioambiental\/wp-json\/wp\/v2\/users\/31"}],"replies":[{"embeddable":true,"href":"https:\/\/blogs.amb.cat\/educacioambiental\/wp-json\/wp\/v2\/comments?post=5715"}],"version-history":[{"count":4,"href":"https:\/\/blogs.amb.cat\/educacioambiental\/wp-json\/wp\/v2\/posts\/5715\/revisions"}],"predecessor-version":[{"id":5750,"href":"https:\/\/blogs.amb.cat\/educacioambiental\/wp-json\/wp\/v2\/posts\/5715\/revisions\/5750"}],"wp:featuredmedia":[{"embeddable":true,"href":"https:\/\/blogs.amb.cat\/educacioambiental\/wp-json\/wp\/v2\/media\/5721"}],"wp:attachment":[{"href":"https:\/\/blogs.amb.cat\/educacioambiental\/wp-json\/wp\/v2\/media?parent=5715"}],"wp:term":[{"taxonomy":"category","embeddable":true,"href":"https:\/\/blogs.amb.cat\/educacioambiental\/wp-json\/wp\/v2\/categories?post=5715"},{"taxonomy":"post_tag","embeddable":true,"href":"https:\/\/blogs.amb.cat\/educacioambiental\/wp-json\/wp\/v2\/tags?post=5715"}],"curies":[{"name":"wp","href":"https:\/\/api.w.org\/{rel}","templated":true}]}}