
 







{"id":5722,"date":"2026-02-24T10:10:00","date_gmt":"2026-02-24T10:10:00","guid":{"rendered":"https:\/\/blogs.amb.cat\/educacioambiental\/?p=5722"},"modified":"2026-03-03T10:03:39","modified_gmt":"2026-03-03T10:03:39","slug":"dades-de-participacio-del-1r-trimestre-de-la-temporada-2025-2026","status":"publish","type":"post","link":"https:\/\/blogs.amb.cat\/educacioambiental\/2026\/02\/24\/dades-de-participacio-del-1r-trimestre-de-la-temporada-2025-2026\/","title":{"rendered":"Dades de participaci\u00f3 del 1r trimestre de la temporada 2025-2026"},"content":{"rendered":"\n<p>El primer trimestre del curs 2025-2026 confirma la consolidaci\u00f3 del programa Compartim un Futur com a eina educativa de refer\u00e8ncia al territori metropolit\u00e0. Les dades evidencien una participaci\u00f3 sostinguda, una elevada capil\u00b7laritat territorial i una evoluci\u00f3 cap a formats educatius m\u00e9s intensius, amb un impacte creixent tant en l\u2019\u00e0mbit educatiu com comunitari.<\/p>\n\n\n\n<figure class=\"wp-block-image size-large\"><a href=\"https:\/\/blogs.amb.cat\/educacioambiental\/wp-content\/uploads\/sites\/2\/2026\/02\/image-1.jpg\"><img width=\"997\" height=\"674\" src=\"https:\/\/blogs.amb.cat\/educacioambiental\/wp-content\/uploads\/sites\/2\/2026\/02\/image-1.jpg\" alt=\"\" class=\"wp-image-5724\" srcset=\"https:\/\/blogs.amb.cat\/educacioambiental\/wp-content\/uploads\/sites\/2\/2026\/02\/image-1.jpg 997w, https:\/\/blogs.amb.cat\/educacioambiental\/wp-content\/uploads\/sites\/2\/2026\/02\/image-1-300x203.jpg 300w, https:\/\/blogs.amb.cat\/educacioambiental\/wp-content\/uploads\/sites\/2\/2026\/02\/image-1-768x519.jpg 768w\" sizes=\"(max-width: 997px) 100vw, 997px\" \/><\/a><figcaption>Activitats als parcs i a les instal\u00b7lacions metropolitanes durant el primer trimestre del curs 2025-2026.<\/figcaption><\/figure>\n\n\n\n<p><strong>Dades generals del trimestre: participaci\u00f3, territori i formats educatius<\/strong><\/p>\n\n\n\n<p>Durant el primer trimestre del curs 2025-2026 s\u2019han registrat <strong>18.688 participants en un total de 980 activitats<\/strong>. En comparaci\u00f3 amb el mateix per\u00edode del curs anterior, s\u2019observa un increment en el nombre de participants, fet que indica l\u2019inter\u00e8s de l\u2019oferta educativa ja des de l\u2019inici de temporada.<\/p>\n\n\n\n<figure class=\"wp-block-image size-large\"><a href=\"https:\/\/blogs.amb.cat\/educacioambiental\/wp-content\/uploads\/sites\/2\/2026\/02\/image.png\"><img width=\"894\" height=\"374\" src=\"https:\/\/blogs.amb.cat\/educacioambiental\/wp-content\/uploads\/sites\/2\/2026\/02\/image.png\" alt=\"\" class=\"wp-image-5725\" srcset=\"https:\/\/blogs.amb.cat\/educacioambiental\/wp-content\/uploads\/sites\/2\/2026\/02\/image.png 894w, https:\/\/blogs.amb.cat\/educacioambiental\/wp-content\/uploads\/sites\/2\/2026\/02\/image-300x126.png 300w, https:\/\/blogs.amb.cat\/educacioambiental\/wp-content\/uploads\/sites\/2\/2026\/02\/image-768x321.png 768w\" sizes=\"(max-width: 894px) 100vw, 894px\" \/><\/a><figcaption>Dades generals del trimestre: nombre total d\u2019activitats i participants.<\/figcaption><\/figure>\n\n\n\n<p>El mes de <strong>novembre<\/strong> ha estat el per\u00edode amb m\u00e9s activitat, amb <strong>8.001 participants en 416 activitats<\/strong>.<\/p>\n\n\n\n<div class=\"wp-block-image\"><figure class=\"aligncenter size-large is-resized\"><a href=\"https:\/\/blogs.amb.cat\/educacioambiental\/wp-content\/uploads\/sites\/2\/2026\/02\/image-1.png\"><img src=\"https:\/\/blogs.amb.cat\/educacioambiental\/wp-content\/uploads\/sites\/2\/2026\/02\/image-1.png\" alt=\"\" class=\"wp-image-5726\" width=\"505\" height=\"426\" srcset=\"https:\/\/blogs.amb.cat\/educacioambiental\/wp-content\/uploads\/sites\/2\/2026\/02\/image-1.png 780w, https:\/\/blogs.amb.cat\/educacioambiental\/wp-content\/uploads\/sites\/2\/2026\/02\/image-1-300x253.png 300w, https:\/\/blogs.amb.cat\/educacioambiental\/wp-content\/uploads\/sites\/2\/2026\/02\/image-1-768x648.png 768w\" sizes=\"(max-width: 505px) 100vw, 505px\" \/><\/a><figcaption>Participants i activitats per mesos.<\/figcaption><\/figure><\/div>\n\n\n\n<p>El programa ha arribat a <strong>32 dels 36 municipis metropolitans<\/strong>, fet que refor\u00e7a la seva capil\u00b7laritat territorial. Barcelona concentra el <strong>38,95&nbsp;%<\/strong> del total de participants, seguida per Badalona amb un <strong>12,39&nbsp;%<\/strong>.<\/p>\n\n\n\n<p>Pel que fa als continguts, els eixos de <strong>recursos i residus<\/strong> (32,61&nbsp;%) i <strong>cicle de l\u2019aigua<\/strong> (28,25&nbsp;%) concentren el percentatge m\u00e9s elevat de participaci\u00f3. Quant a les modalitats, les <strong>activitats a l\u2019aula<\/strong> representen el <strong>51,95&nbsp;%<\/strong> del total, seguides de les <strong>sortides a l\u2019entorn<\/strong>, amb un <strong>21,85&nbsp;%<\/strong>.<\/p>\n\n\n\n<div class=\"wp-block-image\"><figure class=\"aligncenter size-large\"><a href=\"https:\/\/blogs.amb.cat\/educacioambiental\/wp-content\/uploads\/sites\/2\/2026\/02\/image-2.jpg\"><img width=\"631\" height=\"421\" src=\"https:\/\/blogs.amb.cat\/educacioambiental\/wp-content\/uploads\/sites\/2\/2026\/02\/image-2.jpg\" alt=\"\" class=\"wp-image-5727\" srcset=\"https:\/\/blogs.amb.cat\/educacioambiental\/wp-content\/uploads\/sites\/2\/2026\/02\/image-2.jpg 631w, https:\/\/blogs.amb.cat\/educacioambiental\/wp-content\/uploads\/sites\/2\/2026\/02\/image-2-300x200.jpg 300w\" sizes=\"(max-width: 631px) 100vw, 631px\" \/><\/a><figcaption>Activitat de Compartim un Futur de l\u2019oferta de formaci\u00f3 no reglada i ciutadania.<\/figcaption><\/figure><\/div>\n\n\n\n<p>Dins les activitats a l\u2019aula, el <strong>79,67&nbsp;%<\/strong> s\u2019han desenvolupat directament als centres educatius, mentre que el <strong>20,33&nbsp;%<\/strong> han tingut lloc a instal\u00b7lacions de tractament d\u2019aigua i de residus com a taller complementari a les visites guiades. Amb aquestes dades, es posa de manifest que les instal\u00b7lacions fan les funcions d\u2019aula educativa.<\/p>\n\n\n\n<p>Els nivells educatius amb m\u00e9s participaci\u00f3 han estat el <strong>primer cicle d\u2019ESO<\/strong> (29,43&nbsp;%) i el <strong>cicle superior d\u2019educaci\u00f3 prim\u00e0ria<\/strong> (17,22&nbsp;%), franges en qu\u00e8 el programa presenta una implantaci\u00f3 pedag\u00f2gica especialment consolidada.<\/p>\n\n\n\n<h4><strong>Aprenentatge Servei (APS): consolidaci\u00f3 i intensitat educativa<\/strong><\/h4>\n\n\n\n<p>Els <strong><a href=\"https:\/\/www.amb.cat\/web\/medi-ambient\/sostenibilitat\/educacio-ambiental\/aps\" data-type=\"URL\" data-id=\"https:\/\/www.amb.cat\/web\/medi-ambient\/sostenibilitat\/educacio-ambiental\/aps\">projectes d\u2019aprenentatge servei (APS)<\/a><\/strong> formen part estructural del conjunt de dades del programa i constitueixen un indicador rellevant del seu grau de maduresa. Durant el primer trimestre del curs 2025-2026 han participat un total de 404 alumnes en 23 projectes diferents.<\/p>\n\n\n\n<p>Aquesta evoluci\u00f3 apunta a <strong>processos educatius m\u00e9s intensius i consolidats<\/strong>, amb m\u00e9s implicaci\u00f3 dels grups participants. Destaquen els projectes <strong><em><a href=\"https:\/\/www.amb.cat\/ca\/web\/medi-ambient\/actualitat\/publicacions\/detall\/-\/publicacio\/para-el-carro-\/11626076\/11818\">Para el carro!<\/a><\/em><\/strong> i <strong><em><a href=\"https:\/\/www.amb.cat\/ca\/web\/medi-ambient\/sostenibilitat\/educacio-ambiental\/cataleg\/detall\/-\/gdpmes\/missio-h2o\/17589636\/11818\">Missi\u00f3 H<sub>2<\/sub>O<\/a><\/em><\/strong>, amb <strong>163 i 143 participants<\/strong> respectivament.<\/p>\n\n\n\n<div class=\"wp-block-image\"><figure class=\"aligncenter size-large is-resized\"><a href=\"https:\/\/blogs.amb.cat\/educacioambiental\/wp-content\/uploads\/sites\/2\/2026\/02\/image-2-1.jpg\"><img src=\"https:\/\/blogs.amb.cat\/educacioambiental\/wp-content\/uploads\/sites\/2\/2026\/02\/image-2-1.jpg\" alt=\"\" class=\"wp-image-5728\" width=\"663\" height=\"497\" srcset=\"https:\/\/blogs.amb.cat\/educacioambiental\/wp-content\/uploads\/sites\/2\/2026\/02\/image-2-1.jpg 528w, https:\/\/blogs.amb.cat\/educacioambiental\/wp-content\/uploads\/sites\/2\/2026\/02\/image-2-1-300x225.jpg 300w\" sizes=\"(max-width: 663px) 100vw, 663px\" \/><\/a><figcaption>Alumnes participants del projecte d\u2019APS<em> Missi\u00f3 H<sub>2<\/sub>O<\/em> fent el servei comunitari amb alumnat de prim\u00e0ria.<\/figcaption><\/figure><\/div>\n\n\n\n<div class=\"wp-block-image\"><figure class=\"aligncenter size-large is-resized\"><a href=\"https:\/\/blogs.amb.cat\/educacioambiental\/wp-content\/uploads\/sites\/2\/2026\/02\/image-2-2.jpg\"><img src=\"https:\/\/blogs.amb.cat\/educacioambiental\/wp-content\/uploads\/sites\/2\/2026\/02\/image-2-2.jpg\" alt=\"\" class=\"wp-image-5729\" width=\"345\" height=\"460\" srcset=\"https:\/\/blogs.amb.cat\/educacioambiental\/wp-content\/uploads\/sites\/2\/2026\/02\/image-2-2.jpg 297w, https:\/\/blogs.amb.cat\/educacioambiental\/wp-content\/uploads\/sites\/2\/2026\/02\/image-2-2-225x300.jpg 225w\" sizes=\"(max-width: 345px) 100vw, 345px\" \/><\/a><figcaption>Alumnat del projecte <em>Vigilants de la calor<\/em> de l\u2019IE&nbsp;Mas Rampinyo de Montcada i Reixac fent el servei comunitari.<\/figcaption><\/figure><\/div>\n\n\n\n<h4><strong>Mirada endavant<\/strong><\/h4>\n\n\n\n<p>Les dades del primer trimestre del curs 2025-2026 mostren un programa <strong>consolidat, eficient i amb capacitat de continuar creixent en qualitat<\/strong>. Els pr\u00f2xims mesos s\u00f3n una oportunitat per aprofundir en els projectes m\u00e9s transformadors, diversificar eixos tem\u00e0tics i p\u00fablics, i seguir refor\u00e7ant el paper del programa com a eina educativa al servei del territori.<\/p>\n","protected":false},"excerpt":{"rendered":"<p>El primer trimestre del curs 2025-2026 confirma la consolidaci\u00f3 del programa Compartim un Futur com a eina educativa de refer\u00e8ncia al territori metropolit\u00e0. Les dades evidencien una participaci\u00f3 sostinguda, una elevada capil\u00b7laritat territorial i una evoluci\u00f3 cap a formats educatius m\u00e9s intensius, amb un impacte creixent tant en l\u2019\u00e0mbit educatiu com comunitari. Dades generals del [&hellip;]<\/p>\n","protected":false},"author":31,"featured_media":5731,"comment_status":"closed","ping_status":"open","sticky":false,"template":"","format":"standard","meta":{"_oasis_is_in_workflow":0,"_oasis_original":0,"ngg_post_thumbnail":0},"categories":[31,35,39,1],"tags":[],"_links":{"self":[{"href":"https:\/\/blogs.amb.cat\/educacioambiental\/wp-json\/wp\/v2\/posts\/5722"}],"collection":[{"href":"https:\/\/blogs.amb.cat\/educacioambiental\/wp-json\/wp\/v2\/posts"}],"about":[{"href":"https:\/\/blogs.amb.cat\/educacioambiental\/wp-json\/wp\/v2\/types\/post"}],"author":[{"embeddable":true,"href":"https:\/\/blogs.amb.cat\/educacioambiental\/wp-json\/wp\/v2\/users\/31"}],"replies":[{"embeddable":true,"href":"https:\/\/blogs.amb.cat\/educacioambiental\/wp-json\/wp\/v2\/comments?post=5722"}],"version-history":[{"count":4,"href":"https:\/\/blogs.amb.cat\/educacioambiental\/wp-json\/wp\/v2\/posts\/5722\/revisions"}],"predecessor-version":[{"id":5759,"href":"https:\/\/blogs.amb.cat\/educacioambiental\/wp-json\/wp\/v2\/posts\/5722\/revisions\/5759"}],"wp:featuredmedia":[{"embeddable":true,"href":"https:\/\/blogs.amb.cat\/educacioambiental\/wp-json\/wp\/v2\/media\/5731"}],"wp:attachment":[{"href":"https:\/\/blogs.amb.cat\/educacioambiental\/wp-json\/wp\/v2\/media?parent=5722"}],"wp:term":[{"taxonomy":"category","embeddable":true,"href":"https:\/\/blogs.amb.cat\/educacioambiental\/wp-json\/wp\/v2\/categories?post=5722"},{"taxonomy":"post_tag","embeddable":true,"href":"https:\/\/blogs.amb.cat\/educacioambiental\/wp-json\/wp\/v2\/tags?post=5722"}],"curies":[{"name":"wp","href":"https:\/\/api.w.org\/{rel}","templated":true}]}}