
 







{"id":5733,"date":"2026-02-24T12:27:00","date_gmt":"2026-02-24T12:27:00","guid":{"rendered":"https:\/\/blogs.amb.cat\/educacioambiental\/?p=5733"},"modified":"2026-03-03T12:32:05","modified_gmt":"2026-03-03T12:32:05","slug":"la-maleta-de-lenergia-en-ruta-nou-recurs-en-prestec-per-treballar-les-energies-renovables-a-laula","status":"publish","type":"post","link":"https:\/\/blogs.amb.cat\/educacioambiental\/2026\/02\/24\/la-maleta-de-lenergia-en-ruta-nou-recurs-en-prestec-per-treballar-les-energies-renovables-a-laula\/","title":{"rendered":"La maleta de l\u2019energia en ruta: nou recurs en pr\u00e9stec per treballar les energies renovables a l\u2019aula"},"content":{"rendered":"\n<p>Com arriba l\u2019electricitat que fem servir cada dia a casa? D\u2019on prov\u00e9 l\u2019energia que enc\u00e9n els llums, fa funcionar els aparells o mou les ciutats? <a href=\"https:\/\/www.amb.cat\/ca\/web\/medi-ambient\/detall?p_p_id=com_liferay_journal_content_web_portlet_JournalContentPortlet_INSTANCE_z3U8albdQHWz&amp;_com_liferay_journal_content_web_portlet_JournalContentPortlet_INSTANCE_z3U8albdQHWz_articleId=26921289&amp;_com_liferay_journal_content_web_portlet_JournalContentPortlet_INSTANCE_z3U8albdQHWz_groupId=11818\"><strong>La maleta de l\u2019energia en ruta<\/strong><\/a> \u00e9s un material educatiu de pr\u00e9stec que convida l\u2019alumnat a descobrir les energies renovables a trav\u00e9s de l\u2019experimentaci\u00f3, el joc i el treball cooperatiu.<\/p>\n\n\n\n<p>Aquesta proposta s\u2019emmarca dins de l\u2019eix d\u2019<strong>Acci\u00f3 clim\u00e0tica i transici\u00f3 energ\u00e8tica<\/strong> del programa Compartim un Futur i ofereix a les escoles una manera pr\u00e0ctica i aut\u00f2noma d\u2019apropar-se a un dels grans reptes del present: produir i consumir energia de manera m\u00e9s sostenible.<\/p>\n\n\n\n<h4><strong>Un recurs itinerant per entendre com funciona l\u2019energia<\/strong><\/h4>\n\n\n\n<p>La maleta est\u00e0 pensada perqu\u00e8 els centres educatius puguin treballar les <strong>energies solar, hidr\u00e0ulica i e\u00f2lica<\/strong> directament a l\u2019aula, amb materials manipulables i din\u00e0miques experimentals. L\u2019activitat permet observar com l\u2019energia del sol, de l\u2019aigua i del vent es pot transformar en electricitat \u00fatil, tot connectant aquests processos amb el territori metropolit\u00e0 i el dia a dia de l\u2019alumnat.<\/p>\n\n\n\n<figure class=\"wp-block-image size-large\"><a href=\"https:\/\/blogs.amb.cat\/educacioambiental\/wp-content\/uploads\/sites\/2\/2026\/02\/Energia-eolica.jpg\"><img width=\"932\" height=\"578\" src=\"https:\/\/blogs.amb.cat\/educacioambiental\/wp-content\/uploads\/sites\/2\/2026\/02\/Energia-eolica.jpg\" alt=\"\" class=\"wp-image-5734\" srcset=\"https:\/\/blogs.amb.cat\/educacioambiental\/wp-content\/uploads\/sites\/2\/2026\/02\/Energia-eolica.jpg 932w, https:\/\/blogs.amb.cat\/educacioambiental\/wp-content\/uploads\/sites\/2\/2026\/02\/Energia-eolica-300x186.jpg 300w, https:\/\/blogs.amb.cat\/educacioambiental\/wp-content\/uploads\/sites\/2\/2026\/02\/Energia-eolica-768x476.jpg 768w\" sizes=\"(max-width: 932px) 100vw, 932px\" \/><\/a><figcaption>Contingut per a l\u2019energia e\u00f2lica.<\/figcaption><\/figure>\n\n\n\n<figure class=\"wp-block-image size-large\"><a href=\"https:\/\/blogs.amb.cat\/educacioambiental\/wp-content\/uploads\/sites\/2\/2026\/02\/Energia-solar.jpg\"><img width=\"980\" height=\"577\" src=\"https:\/\/blogs.amb.cat\/educacioambiental\/wp-content\/uploads\/sites\/2\/2026\/02\/Energia-solar.jpg\" alt=\"\" class=\"wp-image-5735\" srcset=\"https:\/\/blogs.amb.cat\/educacioambiental\/wp-content\/uploads\/sites\/2\/2026\/02\/Energia-solar.jpg 980w, https:\/\/blogs.amb.cat\/educacioambiental\/wp-content\/uploads\/sites\/2\/2026\/02\/Energia-solar-300x177.jpg 300w, https:\/\/blogs.amb.cat\/educacioambiental\/wp-content\/uploads\/sites\/2\/2026\/02\/Energia-solar-768x452.jpg 768w\" sizes=\"(max-width: 980px) 100vw, 980px\" \/><\/a><figcaption>Contingut per a l\u2019energia solar.<\/figcaption><\/figure>\n\n\n\n<figure class=\"wp-block-image size-large\"><a href=\"https:\/\/blogs.amb.cat\/educacioambiental\/wp-content\/uploads\/sites\/2\/2026\/02\/Experiment-hidraulica.jpg\"><img width=\"1024\" height=\"555\" src=\"https:\/\/blogs.amb.cat\/educacioambiental\/wp-content\/uploads\/sites\/2\/2026\/02\/Experiment-hidraulica-1024x555.jpg\" alt=\"\" class=\"wp-image-5736\" srcset=\"https:\/\/blogs.amb.cat\/educacioambiental\/wp-content\/uploads\/sites\/2\/2026\/02\/Experiment-hidraulica-1024x555.jpg 1024w, https:\/\/blogs.amb.cat\/educacioambiental\/wp-content\/uploads\/sites\/2\/2026\/02\/Experiment-hidraulica-300x163.jpg 300w, https:\/\/blogs.amb.cat\/educacioambiental\/wp-content\/uploads\/sites\/2\/2026\/02\/Experiment-hidraulica-768x416.jpg 768w, https:\/\/blogs.amb.cat\/educacioambiental\/wp-content\/uploads\/sites\/2\/2026\/02\/Experiment-hidraulica.jpg 1055w\" sizes=\"(max-width: 1024px) 100vw, 1024px\" \/><\/a><figcaption>Contingut per a l\u2019energia hidr\u00e0ulica.<\/figcaption><\/figure>\n\n\n\n<p>El material inclou tot el necessari per desenvolupar l\u2019activitat de manera aut\u00f2noma: una guia did\u00e0ctica per al docent, fitxes per a l\u2019alumnat, v\u00eddeos explicatius, un taulell del territori metropolit\u00e0 i diversos dispositius experimentals (plaques solars, aerogeneradors, turbines d\u2019aigua, llums LED i mesuradors de corrent, entre d\u2019altres).<\/p>\n\n\n\n<h4><strong>Aprendre experimentant: una metodologia vivencial<\/strong><\/h4>\n\n\n\n<p>La proposta es basa en una metodologia <strong>l\u00fadica i experimental<\/strong>, que fomenta l\u2019observaci\u00f3, el raonament cient\u00edfic i el treball en equip. L\u2019alumnat no nom\u00e9s escolta com funciona una energia renovable, sin\u00f3 que la posa en marxa, la manipula i n\u2019analitza els resultats.<\/p>\n\n\n\n<p>L\u2019activitat \u00e9s flexible i adaptable: es pot treballar en una sola sessi\u00f3 intensiva o b\u00e9 repartir les din\u00e0miques en diverses sessions, dedicant temps a cada font d\u2019energia. Aquest enfocament permet ajustar el ritme i la profunditat dels continguts segons les necessitats del grup i del centre.<\/p>\n\n\n\n<p>A m\u00e9s, el car\u00e0cter visual i manipulatiu del material facilita la participaci\u00f3 de tot l\u2019alumnat i permet fer adaptacions per a infants amb necessitats espec\u00edfiques de suport educatiu.<\/p>\n\n\n\n<h4><strong>De l\u2019experimentaci\u00f3 a la reflexi\u00f3<\/strong><\/h4>\n\n\n\n<p>Un dels moments clau de l\u2019activitat \u00e9s la connexi\u00f3 final de les tres fonts d\u2019energia al taulell, quan l\u2019alumnat comprova que, combinant sol, aigua i vent, es pot generar electricitat en temps real. Aquest instant obre la porta a la reflexi\u00f3 sobre conceptes com l\u2019efici\u00e8ncia energ\u00e8tica, el consum responsable i la necessitat de reduir l\u2019impacte ambiental.<\/p>\n\n\n\n<p>La proposta es tanca amb un debat guiat que ajuda a traslladar els aprenentatges a la vida quotidiana: qu\u00e8 podem fer a casa o a l\u2019escola per consumir menys energia? Quines fonts renovables tenen m\u00e9s potencial al nostre territori? Quin paper tenim com a ciutadans en la transici\u00f3 energ\u00e8tica?<\/p>\n\n\n\n<h4><strong>Un pr\u00e9stec pensat per als centres educatius<\/strong><\/h4>\n\n\n\n<p>La maleta de l\u2019energia en ruta est\u00e0 adre\u00e7ada a <strong>alumnat de cicle mitj\u00e0 i superior de prim\u00e0ria<\/strong>, amb possibilitat d\u2019adaptaci\u00f3 a diferents nivells i contextos educatius. El pr\u00e9stec es fa per setmanes, fet que permet preparar l\u2019activitat amb temps, desenvolupar-la amb calma i fer-ne una bona cloenda.<\/p>\n\n\n\n<p>Aquest material de pr\u00e9stec vol ser una eina al servei del professorat per treballar continguts curriculars clau, per\u00f2 tamb\u00e9 per fomentar actituds cr\u00edtiques, curiositat i comprom\u00eds amb el futur energ\u00e8tic.<\/p>\n\n\n\n<h4><strong>Una aposta per educar en la transici\u00f3 energ\u00e8tica<\/strong><\/h4>\n\n\n\n<p>Amb aquesta proposta, el programa Compartim un Futur refor\u00e7a el seu comprom\u00eds amb una educaci\u00f3 ambiental que va m\u00e9s enll\u00e0 de la teoria i aposta per experi\u00e8ncies significatives. Entendre com es genera l\u2019energia \u00e9s un primer pas per fer-ne un \u00fas m\u00e9s responsable i conscient.<\/p>\n\n\n\n<p>Si vols descobrir com portar les energies renovables a l\u2019aula d\u2019una manera pr\u00e0ctica i motivadora, <strong>la maleta de l\u2019energia en ruta<\/strong> \u00e9s una bona aliada. Pots sol\u00b7licitar-la escrivint un correu a <a href=\"mailto:assessoria.compartim@amb.cat\">assessoria.compartim@amb.cat<\/a>.<\/p>\n\n\n\n<p>Pots consultar aquest recurs i d\u2019altres al <strong><a href=\"https:\/\/www.amb.cat\/s\/web\/medi-ambient\/sostenibilitat\/educacio-ambiental\/cataleg.html\" data-type=\"URL\" data-id=\"https:\/\/www.amb.cat\/s\/web\/medi-ambient\/sostenibilitat\/educacio-ambiental\/cataleg.html\">cat\u00e0leg d\u2019activitats del programa Compartim un Futur<\/a><\/strong>.<\/p>\n\n\n\n<figure class=\"wp-block-embed is-type-video is-provider-youtube wp-block-embed-youtube wp-embed-aspect-16-9 wp-has-aspect-ratio\"><div class=\"wp-block-embed__wrapper\">\n<iframe title=\"Presentaci\u00f3 | La maleta de l\u2019energia en ruta\" width=\"1170\" height=\"658\" src=\"https:\/\/www.youtube.com\/embed\/5F4Ijj4yjOk?feature=oembed\" frameborder=\"0\" allow=\"accelerometer; autoplay; clipboard-write; encrypted-media; gyroscope; picture-in-picture; web-share\" referrerpolicy=\"strict-origin-when-cross-origin\" allowfullscreen><\/iframe>\n<\/div><\/figure>\n\n\n\n<figure class=\"wp-block-embed is-type-video is-provider-youtube wp-block-embed-youtube wp-embed-aspect-16-9 wp-has-aspect-ratio\"><div class=\"wp-block-embed__wrapper\">\n<iframe title=\"Energia e\u00f2lica | La maleta de l\u2019energia en ruta\" width=\"1170\" height=\"658\" src=\"https:\/\/www.youtube.com\/embed\/q2Hi5_N8smg?feature=oembed\" frameborder=\"0\" allow=\"accelerometer; autoplay; clipboard-write; encrypted-media; gyroscope; picture-in-picture; web-share\" referrerpolicy=\"strict-origin-when-cross-origin\" allowfullscreen><\/iframe>\n<\/div><\/figure>\n\n\n\n<figure class=\"wp-block-embed is-type-video is-provider-youtube wp-block-embed-youtube wp-embed-aspect-16-9 wp-has-aspect-ratio\"><div class=\"wp-block-embed__wrapper\">\n<iframe title=\"Energia solar | La maleta de l\u2019energia en ruta\" width=\"1170\" height=\"658\" src=\"https:\/\/www.youtube.com\/embed\/Ux0hq5GpLlM?feature=oembed\" frameborder=\"0\" allow=\"accelerometer; autoplay; clipboard-write; encrypted-media; gyroscope; picture-in-picture; web-share\" referrerpolicy=\"strict-origin-when-cross-origin\" allowfullscreen><\/iframe>\n<\/div><\/figure>\n\n\n\n<figure class=\"wp-block-embed is-type-video is-provider-youtube wp-block-embed-youtube wp-embed-aspect-16-9 wp-has-aspect-ratio\"><div class=\"wp-block-embed__wrapper\">\n<iframe title=\"Energia hidr\u00e0ulica | La maleta de l\u2019energia en ruta\" width=\"1170\" height=\"658\" src=\"https:\/\/www.youtube.com\/embed\/aX5HbkWJzPw?feature=oembed\" frameborder=\"0\" allow=\"accelerometer; autoplay; clipboard-write; encrypted-media; gyroscope; picture-in-picture; web-share\" referrerpolicy=\"strict-origin-when-cross-origin\" allowfullscreen><\/iframe>\n<\/div><\/figure>\n\n\n\n<figure class=\"wp-block-embed is-type-video is-provider-youtube wp-block-embed-youtube wp-embed-aspect-16-9 wp-has-aspect-ratio\"><div class=\"wp-block-embed__wrapper\">\n<iframe title=\"Finalitzaci\u00f3 del pr\u00e8stec | La maleta de l\u2019energia en ruta\" width=\"1170\" height=\"658\" src=\"https:\/\/www.youtube.com\/embed\/NyVSvq0rHsU?feature=oembed\" frameborder=\"0\" allow=\"accelerometer; autoplay; clipboard-write; encrypted-media; gyroscope; picture-in-picture; web-share\" referrerpolicy=\"strict-origin-when-cross-origin\" allowfullscreen><\/iframe>\n<\/div><\/figure>\n","protected":false},"excerpt":{"rendered":"<p>Com arriba l\u2019electricitat que fem servir cada dia a casa? D\u2019on prov\u00e9 l\u2019energia que enc\u00e9n els llums, fa funcionar els aparells o mou les ciutats? La maleta de l\u2019energia en ruta \u00e9s un material educatiu de pr\u00e9stec que convida l\u2019alumnat a descobrir les energies renovables a trav\u00e9s de l\u2019experimentaci\u00f3, el joc i el treball cooperatiu. [&hellip;]<\/p>\n","protected":false},"author":31,"featured_media":5735,"comment_status":"closed","ping_status":"open","sticky":false,"template":"","format":"standard","meta":{"_oasis_is_in_workflow":0,"_oasis_original":0,"ngg_post_thumbnail":0},"categories":[35,1,37],"tags":[],"_links":{"self":[{"href":"https:\/\/blogs.amb.cat\/educacioambiental\/wp-json\/wp\/v2\/posts\/5733"}],"collection":[{"href":"https:\/\/blogs.amb.cat\/educacioambiental\/wp-json\/wp\/v2\/posts"}],"about":[{"href":"https:\/\/blogs.amb.cat\/educacioambiental\/wp-json\/wp\/v2\/types\/post"}],"author":[{"embeddable":true,"href":"https:\/\/blogs.amb.cat\/educacioambiental\/wp-json\/wp\/v2\/users\/31"}],"replies":[{"embeddable":true,"href":"https:\/\/blogs.amb.cat\/educacioambiental\/wp-json\/wp\/v2\/comments?post=5733"}],"version-history":[{"count":3,"href":"https:\/\/blogs.amb.cat\/educacioambiental\/wp-json\/wp\/v2\/posts\/5733\/revisions"}],"predecessor-version":[{"id":5762,"href":"https:\/\/blogs.amb.cat\/educacioambiental\/wp-json\/wp\/v2\/posts\/5733\/revisions\/5762"}],"wp:featuredmedia":[{"embeddable":true,"href":"https:\/\/blogs.amb.cat\/educacioambiental\/wp-json\/wp\/v2\/media\/5735"}],"wp:attachment":[{"href":"https:\/\/blogs.amb.cat\/educacioambiental\/wp-json\/wp\/v2\/media?parent=5733"}],"wp:term":[{"taxonomy":"category","embeddable":true,"href":"https:\/\/blogs.amb.cat\/educacioambiental\/wp-json\/wp\/v2\/categories?post=5733"},{"taxonomy":"post_tag","embeddable":true,"href":"https:\/\/blogs.amb.cat\/educacioambiental\/wp-json\/wp\/v2\/tags?post=5733"}],"curies":[{"name":"wp","href":"https:\/\/api.w.org\/{rel}","templated":true}]}}