
 







{"id":1438,"date":"2019-06-05T09:32:13","date_gmt":"2019-06-05T09:32:13","guid":{"rendered":"http:\/\/blogs.amb.cat\/innoamb\/?p=1438"},"modified":"2020-12-15T12:52:48","modified_gmt":"2020-12-15T12:52:48","slug":"guanyadors-innobus-2019","status":"publish","type":"post","link":"https:\/\/blogs.amb.cat\/innoamb\/ca\/2019\/06\/05\/guanyadors-innobus-2019\/","title":{"rendered":"Ja tenim els projectes guanyadors de l&#8217;Innobus Metropolit\u00e0 2019"},"content":{"rendered":"<p>El passat dimecres dia 29 de maig es va dur a terme la presentaci\u00f3 dels projectes de l&#8217;Innobus Metropolit\u00e0 2019 al Citilab de Cornell\u00e0. Anna Hern\u00e1ndez, cap de programes d&#8217; innovaci\u00f3 l&#8217;Ag\u00e8ncia Metropolitana de Desenvolupament Econ\u00f2mic (AMB) va destacar la necessitat de treballar la innovaci\u00f3 en els reptes d&#8217;empreses perqu\u00e8 el talent i la creativitat dels joves tinguin una utilitat i satisfacin necessitats concretes.<br \/>\n<iframe title=\"Jornada final Innobus  2019\" width=\"1170\" height=\"658\" src=\"https:\/\/www.youtube.com\/embed\/n7Mq-tfebjU?feature=oembed\" frameborder=\"0\" allow=\"accelerometer; autoplay; clipboard-write; encrypted-media; gyroscope; picture-in-picture\" allowfullscreen><\/iframe><br \/>\nEn aquest acte final, els equips han presentat <strong>11 projectes que han estat sotmesos a la valoraci\u00f3 d&#8217;un jurat<\/strong>, constitu\u00eft per directius i c\u00e0rrecs de diferents empreses, entitats i patrocinadors participants en el programa.<\/p>\n<p><strong>El primer premi va recaure sobre el projecte &#8220;Port Bot&#8221;, donant resposta al repte del Port de Barcelona <\/strong>(creaci\u00f3 d&#8217;una plataforma de gesti\u00f3 d&#8217; incid\u00e8ncies i portu\u00e0ries),\u00a0 seguit en segon i tercer lloc dels projectes APP Portem i Port Bot +.<\/p>\n<p><span style=\"color: #000000\"><strong>L&#8217;equip guanyador rebr\u00e0 una d<\/strong><strong>otaci\u00f3 econ\u00f2mica\u00a0<\/strong><strong>de 2.000 \u20ac i tamb\u00e9 la\u00a0<\/strong><strong>contractaci\u00f3 per un per\u00edode m\u00e0xim de tres mesos<\/strong>\u00a0<strong>amb l&#8217;objectiu de desenvolupar i fer viable la soluci\u00f3 presentada.<\/strong>\u00a0<\/span><\/p>\n<p>La relaci\u00f3 dels projectes presentats amb els punts atorgats pel jurat ha estat la seg\u00fcent:<\/p>\n<table style=\"height: 1448px\" width=\"647\">\n<tbody>\n<tr>\n<td width=\"57\"><strong>Nom projecte<\/strong><\/td>\n<td width=\"63\"><strong>Integrants de l&#8217; equip<\/strong><\/td>\n<td width=\"75\"><strong>PUNTS<\/strong><\/td>\n<\/tr>\n<tr>\n<td width=\"57\">PORT BOT<\/td>\n<td width=\"63\">Beatriz Garcia, Gerard Sala, Juan Carlos Valencia, \u00c1gueda Ant\u00eda Reboreda<\/td>\n<td>243<\/td>\n<\/tr>\n<tr>\n<td width=\"57\">APP PORTEM<\/td>\n<td width=\"63\">L\u00eddia Company, Sasha Mart\u00ednez<\/td>\n<td>242<\/td>\n<\/tr>\n<tr>\n<td width=\"57\">PORT BOT +<\/td>\n<td width=\"63\">Sandra Bonillo<\/td>\n<td>241<\/td>\n<\/tr>\n<tr>\n<td width=\"57\">PROPOSTA INTEGRAL D\u2019 AIGUES<\/td>\n<td width=\"63\">Victor Xaubet, Sandra Bonillo<\/td>\n<td>237<\/td>\n<\/tr>\n<tr>\n<td width=\"57\">PLUS +<\/td>\n<td width=\"63\">Sasha Mart\u00ednez, \u00c1gueda Ant\u00eda Reboreda, Adri\u00e0 Ya\u00f1ez, Victor Xaubet<\/td>\n<td>237<\/td>\n<\/tr>\n<tr>\n<td width=\"57\">TAI SMART PEOPLE<\/td>\n<td width=\"63\">Beatriz Garcia, Gerard Sala, Juan Carlos Valencia, L\u00eddia Company<\/td>\n<td>220<\/td>\n<\/tr>\n<tr>\n<td width=\"57\">DEMANA BUS<\/td>\n<td width=\"63\">Gerard Sala, Juan Carlos Valencia, L\u00eddia Company<\/td>\n<td>218<\/td>\n<\/tr>\n<tr>\n<td width=\"57\">DIA DE LA INNOVACIO<\/td>\n<td width=\"63\">Victor Xaubet, Virna Esteva<\/td>\n<td>175<\/td>\n<\/tr>\n<tr>\n<td width=\"57\">12 MESOS \/ 3PROPOSTES MILLOREM JUNTS<\/td>\n<td width=\"63\">Virna Esteva<\/td>\n<td>163<\/td>\n<\/tr>\n<tr>\n<td width=\"57\">SENSE NOM<\/td>\n<td width=\"63\">Virna Esteva<\/td>\n<td>140<\/td>\n<\/tr>\n<tr>\n<td width=\"57\">LLAMPS I DRONS<\/td>\n<td width=\"63\">Virna Esteva<\/td>\n<td>80<\/td>\n<\/tr>\n<\/tbody>\n<\/table>\n<p>Aquests projectes s&#8217;han desenvolupat i creat per part dels equips d&#8217;universitaris a partir dels itineraris programats al llarg del mesos de mar\u00e7 i abril a diferents empreses, on han pogut copsar in situ i experimentar en pr\u00f2pia pell quines tecnologies utilitzen per millorar els seus processos.<\/p>\n","protected":false},"excerpt":{"rendered":"<p>El passat dimecres dia 29 de maig es va dur a terme la presentaci\u00f3 dels projectes de l&#8217;Innobus Metropolit\u00e0 2019 al Citilab de Cornell\u00e0. Anna Hern\u00e1ndez, cap de programes d&#8217; innovaci\u00f3 l&#8217;Ag\u00e8ncia Metropolitana de Desenvolupament Econ\u00f2mic (AMB) va destacar la necessitat de treballar la innovaci\u00f3 en els reptes d&#8217;empreses perqu\u00e8 el talent i la creativitat [&hellip;]<\/p>\n","protected":false},"author":1,"featured_media":1446,"comment_status":"closed","ping_status":"open","sticky":false,"template":"","format":"standard","meta":{"_oasis_is_in_workflow":0,"_oasis_original":0,"ngg_post_thumbnail":0},"categories":[1],"tags":[18],"_links":{"self":[{"href":"https:\/\/blogs.amb.cat\/innoamb\/wp-json\/wp\/v2\/posts\/1438"}],"collection":[{"href":"https:\/\/blogs.amb.cat\/innoamb\/wp-json\/wp\/v2\/posts"}],"about":[{"href":"https:\/\/blogs.amb.cat\/innoamb\/wp-json\/wp\/v2\/types\/post"}],"author":[{"embeddable":true,"href":"https:\/\/blogs.amb.cat\/innoamb\/wp-json\/wp\/v2\/users\/1"}],"replies":[{"embeddable":true,"href":"https:\/\/blogs.amb.cat\/innoamb\/wp-json\/wp\/v2\/comments?post=1438"}],"version-history":[{"count":6,"href":"https:\/\/blogs.amb.cat\/innoamb\/wp-json\/wp\/v2\/posts\/1438\/revisions"}],"predecessor-version":[{"id":1849,"href":"https:\/\/blogs.amb.cat\/innoamb\/wp-json\/wp\/v2\/posts\/1438\/revisions\/1849"}],"wp:featuredmedia":[{"embeddable":true,"href":"https:\/\/blogs.amb.cat\/innoamb\/wp-json\/wp\/v2\/media\/1446"}],"wp:attachment":[{"href":"https:\/\/blogs.amb.cat\/innoamb\/wp-json\/wp\/v2\/media?parent=1438"}],"wp:term":[{"taxonomy":"category","embeddable":true,"href":"https:\/\/blogs.amb.cat\/innoamb\/wp-json\/wp\/v2\/categories?post=1438"},{"taxonomy":"post_tag","embeddable":true,"href":"https:\/\/blogs.amb.cat\/innoamb\/wp-json\/wp\/v2\/tags?post=1438"}],"curies":[{"name":"wp","href":"https:\/\/api.w.org\/{rel}","templated":true}]}}