
 







{"id":1482,"date":"2019-06-14T10:36:14","date_gmt":"2019-06-14T10:36:14","guid":{"rendered":"http:\/\/blogs.amb.cat\/innoamb\/?p=1482"},"modified":"2020-12-15T12:52:47","modified_gmt":"2020-12-15T12:52:47","slug":"presentem-eines-programes-i-projectes-al-salo-bizbarcelona","status":"publish","type":"post","link":"https:\/\/blogs.amb.cat\/innoamb\/ca\/2019\/06\/14\/presentem-eines-programes-i-projectes-al-salo-bizbarcelona\/","title":{"rendered":"Presentem eines, programes i projectes al sal\u00f3 BIZBARCELONA"},"content":{"rendered":"<p>La 9a edici\u00f3 del sal\u00f3 Bizbarcelona celebrat al recinte de Montju\u00efc de Fira de Barcelona durant els dies 12 i 13 de juny, ha tancat aquesta edici\u00f3 amb l&#8217;assist\u00e8ncia de 13.600 visitants.<\/p>\n<p>L\u2019 Ag\u00e8ncia Metropolitana de Desenvolupament Econ\u00f2mic de l\u2019 AMB hi ha estat present per segon any, amb un total de 12 xerrades i 2 confer\u00e8ncies d\u2019 \u00e0mbits vinculats amb l\u2019 emprenedoria, empresa i mercat de treball, la innovaci\u00f3, la internacionalitzaci\u00f3 i promoci\u00f3 d\u2019 inversions, aix\u00ed com les economies locals emergents.<\/p>\n<p>En aquesta edici\u00f3 i concretament en l\u2019 \u00e0mbit de la innovaci\u00f3 i tecnologia, hem presentat els projectes finalistes de la darrera convocat\u00f2ria de les beques d\u2019 emprenedoria social i tecnol\u00f2gica, tamb\u00e9 els de l\u2019 Innobus Metropolit\u00e0 2019 i del projecte Metr\u00f2polisFPlab 2018-19.<\/p>\n<p>Tamb\u00e9 hem presentat la Xarxa Metropolitana per a l\u2019 Impuls de la Creativitat i la Innovaci\u00f3 (Hub Talent), aix\u00ed com el Pla Estrat\u00e8gic d\u2019Innovaci\u00f3 de l\u2019 Ajuntament d\u2019 Esplugues, presentat com a projecte pilot del programa de planificaci\u00f3 estrat\u00e8gica i planificaci\u00f3 empresarial.<\/p>\n<p>&nbsp;<\/p>\n<p>&nbsp;<\/p>\n","protected":false},"excerpt":{"rendered":"<p>La 9a edici\u00f3 del sal\u00f3 Bizbarcelona celebrat al recinte de Montju\u00efc de Fira de Barcelona durant els dies 12 i 13 de juny, ha tancat aquesta edici\u00f3 amb l&#8217;assist\u00e8ncia de 13.600 visitants. L\u2019 Ag\u00e8ncia Metropolitana de Desenvolupament Econ\u00f2mic de l\u2019 AMB hi ha estat present per segon any, amb un total de 12 xerrades i [&hellip;]<\/p>\n","protected":false},"author":1,"featured_media":1486,"comment_status":"closed","ping_status":"open","sticky":false,"template":"","format":"standard","meta":{"_oasis_is_in_workflow":0,"_oasis_original":0,"ngg_post_thumbnail":0},"categories":[1],"tags":[35,25],"_links":{"self":[{"href":"https:\/\/blogs.amb.cat\/innoamb\/wp-json\/wp\/v2\/posts\/1482"}],"collection":[{"href":"https:\/\/blogs.amb.cat\/innoamb\/wp-json\/wp\/v2\/posts"}],"about":[{"href":"https:\/\/blogs.amb.cat\/innoamb\/wp-json\/wp\/v2\/types\/post"}],"author":[{"embeddable":true,"href":"https:\/\/blogs.amb.cat\/innoamb\/wp-json\/wp\/v2\/users\/1"}],"replies":[{"embeddable":true,"href":"https:\/\/blogs.amb.cat\/innoamb\/wp-json\/wp\/v2\/comments?post=1482"}],"version-history":[{"count":1,"href":"https:\/\/blogs.amb.cat\/innoamb\/wp-json\/wp\/v2\/posts\/1482\/revisions"}],"predecessor-version":[{"id":1485,"href":"https:\/\/blogs.amb.cat\/innoamb\/wp-json\/wp\/v2\/posts\/1482\/revisions\/1485"}],"wp:featuredmedia":[{"embeddable":true,"href":"https:\/\/blogs.amb.cat\/innoamb\/wp-json\/wp\/v2\/media\/1486"}],"wp:attachment":[{"href":"https:\/\/blogs.amb.cat\/innoamb\/wp-json\/wp\/v2\/media?parent=1482"}],"wp:term":[{"taxonomy":"category","embeddable":true,"href":"https:\/\/blogs.amb.cat\/innoamb\/wp-json\/wp\/v2\/categories?post=1482"},{"taxonomy":"post_tag","embeddable":true,"href":"https:\/\/blogs.amb.cat\/innoamb\/wp-json\/wp\/v2\/tags?post=1482"}],"curies":[{"name":"wp","href":"https:\/\/api.w.org\/{rel}","templated":true}]}}