
 







{"id":1494,"date":"2019-08-06T09:43:36","date_gmt":"2019-08-06T09:43:36","guid":{"rendered":"http:\/\/blogs.amb.cat\/innoamb\/?p=1494"},"modified":"2020-12-15T12:52:47","modified_gmt":"2020-12-15T12:52:47","slug":"empreses-innovadores-presents-smart-city-expo-world-congress-2019","status":"publish","type":"post","link":"https:\/\/blogs.amb.cat\/innoamb\/ca\/2019\/08\/06\/empreses-innovadores-presents-smart-city-expo-world-congress-2019\/","title":{"rendered":"Empreses innovadores presents Smart City Expo World Congress 2019"},"content":{"rendered":"<p>L&#8217;Ag\u00e8ncia Metropolitana de Desenvolupament Econ\u00f2mic de l&#8217;AMB ha seleccionat <strong>6\u00a0empreses innovadores<\/strong> que desenvolupen productes i solucions en el camp de les Smart Cities\u00a0per participar en el <strong>Smart City Expo World Congress 2019 (<a title=\"http:\/\/www.smartcityexpo.com\" href=\"http:\/\/www.smartcityexpo.com\/en\/home\" target=\"_blank\" rel=\"noopener noreferrer\">SCEWC 2019<\/a>) <\/strong>que es celebra\u00a0del<strong> 19 al 21 de novembre <\/strong>a la ciutat de<strong> Barcelona<\/strong>.<\/p>\n<p>A la fira hi seran presents diverses empreses innovadores que disposaran d&#8217;espais als estands de l\u2019AMB, la Generalitat de Catalunya i l\u2019Ajuntament de Barcelona segons l&#8217;\u00e0rea d&#8217;influ\u00e8ncia, nivell de negoci, etc. D&#8217;aquesta forma, les tres administracions p\u00fabliques catalanes treballen de manera coordinada per donar visibilitat al talent innovador del territori.<\/p>\n<p>En el cas de l&#8217;estand metropolit\u00e0, els projectes m\u00e9s innovadors del sector de les smart cities que hi seran presents, i que compartiran espai amb les propostes smart presentades per l&#8217;AMB, s\u00f3n:<\/p>\n<p><strong>Quines solucions\/productes presentaran?<\/strong><\/p>\n<p><a href=\"https:\/\/grupoadtel.com\/\" target=\"_blank\" rel=\"noopener noreferrer\"><img class=\"size-full wp-image-1501\" src=\"https:\/\/blogs.amb.cat\/innoamb\/wp-content\/uploads\/sites\/9\/2019\/08\/adtel_200x200.jpg\" alt=\"ADTEL\" width=\"200\" height=\"200\" srcset=\"https:\/\/blogs.amb.cat\/innoamb\/wp-content\/uploads\/sites\/9\/2019\/08\/adtel_200x200.jpg 200w, https:\/\/blogs.amb.cat\/innoamb\/wp-content\/uploads\/sites\/9\/2019\/08\/adtel_200x200-150x150.jpg 150w\" sizes=\"(max-width: 200px) 100vw, 200px\" \/><\/a><\/p>\n<p><strong><a href=\"https:\/\/grupoadtel.com\/\" target=\"_blank\" rel=\"noopener noreferrer\"><span style=\"text-decoration: underline\">\u00a0ADTEL<\/span><\/a>:\u00a0Airvoice<\/strong>&#8211;\u00a0Megafonia sense fils, solucions destinades a cobrir necessitats en platges, entorns urbans i industrials. El m\u00f2dul ofereix serveis de sonoritzaci\u00f3, connectivitat, sensors ambientals, punt de socors&#8230;<\/p>\n<hr class=\"aire\" \/>\n<p><a href=\"http:\/\/www.smartspace.es\/\" target=\"_blank\" rel=\"noopener noreferrer\"><img class=\"size-full wp-image-1506\" src=\"https:\/\/blogs.amb.cat\/innoamb\/wp-content\/uploads\/sites\/9\/2019\/08\/smartspace_200x200.jpg\" alt=\"SMART SPACE\" width=\"200\" height=\"200\" srcset=\"https:\/\/blogs.amb.cat\/innoamb\/wp-content\/uploads\/sites\/9\/2019\/08\/smartspace_200x200.jpg 200w, https:\/\/blogs.amb.cat\/innoamb\/wp-content\/uploads\/sites\/9\/2019\/08\/smartspace_200x200-150x150.jpg 150w\" sizes=\"(max-width: 200px) 100vw, 200px\" \/><\/a><\/p>\n<p><strong><a href=\"http:\/\/www.smartspace.es\/\" target=\"_blank\" rel=\"noopener noreferrer\"><span style=\"text-decoration: underline\">Smart-Space<\/span><\/a>:<\/strong>\u00a0<strong>Solucions smart<\/strong> &#8211; Associaci\u00f3 impulsada per AEBALL\/UPMBALL que desenvolupa solucions smart per diversos \u00e0mbits: empreses, ciutats, sanitat&#8230;Plataforma de cooperaci\u00f3 entre les grans empreses tractores, les pimes innovadores, les start-ups, les universitats \/ centres tecnol\u00f2gics, que promou la col\u00b7laboraci\u00f3 p\u00fablic-privada.<\/p>\n<hr class=\"aire\" \/>\n<p><a href=\"https:\/\/sensitivedata.es\/termometrocivico\/\" target=\"_blank\" rel=\"noopener noreferrer\"><img class=\"size-full wp-image-1505\" src=\"https:\/\/blogs.amb.cat\/innoamb\/wp-content\/uploads\/sites\/9\/2019\/08\/sensitive_200x200.jpg\" alt=\"SENSITIVE DATA\" width=\"200\" height=\"200\" srcset=\"https:\/\/blogs.amb.cat\/innoamb\/wp-content\/uploads\/sites\/9\/2019\/08\/sensitive_200x200.jpg 200w, https:\/\/blogs.amb.cat\/innoamb\/wp-content\/uploads\/sites\/9\/2019\/08\/sensitive_200x200-150x150.jpg 150w\" sizes=\"(max-width: 200px) 100vw, 200px\" \/><\/a><\/p>\n<p><a href=\"https:\/\/sensitivedata.es\/termometrocivico\/\" target=\"_blank\" rel=\"noopener noreferrer\"><strong><span style=\"text-decoration: underline\">Sensitive Data<\/span><\/strong><\/a>:\u00a0<strong>Term\u00f2metre c\u00edvic<\/strong>\u00a0&#8211;\u00a0Plataforma tecnol\u00f2gica com a soluci\u00f3 digital que ajuda a la presa de decisions pol\u00edtiques per fer front\u00a0 al comportament antisocial.<\/p>\n<hr class=\"aire\" \/>\n<p><img class=\"size-full wp-image-1504\" src=\"https:\/\/blogs.amb.cat\/innoamb\/wp-content\/uploads\/sites\/9\/2019\/11\/blinkay.jpg\" alt=\"BLINKAY\" width=\"200\" height=\"200\" \/><\/p>\n<p><a href=\"https:\/\/www.blinkay.app\/\" target=\"_blank\" rel=\"noopener noreferrer\"><strong><span style=\"text-decoration: underline\">Blinkay<\/span><\/strong><\/a>: Sistema Iot per a a gesti\u00f3 de serveis municipals i control\u00a0 de vehicles destinat a l&#8217; administraci\u00f3 p\u00fablica i ciutadans i ciutadanes.<\/p>\n<hr class=\"aire\" \/>\n<p><a href=\"https:\/\/blogs.amb.cat\/innoamb\/wp-content\/uploads\/sites\/9\/2019\/10\/APPandtown_2.png\"><img class=\"alignnone size-full wp-image-1626\" src=\"https:\/\/blogs.amb.cat\/innoamb\/wp-content\/uploads\/sites\/9\/2019\/10\/APPandtown_2.png\" alt=\"APPandtown_2\" width=\"200\" height=\"207\" \/><\/a><\/p>\n<p><a href=\"https:\/\/www.appandtown.com\/\"><strong><span style=\"text-decoration: underline\">APP&amp;TOWN\u00a0COMPAGNON<\/span>:<\/strong><\/a>\u00a0<strong>Sistema de transport assistit<\/strong>\u00a0&#8211; Dissenyat per a persones amb discapacitats o disfuncions de la mem\u00f2ria, que permet fer despla\u00e7aments en transport p\u00fablic d&#8217;una manera segura.<\/p>\n<hr class=\"aire\" \/>\n<p><a href=\"https:\/\/blogs.amb.cat\/innoamb\/wp-content\/uploads\/sites\/9\/2019\/08\/mosaic_200x200.jpg\"><img class=\"size-full wp-image-1512\" src=\"https:\/\/blogs.amb.cat\/innoamb\/wp-content\/uploads\/sites\/9\/2019\/08\/mosaic_200x200.jpg\" alt=\"MOSAIC FACTOR\" width=\"200\" height=\"200\" srcset=\"https:\/\/blogs.amb.cat\/innoamb\/wp-content\/uploads\/sites\/9\/2019\/08\/mosaic_200x200.jpg 200w, https:\/\/blogs.amb.cat\/innoamb\/wp-content\/uploads\/sites\/9\/2019\/08\/mosaic_200x200-150x150.jpg 150w\" sizes=\"(max-width: 200px) 100vw, 200px\" \/><\/a><\/p>\n<p><strong><a href=\"https:\/\/www.mosaicfactor.com\/en\/index.php\" target=\"_blank\" rel=\"noopener noreferrer\"><span style=\"text-decoration: underline\">Mosaic Factor<\/span><\/a>: SEER Predicting Mobility<\/strong>\u00a0&#8211; Model de predicci\u00f3 a temps real per predir la disponibilitat de recursos limitats com p\u00e0rquings o punts de rec\u00e0rrega o de vehicles el\u00e8ctrics compartits.<\/p>\n<p>&nbsp;<\/p>\n<p style=\"text-align: left\">\n","protected":false},"excerpt":{"rendered":"<p>L&#8217;Ag\u00e8ncia Metropolitana de Desenvolupament Econ\u00f2mic de l&#8217;AMB ha seleccionat 6\u00a0empreses innovadores que desenvolupen productes i solucions en el camp de les Smart Cities\u00a0per participar en el Smart City Expo World Congress 2019 (SCEWC 2019) que es celebra\u00a0del 19 al 21 de novembre a la ciutat de Barcelona. A la fira hi seran presents diverses empreses [&hellip;]<\/p>\n","protected":false},"author":1,"featured_media":1526,"comment_status":"closed","ping_status":"open","sticky":false,"template":"","format":"standard","meta":{"_oasis_is_in_workflow":0,"_oasis_original":0,"ngg_post_thumbnail":0},"categories":[1],"tags":[37,41],"_links":{"self":[{"href":"https:\/\/blogs.amb.cat\/innoamb\/wp-json\/wp\/v2\/posts\/1494"}],"collection":[{"href":"https:\/\/blogs.amb.cat\/innoamb\/wp-json\/wp\/v2\/posts"}],"about":[{"href":"https:\/\/blogs.amb.cat\/innoamb\/wp-json\/wp\/v2\/types\/post"}],"author":[{"embeddable":true,"href":"https:\/\/blogs.amb.cat\/innoamb\/wp-json\/wp\/v2\/users\/1"}],"replies":[{"embeddable":true,"href":"https:\/\/blogs.amb.cat\/innoamb\/wp-json\/wp\/v2\/comments?post=1494"}],"version-history":[{"count":6,"href":"https:\/\/blogs.amb.cat\/innoamb\/wp-json\/wp\/v2\/posts\/1494\/revisions"}],"predecessor-version":[{"id":1854,"href":"https:\/\/blogs.amb.cat\/innoamb\/wp-json\/wp\/v2\/posts\/1494\/revisions\/1854"}],"wp:featuredmedia":[{"embeddable":true,"href":"https:\/\/blogs.amb.cat\/innoamb\/wp-json\/wp\/v2\/media\/1526"}],"wp:attachment":[{"href":"https:\/\/blogs.amb.cat\/innoamb\/wp-json\/wp\/v2\/media?parent=1494"}],"wp:term":[{"taxonomy":"category","embeddable":true,"href":"https:\/\/blogs.amb.cat\/innoamb\/wp-json\/wp\/v2\/categories?post=1494"},{"taxonomy":"post_tag","embeddable":true,"href":"https:\/\/blogs.amb.cat\/innoamb\/wp-json\/wp\/v2\/tags?post=1494"}],"curies":[{"name":"wp","href":"https:\/\/api.w.org\/{rel}","templated":true}]}}