
 







{"id":1578,"date":"2019-09-27T06:45:32","date_gmt":"2019-09-27T06:45:32","guid":{"rendered":"http:\/\/blogs.amb.cat\/innoamb\/?p=1578"},"modified":"2020-12-15T12:52:47","modified_gmt":"2020-12-15T12:52:47","slug":"presentacio-del-projecte-metropolisfplab2-a-les-empreses","status":"publish","type":"post","link":"https:\/\/blogs.amb.cat\/innoamb\/ca\/2019\/09\/27\/presentacio-del-projecte-metropolisfplab2-a-les-empreses\/","title":{"rendered":"Presentaci\u00f3 del projecte Metr\u00f2polisFPlab2 a les empreses"},"content":{"rendered":"<p>La segona edici\u00f3 del <a href=\"http:\/\/agenciaeconomica.amb.cat\/ca\/projectes\/detall\/-\/projecteADE\/metropolisfplab\/7213071\/7154508\">Metr\u00f2polisFPlab<\/a> ha arrencat aquest setembre i es portar\u00e0 a terme al llarg del curs escolar 2019-20 en col\u00b7laboraci\u00f3 amb la <strong>Fundaci\u00f3 BCN Formaci\u00f3 Professional<\/strong> i amb el suport d\u2019 altres agents del territori com <strong>Innobaix, el Port de Barcelona i el Circuit de Barcelona-Catalunya<\/strong>.<br \/>\nAquest projecte, promou la innovaci\u00f3 oberta com a proc\u00e9s metodol\u00f2gic d\u2019 alt valor afegit per a la seva aplicabilitat a la Formaci\u00f3 Professional, esdevenint un punt de trobada entre empreses i centres educatius de formaci\u00f3 professional, amb la finalitat de generar valor econ\u00f2mic, social i cultural al territori metropolit\u00e0.<\/p>\n<p><a href=\"https:\/\/blogs.amb.cat\/innoamb\/wp-content\/uploads\/sites\/9\/2019\/09\/imatge_blog.jpg\"><img class=\"alignnone size-full wp-image-1591\" src=\"https:\/\/blogs.amb.cat\/innoamb\/wp-content\/uploads\/sites\/9\/2019\/09\/imatge_blog.jpg\" alt=\"imatge_blog\" width=\"600\" height=\"448\" srcset=\"https:\/\/blogs.amb.cat\/innoamb\/wp-content\/uploads\/sites\/9\/2019\/09\/imatge_blog.jpg 600w, https:\/\/blogs.amb.cat\/innoamb\/wp-content\/uploads\/sites\/9\/2019\/09\/imatge_blog-300x224.jpg 300w\" sizes=\"(max-width: 600px) 100vw, 600px\" \/><\/a><\/p>\n<p>El passat 16 de setembre, es va presentar a la seu de l\u2019 AMB el projecte tant a les entitats com a les empreses que hi donaran suport. Comptem amb el suport d\u2019 empreses com <strong>AIG\u00dcES DE BARCELONA, TMB, ESTAMP, TAI SMART FACTORY, ABACUS, ICO<\/strong> entre d\u2019 altres.<\/p>\n<p>En quant als premis d\u2019 aquesta\u00a0segona edici\u00f3, podem avan\u00e7ar que el premi per a cada equip guanyador consistir\u00e0 en el desenvolupament de la idea i\/o proposta de millora en la mateixa empresa, durant un temps no superior a 2 mesos i a trav\u00e9s d\u2019una beca formativa remunerada. Tamb\u00e9 hi haur\u00e0 una dotaci\u00f3 de recursos materials al centre d\u2019FP i reconeixement per al\/la tutor\/a que ha assessorat i acompanyat en tot el proc\u00e9s a l\u2019equip.<\/p>\n<p>Properament farem p\u00fablica la convocat\u00f2ria per participar al projecte, incorporant les darreres empreses i novetats que estem treballant.<\/p>\n<p>Per \u00faltim cal afegir que aquesta acci\u00f3 est\u00e0 subvencionada pel Servei P\u00fablic d\u2019 Ocupaci\u00f3 de Catalunya en el marc dels Programes de suport al desenvolupament local.<\/p>\n","protected":false},"excerpt":{"rendered":"<p>La segona edici\u00f3 del Metr\u00f2polisFPlab ha arrencat aquest setembre i es portar\u00e0 a terme al llarg del curs escolar 2019-20 en col\u00b7laboraci\u00f3 amb la Fundaci\u00f3 BCN Formaci\u00f3 Professional i amb el suport d\u2019 altres agents del territori com Innobaix, el Port de Barcelona i el Circuit de Barcelona-Catalunya. Aquest projecte, promou la innovaci\u00f3 oberta com [&hellip;]<\/p>\n","protected":false},"author":1,"featured_media":1600,"comment_status":"closed","ping_status":"open","sticky":false,"template":"","format":"standard","meta":{"_oasis_is_in_workflow":0,"_oasis_original":0,"ngg_post_thumbnail":0},"categories":[1],"tags":[14,20,43],"_links":{"self":[{"href":"https:\/\/blogs.amb.cat\/innoamb\/wp-json\/wp\/v2\/posts\/1578"}],"collection":[{"href":"https:\/\/blogs.amb.cat\/innoamb\/wp-json\/wp\/v2\/posts"}],"about":[{"href":"https:\/\/blogs.amb.cat\/innoamb\/wp-json\/wp\/v2\/types\/post"}],"author":[{"embeddable":true,"href":"https:\/\/blogs.amb.cat\/innoamb\/wp-json\/wp\/v2\/users\/1"}],"replies":[{"embeddable":true,"href":"https:\/\/blogs.amb.cat\/innoamb\/wp-json\/wp\/v2\/comments?post=1578"}],"version-history":[{"count":6,"href":"https:\/\/blogs.amb.cat\/innoamb\/wp-json\/wp\/v2\/posts\/1578\/revisions"}],"predecessor-version":[{"id":1606,"href":"https:\/\/blogs.amb.cat\/innoamb\/wp-json\/wp\/v2\/posts\/1578\/revisions\/1606"}],"wp:featuredmedia":[{"embeddable":true,"href":"https:\/\/blogs.amb.cat\/innoamb\/wp-json\/wp\/v2\/media\/1600"}],"wp:attachment":[{"href":"https:\/\/blogs.amb.cat\/innoamb\/wp-json\/wp\/v2\/media?parent=1578"}],"wp:term":[{"taxonomy":"category","embeddable":true,"href":"https:\/\/blogs.amb.cat\/innoamb\/wp-json\/wp\/v2\/categories?post=1578"},{"taxonomy":"post_tag","embeddable":true,"href":"https:\/\/blogs.amb.cat\/innoamb\/wp-json\/wp\/v2\/tags?post=1578"}],"curies":[{"name":"wp","href":"https:\/\/api.w.org\/{rel}","templated":true}]}}