
 







{"id":1678,"date":"2019-10-30T08:35:12","date_gmt":"2019-10-30T08:35:12","guid":{"rendered":"http:\/\/blogs.amb.cat\/innoamb\/?p=1678"},"modified":"2020-12-15T12:52:47","modified_gmt":"2020-12-15T12:52:47","slug":"en-marxa-el-metropolisfplab-2","status":"publish","type":"post","link":"https:\/\/blogs.amb.cat\/innoamb\/ca\/2019\/10\/30\/en-marxa-el-metropolisfplab-2\/","title":{"rendered":"En marxa el Metr\u00f2polisFPlab 2"},"content":{"rendered":"<p>Ja est\u00e0 en marxa la segona edici\u00f3 del projecte Metr\u00f2polisFPlab, el programa d\u2019innovaci\u00f3 oberta en formaci\u00f3 professional impulsat des l\u2019AMB i la Fundaci\u00f3 BCN Formaci\u00f3 Professional, amb el suport d\u2019Innobaix, el Port de Barcelona i el Circuit de Barcelona-Catalunya.<\/p>\n<p><a href=\"https:\/\/blogs.amb.cat\/innoamb\/wp-content\/uploads\/sites\/9\/2019\/10\/presmetrop_1.jpg\"><img class=\"alignnone size-full wp-image-1681\" src=\"https:\/\/blogs.amb.cat\/innoamb\/wp-content\/uploads\/sites\/9\/2019\/10\/presmetrop_1.jpg\" alt=\"presmetrop_1\" width=\"800\" height=\"600\" srcset=\"https:\/\/blogs.amb.cat\/innoamb\/wp-content\/uploads\/sites\/9\/2019\/10\/presmetrop_1.jpg 800w, https:\/\/blogs.amb.cat\/innoamb\/wp-content\/uploads\/sites\/9\/2019\/10\/presmetrop_1-300x225.jpg 300w, https:\/\/blogs.amb.cat\/innoamb\/wp-content\/uploads\/sites\/9\/2019\/10\/presmetrop_1-640x480.jpg 640w\" sizes=\"(max-width: 800px) 100vw, 800px\" \/><\/a><\/p>\n<p>El Metr\u00f2polisFPlab2 potencia el desenvolupament de projectes innovadors creats conjuntament entre alumnes d\u2019FP i empreses, desenvolupa les compet\u00e8ncies educatives del s. XXI a trav\u00e9s de reptes reals formulats per les empreses i apropa les necessitats del teixit productiu a les capacitats dels estudiants de formaci\u00f3 professional.<\/p>\n<p>Els reptes d\u2019aquesta segona edici\u00f3 en la que participen 9 empreses van ser presentats dilluns 28 d\u2019octubre al Citilab de Cornell\u00e0 en una jornada informativa que obria les inscripcions al programa i que va comptar amb l\u2019assist\u00e8ncia de centres, empreses i ajuntaments del territori. A la sessi\u00f3 tamb\u00e9 es va presentar el calendari i fases del programa. El termini per a la inscripci\u00f3 dels centres \u00e9s fins l\u201911 de desembre i els pr\u00f2xims 6,7 i 8 de novembre, de 10h a 13h es duran a terme els Tallers de Reptes amb els responsables de cada empresa<\/p>\n<p><a href=\"https:\/\/blogs.amb.cat\/innoamb\/wp-content\/uploads\/sites\/9\/2019\/10\/rep_mlab2.jpg\"><img class=\"alignnone size-full wp-image-1686\" src=\"https:\/\/blogs.amb.cat\/innoamb\/wp-content\/uploads\/sites\/9\/2019\/10\/rep_mlab2.jpg\" alt=\"rep_mlab2\" width=\"770\" height=\"1050\" srcset=\"https:\/\/blogs.amb.cat\/innoamb\/wp-content\/uploads\/sites\/9\/2019\/10\/rep_mlab2.jpg 770w, https:\/\/blogs.amb.cat\/innoamb\/wp-content\/uploads\/sites\/9\/2019\/10\/rep_mlab2-220x300.jpg 220w, https:\/\/blogs.amb.cat\/innoamb\/wp-content\/uploads\/sites\/9\/2019\/10\/rep_mlab2-751x1024.jpg 751w\" sizes=\"(max-width: 770px) 100vw, 770px\" \/><\/a><\/p>\n","protected":false},"excerpt":{"rendered":"<p>Ja est\u00e0 en marxa la segona edici\u00f3 del projecte Metr\u00f2polisFPlab, el programa d\u2019innovaci\u00f3 oberta en formaci\u00f3 professional impulsat des l\u2019AMB i la Fundaci\u00f3 BCN Formaci\u00f3 Professional, amb el suport d\u2019Innobaix, el Port de Barcelona i el Circuit de Barcelona-Catalunya. El Metr\u00f2polisFPlab2 potencia el desenvolupament de projectes innovadors creats conjuntament entre alumnes d\u2019FP i empreses, desenvolupa [&hellip;]<\/p>\n","protected":false},"author":1,"featured_media":1679,"comment_status":"closed","ping_status":"open","sticky":false,"template":"","format":"standard","meta":{"_oasis_is_in_workflow":0,"_oasis_original":0,"ngg_post_thumbnail":0},"categories":[1],"tags":[14,20,43],"_links":{"self":[{"href":"https:\/\/blogs.amb.cat\/innoamb\/wp-json\/wp\/v2\/posts\/1678"}],"collection":[{"href":"https:\/\/blogs.amb.cat\/innoamb\/wp-json\/wp\/v2\/posts"}],"about":[{"href":"https:\/\/blogs.amb.cat\/innoamb\/wp-json\/wp\/v2\/types\/post"}],"author":[{"embeddable":true,"href":"https:\/\/blogs.amb.cat\/innoamb\/wp-json\/wp\/v2\/users\/1"}],"replies":[{"embeddable":true,"href":"https:\/\/blogs.amb.cat\/innoamb\/wp-json\/wp\/v2\/comments?post=1678"}],"version-history":[{"count":6,"href":"https:\/\/blogs.amb.cat\/innoamb\/wp-json\/wp\/v2\/posts\/1678\/revisions"}],"predecessor-version":[{"id":1835,"href":"https:\/\/blogs.amb.cat\/innoamb\/wp-json\/wp\/v2\/posts\/1678\/revisions\/1835"}],"wp:featuredmedia":[{"embeddable":true,"href":"https:\/\/blogs.amb.cat\/innoamb\/wp-json\/wp\/v2\/media\/1679"}],"wp:attachment":[{"href":"https:\/\/blogs.amb.cat\/innoamb\/wp-json\/wp\/v2\/media?parent=1678"}],"wp:term":[{"taxonomy":"category","embeddable":true,"href":"https:\/\/blogs.amb.cat\/innoamb\/wp-json\/wp\/v2\/categories?post=1678"},{"taxonomy":"post_tag","embeddable":true,"href":"https:\/\/blogs.amb.cat\/innoamb\/wp-json\/wp\/v2\/tags?post=1678"}],"curies":[{"name":"wp","href":"https:\/\/api.w.org\/{rel}","templated":true}]}}