
 







{"id":1755,"date":"2019-11-28T07:27:15","date_gmt":"2019-11-28T07:27:15","guid":{"rendered":"http:\/\/blogs.amb.cat\/innoamb\/?p=1755"},"modified":"2020-12-15T12:52:47","modified_gmt":"2020-12-15T12:52:47","slug":"reconeixement-als-equips-guanyadors-del-metropolisfplab1","status":"publish","type":"post","link":"https:\/\/blogs.amb.cat\/innoamb\/ca\/2019\/11\/28\/reconeixement-als-equips-guanyadors-del-metropolisfplab1\/","title":{"rendered":"Reconeixement als equips guanyadors del Metr\u00f2polisFPlab1"},"content":{"rendered":"<p>Aquest dimarts 26 de novembre la Fundaci\u00f3 BCN Formaci\u00f3 Professional amb el suport de l&#8217;AMB ha dut a terme l&#8217;acte de presentaci\u00f3 i reconeixement dels projectes d&#8217;innovaci\u00f3 realitzats pels equips guanyadors de la passada edici\u00f3 del Metr\u00f2polisFPlab. Aquests projectes es van dur a terme durant l&#8217;estada de dos mesos dels alumnes a les diferents empreses implicades. Els alumnes participants disposaven d&#8217;una beca formativa i remunerada finan\u00e7ada per l&#8217;AMB.<\/p>\n<p><a href=\"https:\/\/blogs.amb.cat\/innoamb\/wp-content\/uploads\/sites\/9\/2019\/11\/resultats2.jpg\"><img class=\"alignnone size-full wp-image-1757\" src=\"https:\/\/blogs.amb.cat\/innoamb\/wp-content\/uploads\/sites\/9\/2019\/11\/resultats2.jpg\" alt=\"resultats2\" width=\"800\" height=\"451\" srcset=\"https:\/\/blogs.amb.cat\/innoamb\/wp-content\/uploads\/sites\/9\/2019\/11\/resultats2.jpg 800w, https:\/\/blogs.amb.cat\/innoamb\/wp-content\/uploads\/sites\/9\/2019\/11\/resultats2-300x169.jpg 300w\" sizes=\"(max-width: 800px) 100vw, 800px\" \/><\/a><\/p>\n<p>Els projectes presentats per part de l&#8217;alumnat, han mostrar el resultat final amb l&#8217;ajuda dels responsables de la seva tutoritzaci\u00f3 en cada empresa:<\/p>\n<p><strong>Autocontrol,<\/strong> que va rebre el premi Port de Barcelona al repte plantejat per Autoterminal per respondre al repte &#8220;Com es podria saber quins moviments ha realitzat un vehicle i qui els ha realitzat?&#8221;<br \/>\n<strong>Go Montmel\u00f3,<\/strong> que va rebre el premi Circuit de Catalunya per respondre al repte del Circuit &#8220;Com podr\u00edem millorar l&#8217;experi\u00e8ncia de la visita guiada al circuit?&#8221;<br \/>\n<strong>Pagel<\/strong>, que va rebre el premi Innobaix al repte plantejat per Aig\u00fces de Barcelona &#8220;Com podem minimitzar l&#8217;impacte de l&#8217;abocament de tovalloletes i productes d&#8217;higiene personal a les instal\u00b7lacions de sanejament de les nostres ciutats i al medi ambient?&#8221;<br \/>\n<strong>Building Together App<\/strong>, que va rebre el premi Innobaix al repte plantejat per In-Best-ers &#8220;Com podem adaptar o modificar el mercat immobiliari per fer-lo atractiu per als joves?&#8221;<\/p>\n<p>&nbsp;<br \/>\n<iframe title=\"Projectes becats a Metr\u00f2polisFPLab\" width=\"1170\" height=\"658\" src=\"https:\/\/www.youtube.com\/embed\/eLrQLa18FRE?feature=oembed\" frameborder=\"0\" allow=\"accelerometer; autoplay; clipboard-write; encrypted-media; gyroscope; picture-in-picture\" allowfullscreen><\/iframe><br \/>\n&nbsp;<br \/>\nLa benvinguda de la presentaci\u00f3 va anar a c\u00e0rrec de la vicepresidenta de l&#8217;\u00c0rea de Desenvolupament Social i Econ\u00f2mic, Montserrat Ballar\u00edn, i de la directora-gerent de la Fundaci\u00f3 BCN Formaci\u00f3 Professional, Neus Pons.<\/p>\n<p>A l&#8217;acte tamb\u00e9 s&#8217;ha presentat la nova imatge del programa Metr\u00f2polisFPlab que ha estat dissenyada pels estudiants de formaci\u00f3 professional:<\/p>\n<p><a href=\"https:\/\/blogs.amb.cat\/innoamb\/wp-content\/uploads\/sites\/9\/2019\/11\/logometropolis1.jpg\"><img class=\"alignnone size-full wp-image-1743\" src=\"https:\/\/blogs.amb.cat\/innoamb\/wp-content\/uploads\/sites\/9\/2019\/11\/logometropolis1.jpg\" alt=\"logometropolis1\" width=\"591\" height=\"158\" srcset=\"https:\/\/blogs.amb.cat\/innoamb\/wp-content\/uploads\/sites\/9\/2019\/11\/logometropolis1.jpg 591w, https:\/\/blogs.amb.cat\/innoamb\/wp-content\/uploads\/sites\/9\/2019\/11\/logometropolis1-300x80.jpg 300w\" sizes=\"(max-width: 591px) 100vw, 591px\" \/><\/a><\/p>\n","protected":false},"excerpt":{"rendered":"<p>Aquest dimarts 26 de novembre la Fundaci\u00f3 BCN Formaci\u00f3 Professional amb el suport de l&#8217;AMB ha dut a terme l&#8217;acte de presentaci\u00f3 i reconeixement dels projectes d&#8217;innovaci\u00f3 realitzats pels equips guanyadors de la passada edici\u00f3 del Metr\u00f2polisFPlab. Aquests projectes es van dur a terme durant l&#8217;estada de dos mesos dels alumnes a les diferents empreses [&hellip;]<\/p>\n","protected":false},"author":1,"featured_media":1756,"comment_status":"closed","ping_status":"open","sticky":false,"template":"","format":"standard","meta":{"_oasis_is_in_workflow":0,"_oasis_original":0,"ngg_post_thumbnail":0},"categories":[1],"tags":[25,14,20,43],"_links":{"self":[{"href":"https:\/\/blogs.amb.cat\/innoamb\/wp-json\/wp\/v2\/posts\/1755"}],"collection":[{"href":"https:\/\/blogs.amb.cat\/innoamb\/wp-json\/wp\/v2\/posts"}],"about":[{"href":"https:\/\/blogs.amb.cat\/innoamb\/wp-json\/wp\/v2\/types\/post"}],"author":[{"embeddable":true,"href":"https:\/\/blogs.amb.cat\/innoamb\/wp-json\/wp\/v2\/users\/1"}],"replies":[{"embeddable":true,"href":"https:\/\/blogs.amb.cat\/innoamb\/wp-json\/wp\/v2\/comments?post=1755"}],"version-history":[{"count":6,"href":"https:\/\/blogs.amb.cat\/innoamb\/wp-json\/wp\/v2\/posts\/1755\/revisions"}],"predecessor-version":[{"id":1769,"href":"https:\/\/blogs.amb.cat\/innoamb\/wp-json\/wp\/v2\/posts\/1755\/revisions\/1769"}],"wp:featuredmedia":[{"embeddable":true,"href":"https:\/\/blogs.amb.cat\/innoamb\/wp-json\/wp\/v2\/media\/1756"}],"wp:attachment":[{"href":"https:\/\/blogs.amb.cat\/innoamb\/wp-json\/wp\/v2\/media?parent=1755"}],"wp:term":[{"taxonomy":"category","embeddable":true,"href":"https:\/\/blogs.amb.cat\/innoamb\/wp-json\/wp\/v2\/categories?post=1755"},{"taxonomy":"post_tag","embeddable":true,"href":"https:\/\/blogs.amb.cat\/innoamb\/wp-json\/wp\/v2\/tags?post=1755"}],"curies":[{"name":"wp","href":"https:\/\/api.w.org\/{rel}","templated":true}]}}