
 







{"id":671,"date":"2018-06-04T07:15:01","date_gmt":"2018-06-04T07:15:01","guid":{"rendered":"http:\/\/blogs.amb.cat\/innoamb\/?p=671"},"modified":"2020-12-15T12:52:48","modified_gmt":"2020-12-15T12:52:48","slug":"video-resum-de-l-innobus-metropolita-2018","status":"publish","type":"post","link":"https:\/\/blogs.amb.cat\/innoamb\/ca\/2018\/06\/04\/video-resum-de-l-innobus-metropolita-2018\/","title":{"rendered":"V\u00eddeo resum de l&#8217; Innobus Metropolit\u00e0 2018"},"content":{"rendered":"<p>Us presentem el nou v\u00eddeo resum del projecte &#8220;Innob\u00fas Metropolit\u00e0&#8221; en la seva edici\u00f3 2018. Recollim algunes de les opinions tant dels universitaris que hi han participat com mentors de les empreses col\u00b7laboradores.<\/p>\n<p><iframe title=\"Presentaci\u00f3 Innobus Metropolit\u00e0 2018\" width=\"1170\" height=\"658\" src=\"https:\/\/www.youtube.com\/embed\/5Pjenh3fjTw?feature=oembed\" frameborder=\"0\" allow=\"accelerometer; autoplay; clipboard-write; encrypted-media; gyroscope; picture-in-picture\" allowfullscreen><\/iframe><\/p>\n<p>Aquest projecte pret\u00e9n apropar els emprenedors a l&#8217;ecosistema empresarial del territori metropolit\u00e0, en el qual un grup seleccionat de joves universitaris visiten empreses innovadores de l&#8217;\u00e0rea metropolitana.<\/p>\n<p>Els representants dels 3 projectes finalistes varen participar al sal\u00f3 Bizbarcelona presentant la resoluci\u00f3 als reptes plantejats, amb \u00e8xit de p\u00fablic a l\u2019 estand de l\u2019 Ag\u00e8ncia Metropolitana de Desenvolupament Econ\u00f2mic de l\u2019 AMB.<\/p>\n<p><a href=\"https:\/\/blogs.amb.cat\/innoamb\/wp-content\/uploads\/sites\/9\/2018\/06\/IMG_20180531_155950501.jpg\"><img class=\"alignnone size-full wp-image-672\" src=\"https:\/\/blogs.amb.cat\/innoamb\/wp-content\/uploads\/sites\/9\/2018\/06\/IMG_20180531_155950501.jpg\" alt=\"IMG_20180531_155950501\" width=\"1000\" height=\"750\" srcset=\"https:\/\/blogs.amb.cat\/innoamb\/wp-content\/uploads\/sites\/9\/2018\/06\/IMG_20180531_155950501.jpg 1000w, https:\/\/blogs.amb.cat\/innoamb\/wp-content\/uploads\/sites\/9\/2018\/06\/IMG_20180531_155950501-300x225.jpg 300w, https:\/\/blogs.amb.cat\/innoamb\/wp-content\/uploads\/sites\/9\/2018\/06\/IMG_20180531_155950501-640x480.jpg 640w\" sizes=\"(max-width: 1000px) 100vw, 1000px\" \/><\/a><\/p>\n<p>&nbsp;<br \/>\n<strong>Playlist Innobus 2018:<\/strong><br \/>\n<iframe title=\"Innobus Metropolit\u00e0 2018\" width=\"1170\" height=\"658\" src=\"https:\/\/www.youtube.com\/embed\/videoseries?list=PLMZjt-Y3yY6ujDa0dasLXbMNQqpX4dWfj\" frameborder=\"0\" allow=\"accelerometer; autoplay; clipboard-write; encrypted-media; gyroscope; picture-in-picture\" allowfullscreen><\/iframe><\/p>\n","protected":false},"excerpt":{"rendered":"<p>Us presentem el nou v\u00eddeo resum del projecte &#8220;Innob\u00fas Metropolit\u00e0&#8221; en la seva edici\u00f3 2018. Recollim algunes de les opinions tant dels universitaris que hi han participat com mentors de les empreses col\u00b7laboradores. Aquest projecte pret\u00e9n apropar els emprenedors a l&#8217;ecosistema empresarial del territori metropolit\u00e0, en el qual un grup seleccionat de joves universitaris visiten [&hellip;]<\/p>\n","protected":false},"author":1,"featured_media":672,"comment_status":"closed","ping_status":"open","sticky":false,"template":"","format":"standard","meta":{"_oasis_is_in_workflow":0,"_oasis_original":0,"ngg_post_thumbnail":0},"categories":[8],"tags":[25,16,18],"_links":{"self":[{"href":"https:\/\/blogs.amb.cat\/innoamb\/wp-json\/wp\/v2\/posts\/671"}],"collection":[{"href":"https:\/\/blogs.amb.cat\/innoamb\/wp-json\/wp\/v2\/posts"}],"about":[{"href":"https:\/\/blogs.amb.cat\/innoamb\/wp-json\/wp\/v2\/types\/post"}],"author":[{"embeddable":true,"href":"https:\/\/blogs.amb.cat\/innoamb\/wp-json\/wp\/v2\/users\/1"}],"replies":[{"embeddable":true,"href":"https:\/\/blogs.amb.cat\/innoamb\/wp-json\/wp\/v2\/comments?post=671"}],"version-history":[{"count":4,"href":"https:\/\/blogs.amb.cat\/innoamb\/wp-json\/wp\/v2\/posts\/671\/revisions"}],"predecessor-version":[{"id":682,"href":"https:\/\/blogs.amb.cat\/innoamb\/wp-json\/wp\/v2\/posts\/671\/revisions\/682"}],"wp:featuredmedia":[{"embeddable":true,"href":"https:\/\/blogs.amb.cat\/innoamb\/wp-json\/wp\/v2\/media\/672"}],"wp:attachment":[{"href":"https:\/\/blogs.amb.cat\/innoamb\/wp-json\/wp\/v2\/media?parent=671"}],"wp:term":[{"taxonomy":"category","embeddable":true,"href":"https:\/\/blogs.amb.cat\/innoamb\/wp-json\/wp\/v2\/categories?post=671"},{"taxonomy":"post_tag","embeddable":true,"href":"https:\/\/blogs.amb.cat\/innoamb\/wp-json\/wp\/v2\/tags?post=671"}],"curies":[{"name":"wp","href":"https:\/\/api.w.org\/{rel}","templated":true}]}}