
 







{"id":494,"date":"2021-05-31T10:43:21","date_gmt":"2021-05-31T08:43:21","guid":{"rendered":"https:\/\/blogs.amb.cat\/millorquenou\/?p=494"},"modified":"2021-06-01T13:41:29","modified_gmt":"2021-06-01T11:41:29","slug":"per-fi-fem-tallers-presencials","status":"publish","type":"post","link":"https:\/\/blogs.amb.cat\/millorquenou\/ca\/2021\/05\/31\/per-fi-fem-tallers-presencials\/","title":{"rendered":"Per fi fem tallers presencials"},"content":{"rendered":"\n<p>Finalment, ha costat una mica! A partir de juny tornem a tenir els tallers en format presencial al servei del C. Sep\u00falveda de Barcelona. L&#8217;aforament, per\u00f2,  \u00e9s limitat al que ens marqui la normativa. Aqu\u00ed podeu mirar l&#8217;oferta: <a rel=\"noreferrer noopener\" href=\"http:\/\/millorquenou.cat\/tallers.php\" target=\"_blank\">http:\/\/millorquenou.cat\/tallers.php <\/a><\/p>\n\n\n\n<p>Els assessoraments i l&#8217;intercanvi tamb\u00e9 s\u00f3n presencials, tot i aix\u00f2 estem oberts a consultes virtuals per tothom qui prefereixi fer-ho des de casa. <\/p>\n\n\n\n<p>D&#8217;altra banda, sembla que la resta de serveis d&#8217;autoreparaci\u00f3 de St Cugat, Viladecans, Castellbisbal&#8230;tamb\u00e9 s&#8217;animen a passar del virtual al presencial.  <\/p>\n\n\n\n<p>Esperem anunciar-vos noves ubicacions estables properament. En tenim moltes ganes!<\/p>\n\n\n\n<p>Per cert, tamb\u00e9 tenim a punt el butllet\u00ed de mercats de segona m\u00e0 de juny, que estava aturat. <a rel=\"noreferrer noopener\" href=\"http:\/\/solucions.amb.cat\/pres_push\/AppJava\/subscribeTokenAction.do;jsessionid=cQpFg0vDdTWDWjKS7c9X5B0K1nmsN2NW1rZ1xvhF3QVNKm1RLCdY!1018764043?butlleti=104843&amp;chlang=ca_ES\" data-type=\"URL\" data-id=\"http:\/\/solucions.amb.cat\/pres_push\/AppJava\/subscribeTokenAction.do;jsessionid=cQpFg0vDdTWDWjKS7c9X5B0K1nmsN2NW1rZ1xvhF3QVNKm1RLCdY!1018764043?butlleti=104843&amp;chlang=ca_ES\" target=\"_blank\">Aqu\u00ed<\/a> us hi podeu apuntar.   <\/p>\n\n\n\n<p><\/p>\n\n\n\n<p><\/p>\n\n\n\n<p><\/p>\n","protected":false},"excerpt":{"rendered":"<p>Finalment, ha costat una mica! A partir de juny tornem a tenir els tallers en format presencial al servei del C. Sep\u00falveda de Barcelona. L&#8217;aforament, per\u00f2, \u00e9s limitat al que ens marqui la normativa. Aqu\u00ed podeu mirar l&#8217;oferta: http:\/\/millorquenou.cat\/tallers.php Els assessoraments i l&#8217;intercanvi tamb\u00e9 s\u00f3n presencials, tot i aix\u00f2 estem oberts a consultes virtuals per [&hellip;]<\/p>\n","protected":false},"author":14,"featured_media":495,"comment_status":"closed","ping_status":"open","sticky":false,"template":"","format":"standard","meta":{"_oasis_is_in_workflow":0,"_oasis_original":0,"ngg_post_thumbnail":0},"categories":[1],"tags":[10],"_links":{"self":[{"href":"https:\/\/blogs.amb.cat\/millorquenou\/wp-json\/wp\/v2\/posts\/494"}],"collection":[{"href":"https:\/\/blogs.amb.cat\/millorquenou\/wp-json\/wp\/v2\/posts"}],"about":[{"href":"https:\/\/blogs.amb.cat\/millorquenou\/wp-json\/wp\/v2\/types\/post"}],"author":[{"embeddable":true,"href":"https:\/\/blogs.amb.cat\/millorquenou\/wp-json\/wp\/v2\/users\/14"}],"replies":[{"embeddable":true,"href":"https:\/\/blogs.amb.cat\/millorquenou\/wp-json\/wp\/v2\/comments?post=494"}],"version-history":[{"count":3,"href":"https:\/\/blogs.amb.cat\/millorquenou\/wp-json\/wp\/v2\/posts\/494\/revisions"}],"predecessor-version":[{"id":500,"href":"https:\/\/blogs.amb.cat\/millorquenou\/wp-json\/wp\/v2\/posts\/494\/revisions\/500"}],"wp:featuredmedia":[{"embeddable":true,"href":"https:\/\/blogs.amb.cat\/millorquenou\/wp-json\/wp\/v2\/media\/495"}],"wp:attachment":[{"href":"https:\/\/blogs.amb.cat\/millorquenou\/wp-json\/wp\/v2\/media?parent=494"}],"wp:term":[{"taxonomy":"category","embeddable":true,"href":"https:\/\/blogs.amb.cat\/millorquenou\/wp-json\/wp\/v2\/categories?post=494"},{"taxonomy":"post_tag","embeddable":true,"href":"https:\/\/blogs.amb.cat\/millorquenou\/wp-json\/wp\/v2\/tags?post=494"}],"curies":[{"name":"wp","href":"https:\/\/api.w.org\/{rel}","templated":true}]}}