
 







{"id":141,"date":"2025-01-09T13:45:00","date_gmt":"2025-01-09T11:45:00","guid":{"rendered":"https:\/\/blogs.amb.cat\/mobilitat\/?p=141"},"modified":"2025-01-13T15:34:40","modified_gmt":"2025-01-13T13:34:40","slug":"dades-doferta-i-demanda-de-la-bici-metropolitana","status":"publish","type":"post","link":"https:\/\/blogs.amb.cat\/mobilitat\/ca\/2025\/01\/09\/dades-doferta-i-demanda-de-la-bici-metropolitana\/","title":{"rendered":"Dades d\u2019oferta i demanda de la bici metropolitana"},"content":{"rendered":"\n<p>L\u2019\u00c0rea Metropolitana de Barcelona, en el marc del desplegament del <a href=\"https:\/\/www.amb.cat\/ca\/web\/mobilitat\/pla-metropolita-de-mobilitat-urbana-amb\" data-type=\"URL\" data-id=\"https:\/\/www.amb.cat\/ca\/web\/mobilitat\/pla-metropolita-de-mobilitat-urbana-amb\"><strong>Pla metropolit\u00e0 de mobilitat urbana (PMMU)<\/strong><\/a>, impulsa diferents mesures per con\u00e8ixer amb detall les dades d\u2019oferta i demanda en l\u2019\u00fas de la bicicleta a la metr\u00f2polis de Barcelona.<\/p>\n\n\n\n<p><strong>DADES DE DEMANDA<\/strong><\/p>\n\n\n\n<p>En relaci\u00f3 amb les dades <strong>per con\u00e8ixer la demanda<\/strong>, \u00e9s a dir, l\u2019\u00fas de la infraestructura pedalable, el 2019 existien tres punts d&#8217;aforament permanents instal\u00b7lats i mantinguts per l\u2019AMB, tot i que puntualment s\u2019analitzaven tamb\u00e9 els de l\u2019<a href=\"https:\/\/opendata-ajuntament.barcelona.cat\/data\/ca\/dataset\/aforaments-detall\" data-type=\"URL\" data-id=\"https:\/\/opendata-ajuntament.barcelona.cat\/data\/ca\/dataset\/aforaments-detall\"><strong>Ajuntament de Barcelona<\/strong><\/a> i altres municipis de la primera i la segona corona.<\/p>\n\n\n\n<p>Per completar la informaci\u00f3 sobre l\u2019\u00fas de la infraestructura, el 2019 es va dur a terme la <a href=\"https:\/\/docs.amb.cat\/alfresco\/api\/-default-\/public\/alfresco\/versions\/1\/nodes\/621681b8-686a-4645-9edf-999c9d005205\/content\/Informe%20Aforaments%20BICIVIA%202019.pdf?attachment=false&amp;mimeType=application\/pdf&amp;sizeInBytes=5140524\"><strong>primera campanya semestral d\u2019aforaments<\/strong><\/a>. En aquell primer exercici es van definir 30 punts sobre la xarxa pedalable metropolitana Bicivia. El 2021 es va repetir la campanya d\u2019aforaments; en aquella ocasi\u00f3 es va ampliar l\u2019an\u00e0lisi a 36 punts i es van prendre dades tant a la primavera com a la tardor. Els resultats es van plasmar en l\u2019estudi: <strong><em><a href=\"https:\/\/recam.amb.cat\/rest\/api\/core\/bitstreams\/49431ad8-e24c-46a4-a9bd-6562f048bf99\/content\" data-type=\"URL\" data-id=\"https:\/\/recam.amb.cat\/rest\/api\/core\/bitstreams\/49431ad8-e24c-46a4-a9bd-6562f048bf99\/content\">Aforaments a la xarxa Bicivia metropolitana (2021). Evoluci\u00f3 2019-2021 i comparaci\u00f3 amb altres dades de mobilitat<\/a><\/em><\/strong>. Les dades posaven de manifest que l&#8217;\u00fas de les bicicletes s&#8217;havia incrementat un 34 % a la xarxa metropolitana Bicivia en el per\u00edode 2019-2021, mentre que l\u2019\u00fas dels patinets havia crescut un 123 %. Tamb\u00e9 <strong>es va constatar que el creixement d&#8217;aquests dos mitjans de transport havia estat superior a l&#8217;\u00e0rea metropolitana de Barcelona que a Barcelona ciutat<\/strong>.<\/p>\n\n\n\n<p>El 2021 es va incloure, en la 1a convocat\u00f2ria dels <a href=\"https:\/\/www.amb.cat\/ca\/web\/amb\/govern-metropolita\/economia-i-inversions\/inversions-i-suports\/fons-next-generation-ngeu\">Fons Next Generation<\/a>, el subministrament de 18 nous punts d&#8217;aforament (14 punts amb espires i quatre amb espires i comptadors en temps real i amb visor de dades). Posteriorment, durant el 2024, es va dur a terme una nova licitaci\u00f3 per instal\u00b7lar deu nous dispositius (sis punts d\u2019aforament bidireccionals i quatre punts d\u2019aforament unidireccionals).<\/p>\n\n\n\n<figure class=\"wp-block-image size-large\"><img width=\"1024\" height=\"415\" src=\"https:\/\/blogs.amb.cat\/mobilitat\/wp-content\/uploads\/sites\/13\/2025\/01\/image001-1024x415.jpg\" alt=\"\" class=\"wp-image-142\" srcset=\"https:\/\/blogs.amb.cat\/mobilitat\/wp-content\/uploads\/sites\/13\/2025\/01\/image001-1024x415.jpg 1024w, https:\/\/blogs.amb.cat\/mobilitat\/wp-content\/uploads\/sites\/13\/2025\/01\/image001-300x121.jpg 300w, https:\/\/blogs.amb.cat\/mobilitat\/wp-content\/uploads\/sites\/13\/2025\/01\/image001-768x311.jpg 768w, https:\/\/blogs.amb.cat\/mobilitat\/wp-content\/uploads\/sites\/13\/2025\/01\/image001-1536x622.jpg 1536w, https:\/\/blogs.amb.cat\/mobilitat\/wp-content\/uploads\/sites\/13\/2025\/01\/image001-2048x829.jpg 2048w\" sizes=\"(max-width: 1024px) 100vw, 1024px\" \/><\/figure>\n\n\n\n<p>Les dades d\u2019aforaments de la xarxa Bicivia aviat estaran disponibles a la <a href=\"https:\/\/ide.amb.cat\/Visor\/\">IDE<\/a> i a l\u2019<a href=\"https:\/\/www.amb.cat\/ca\/web\/area-metropolitana\/dades-obertes\/cataleg\/llistat\" data-type=\"URL\" data-id=\"https:\/\/www.amb.cat\/ca\/web\/area-metropolitana\/dades-obertes\/cataleg\/llistat\">OpenData<\/a> de l\u2019AMB.<\/p>\n\n\n\n<p><strong>DADES D\u2019OFERTA<\/strong><\/p>\n\n\n\n<p>D\u2019altra banda, l\u2019AMB disposava de les <strong>dades d\u2019oferta pedalable metropolitana<\/strong>, en format paper i digital, per\u00f2 volia fer un pas endavant per facilitar l\u2019acc\u00e9s a les rutes disponibles i aix\u00ed promoure l\u2019\u00fas de la bicicleta. Durant el 2020, en el marc del projecte europeu FutureMob, es va elaborar el <a href=\"https:\/\/blogs.amb.cat\/bicicleta\/ca\/2020\/12\/18\/nou-visor-de-rutes-saludables\/\"><strong>visor de rutes saludables<\/strong><\/a> per facilitar la informaci\u00f3 dels trajectes de mobilitat activa (a peu i en bici), partint de la <a href=\"https:\/\/www.youtube.com\/watch?v=Q9WrBqRhDfU&amp;t=10s\"><strong>informaci\u00f3 de qualitat de l\u2019aire disponible en temps real<\/strong><\/a>.<\/p>\n\n\n\n<figure class=\"wp-block-image size-large\"><img width=\"1024\" height=\"698\" src=\"https:\/\/blogs.amb.cat\/mobilitat\/wp-content\/uploads\/sites\/13\/2025\/01\/Captura-de-pantalla-2024-12-30-121956-1024x698.jpg\" alt=\"\" class=\"wp-image-143\" srcset=\"https:\/\/blogs.amb.cat\/mobilitat\/wp-content\/uploads\/sites\/13\/2025\/01\/Captura-de-pantalla-2024-12-30-121956-1024x698.jpg 1024w, https:\/\/blogs.amb.cat\/mobilitat\/wp-content\/uploads\/sites\/13\/2025\/01\/Captura-de-pantalla-2024-12-30-121956-300x204.jpg 300w, https:\/\/blogs.amb.cat\/mobilitat\/wp-content\/uploads\/sites\/13\/2025\/01\/Captura-de-pantalla-2024-12-30-121956-768x523.jpg 768w, https:\/\/blogs.amb.cat\/mobilitat\/wp-content\/uploads\/sites\/13\/2025\/01\/Captura-de-pantalla-2024-12-30-121956.jpg 1437w\" sizes=\"(max-width: 1024px) 100vw, 1024px\" \/><\/figure>\n\n\n\n<p>El visor incorpora dos criteris per tal que l&#8217;usuari pugui triar segons el que decideixi: la ruta m\u00e9s r\u00e0pida o la ruta m\u00e9s saludable.<\/p>\n\n\n\n<p>M\u00e9s endavant, es va fer una prova pilot a Sant Joan Desp\u00ed per <strong>digitalitzar amb un model de dades exhaustiu la informaci\u00f3 de la xarxa pedalable<\/strong>, que es va acabar ampliant a tota l\u2019\u00e0rea metropolitana gr\u00e0cies als <a href=\"https:\/\/www.amb.cat\/ca\/web\/amb\/govern-metropolita\/economia-i-inversions\/inversions-i-suports\/fons-next-generation-ngeu\">Fons Next Generation<\/a> (amb una inversi\u00f3 de 181.379 \u20ac). Aix\u00ed, des del juny de 2024 el <a href=\"https:\/\/visorbicicleta.amb.cat\/\"><strong>visor de rutes pedalables<\/strong><\/a> ja est\u00e0 disponible per a la ciutat de Barcelona i els 15 municipis metropolitans on es disposa del servei de bici p\u00fablica compartida, l\u2019<a href=\"https:\/\/www.ambici.cat\/ca\/\">AMBici<\/a>. Aquesta informaci\u00f3 tamb\u00e9 forma part de les app de l\u2019<a href=\"https:\/\/www.ambici.cat\/ca\/\">AMBici<\/a> i del <a href=\"https:\/\/www.bicibox.cat\/\">Bicibox<\/a>.<\/p>\n\n\n\n<p>S\u2019han incorporat al model de dades 1.840\u202fkm de trama urbana, principalment infraestructura pedalable (carrils bici i vies compartides). El visor tamb\u00e9 inclou els 545 km que abasta tota la xarxa Bicivia, aix\u00ed com la xarxa pedalable de la ciutat de Barcelona. Es preveu que durant els tres anys seg\u00fcents es completin les dades d&#8217;oferta pedalable amb la informaci\u00f3 de la resta de municipis metropolitans i s\u2019hi afegeixin 2.800 km m\u00e9s. En aquest punt, el planificador de rutes funcionar\u00e0 per a tot el territori metropolit\u00e0.<\/p>\n\n\n\n<figure class=\"wp-block-image size-large\"><img width=\"1024\" height=\"502\" src=\"https:\/\/blogs.amb.cat\/mobilitat\/wp-content\/uploads\/sites\/13\/2025\/01\/Captura-de-pantalla-2025-01-09-125532-1024x502.jpg\" alt=\"\" class=\"wp-image-145\" srcset=\"https:\/\/blogs.amb.cat\/mobilitat\/wp-content\/uploads\/sites\/13\/2025\/01\/Captura-de-pantalla-2025-01-09-125532-1024x502.jpg 1024w, https:\/\/blogs.amb.cat\/mobilitat\/wp-content\/uploads\/sites\/13\/2025\/01\/Captura-de-pantalla-2025-01-09-125532-300x147.jpg 300w, https:\/\/blogs.amb.cat\/mobilitat\/wp-content\/uploads\/sites\/13\/2025\/01\/Captura-de-pantalla-2025-01-09-125532-768x377.jpg 768w, https:\/\/blogs.amb.cat\/mobilitat\/wp-content\/uploads\/sites\/13\/2025\/01\/Captura-de-pantalla-2025-01-09-125532-1536x753.jpg 1536w, https:\/\/blogs.amb.cat\/mobilitat\/wp-content\/uploads\/sites\/13\/2025\/01\/Captura-de-pantalla-2025-01-09-125532.jpg 1903w\" sizes=\"(max-width: 1024px) 100vw, 1024px\" \/><\/figure>\n\n\n\n<p>El nou visor planifica les possibles rutes entre els punts d\u2019origen i final triats, prioritzant tres criteris:<\/p>\n\n\n\n<ul><li>Rapidesa: ofereix la ruta m\u00e9s curta evitant les vies d\u2019alta ocupaci\u00f3 i prioritzant la infraestructura ciclista.<\/li><li>Seguretat: selecciona la ruta amb m\u00e9s cobertura de carrils bici segregats.<\/li><li>Orografia: minimitza els desnivells de l\u2019itinerari.<\/li><\/ul>\n\n\n\n<p>El visor tamb\u00e9 inclou els serveis p\u00fablics de bicicleta (<a href=\"https:\/\/www.bicibox.cat\/\">Bicibox<\/a>, <a href=\"https:\/\/www.bicing.barcelona\/\">Bicing<\/a> i <a href=\"https:\/\/www.ambici.cat\/ca\/\">AMBici<\/a>) per poder consultar les dades b\u00e0siques de les estacions i la disponibilitat. A m\u00e9s, els usuaris tenen la possibilitat de presentar queixes i suggeriments que ajudaran a millorar aquesta nova eina.<\/p>\n\n\n\n<figure class=\"wp-block-image size-large\"><img width=\"800\" height=\"141\" src=\"https:\/\/blogs.amb.cat\/mobilitat\/wp-content\/uploads\/sites\/13\/2025\/01\/image002.jpg\" alt=\"\" class=\"wp-image-146\" srcset=\"https:\/\/blogs.amb.cat\/mobilitat\/wp-content\/uploads\/sites\/13\/2025\/01\/image002.jpg 800w, https:\/\/blogs.amb.cat\/mobilitat\/wp-content\/uploads\/sites\/13\/2025\/01\/image002-300x53.jpg 300w, https:\/\/blogs.amb.cat\/mobilitat\/wp-content\/uploads\/sites\/13\/2025\/01\/image002-768x135.jpg 768w\" sizes=\"(max-width: 800px) 100vw, 800px\" \/><\/figure>\n","protected":false},"excerpt":{"rendered":"<p>L\u2019\u00c0rea Metropolitana de Barcelona, en el marc del desplegament del Pla metropolit\u00e0 de mobilitat urbana (PMMU), impulsa diferents mesures per con\u00e8ixer amb detall les dades d\u2019oferta i demanda en l\u2019\u00fas de la bicicleta a la metr\u00f2polis de Barcelona. DADES DE DEMANDA En relaci\u00f3 amb les dades per con\u00e8ixer la demanda, \u00e9s a dir, l\u2019\u00fas de [&hellip;]<\/p>\n","protected":false},"author":13,"featured_media":142,"comment_status":"closed","ping_status":"open","sticky":false,"template":"","format":"standard","meta":{"_oasis_is_in_workflow":0,"_oasis_original":0,"ngg_post_thumbnail":0},"categories":[1],"tags":[42,37,41,43,40,38,39],"_links":{"self":[{"href":"https:\/\/blogs.amb.cat\/mobilitat\/wp-json\/wp\/v2\/posts\/141"}],"collection":[{"href":"https:\/\/blogs.amb.cat\/mobilitat\/wp-json\/wp\/v2\/posts"}],"about":[{"href":"https:\/\/blogs.amb.cat\/mobilitat\/wp-json\/wp\/v2\/types\/post"}],"author":[{"embeddable":true,"href":"https:\/\/blogs.amb.cat\/mobilitat\/wp-json\/wp\/v2\/users\/13"}],"replies":[{"embeddable":true,"href":"https:\/\/blogs.amb.cat\/mobilitat\/wp-json\/wp\/v2\/comments?post=141"}],"version-history":[{"count":4,"href":"https:\/\/blogs.amb.cat\/mobilitat\/wp-json\/wp\/v2\/posts\/141\/revisions"}],"predecessor-version":[{"id":153,"href":"https:\/\/blogs.amb.cat\/mobilitat\/wp-json\/wp\/v2\/posts\/141\/revisions\/153"}],"wp:featuredmedia":[{"embeddable":true,"href":"https:\/\/blogs.amb.cat\/mobilitat\/wp-json\/wp\/v2\/media\/142"}],"wp:attachment":[{"href":"https:\/\/blogs.amb.cat\/mobilitat\/wp-json\/wp\/v2\/media?parent=141"}],"wp:term":[{"taxonomy":"category","embeddable":true,"href":"https:\/\/blogs.amb.cat\/mobilitat\/wp-json\/wp\/v2\/categories?post=141"},{"taxonomy":"post_tag","embeddable":true,"href":"https:\/\/blogs.amb.cat\/mobilitat\/wp-json\/wp\/v2\/tags?post=141"}],"curies":[{"name":"wp","href":"https:\/\/api.w.org\/{rel}","templated":true}]}}