
 







{"id":155,"date":"2025-02-25T14:20:00","date_gmt":"2025-02-25T12:20:00","guid":{"rendered":"https:\/\/blogs.amb.cat\/mobilitat\/?p=155"},"modified":"2025-02-26T15:09:32","modified_gmt":"2025-02-26T13:09:32","slug":"participa-en-el-disseny-de-la-mobilitat-metropolitana-del-futur","status":"publish","type":"post","link":"https:\/\/blogs.amb.cat\/mobilitat\/ca\/2025\/02\/25\/participa-en-el-disseny-de-la-mobilitat-metropolitana-del-futur\/","title":{"rendered":"Participa en el disseny de la mobilitat metropolitana del futur!"},"content":{"rendered":"\n<p>L\u2019\u00c0rea Metropolitana de Barcelona, en el marc de l\u2019elaboraci\u00f3 del nou <a href=\"https:\/\/www.amb.cat\/ca\/web\/mobilitat\/pla-metropolita-de-mobilitat-urbana-amb\" data-type=\"URL\" data-id=\"https:\/\/www.amb.cat\/ca\/web\/mobilitat\/pla-metropolita-de-mobilitat-urbana-amb\"><strong>Pla metropolit\u00e0 de mobilitat urbana (PMMU)<\/strong><\/a>, ha iniciat un proc\u00e9s participatiu per construir el model de mobilitat del futur. Aquest model t\u00e9 com a objectius essencials:<\/p>\n\n\n\n<ul><li>Prioritzar <strong>la salut<\/strong> de les persones<\/li><li>Reduir <strong>els impactes ambientals<\/strong><\/li><li>Garantir <strong>l\u2019efici\u00e8ncia<\/strong> del sistema de transport<\/li><li>Promoure <strong>l\u2019equitat<\/strong> i la cohesi\u00f3 social<\/li><\/ul>\n\n\n\n<p>El proc\u00e9s participatiu est\u00e0 obert a entitats, col\u00b7lectius, empreses del sector del transport i la mobilitat, administracions i tota la ciutadania compromesa amb la mobilitat sostenible. \u00c9s una oportunitat per <strong>contribuir a definir com volem moure\u2019ns en el futur<\/strong> a partir de reflexions sobre la situaci\u00f3 actual i propostes de millora.<\/p>\n\n\n\n<p>El proc\u00e9s participatiu preveu diversos espais de treball. Alguns s\u00f3n de car\u00e0cter m\u00e9s t\u00e8cnic i intern, com el Consell de Mobilitat de l\u2019AMB, la Taula Metropolitana de la Distribuci\u00f3 Urbana de Mercaderies (TMDUM) i la Taula Metropolitana de la Moto El\u00e8ctrica Compartida (TMMEC). D\u2019altres estan oberts a tota la ciutadania, com ara les sessions amb els municipis metropolitans i l\u2019espai digital <a href=\"http:\/\/participa.amb.cat\" data-type=\"URL\" data-id=\"participa.amb.cat\">participa.amb.cat<\/a>.<\/p>\n\n\n\n<figure class=\"wp-block-image size-large\"><img width=\"1024\" height=\"576\" src=\"https:\/\/blogs.amb.cat\/mobilitat\/wp-content\/uploads\/sites\/13\/2025\/02\/IMG_0346-1024x576.jpg\" alt=\"\" class=\"wp-image-156\" srcset=\"https:\/\/blogs.amb.cat\/mobilitat\/wp-content\/uploads\/sites\/13\/2025\/02\/IMG_0346-1024x576.jpg 1024w, https:\/\/blogs.amb.cat\/mobilitat\/wp-content\/uploads\/sites\/13\/2025\/02\/IMG_0346-300x169.jpg 300w, https:\/\/blogs.amb.cat\/mobilitat\/wp-content\/uploads\/sites\/13\/2025\/02\/IMG_0346-768x432.jpg 768w, https:\/\/blogs.amb.cat\/mobilitat\/wp-content\/uploads\/sites\/13\/2025\/02\/IMG_0346-1536x864.jpg 1536w, https:\/\/blogs.amb.cat\/mobilitat\/wp-content\/uploads\/sites\/13\/2025\/02\/IMG_0346.jpg 2016w\" sizes=\"(max-width: 1024px) 100vw, 1024px\" \/><\/figure>\n\n\n\n<p>En el cas del <strong>Consell de Mobilitat<\/strong>, en el darrer trimestre del 2024 s\u2019han fet un total de cinc sessions espec\u00edfiques sobre els temes seg\u00fcents:<\/p>\n\n\n\n<ul><li>Model urb\u00e0<\/li><li>Carrers segurs i saludables<\/li><li>Transport p\u00fablic<\/li><li>Gesti\u00f3 de dades i noves tecnologies<\/li><li>Foment d&#8217;un canvi d\u2019h\u00e0bits<\/li><\/ul>\n\n\n\n<p>L&#8217;assist\u00e8ncia total a les cinc sessions ha superat les 250 persones.<\/p>\n\n\n\n<figure class=\"wp-block-image size-large\"><img width=\"1024\" height=\"576\" src=\"https:\/\/blogs.amb.cat\/mobilitat\/wp-content\/uploads\/sites\/13\/2025\/02\/IMG_0452-1024x576.jpg\" alt=\"\" class=\"wp-image-157\" srcset=\"https:\/\/blogs.amb.cat\/mobilitat\/wp-content\/uploads\/sites\/13\/2025\/02\/IMG_0452-1024x576.jpg 1024w, https:\/\/blogs.amb.cat\/mobilitat\/wp-content\/uploads\/sites\/13\/2025\/02\/IMG_0452-300x169.jpg 300w, https:\/\/blogs.amb.cat\/mobilitat\/wp-content\/uploads\/sites\/13\/2025\/02\/IMG_0452-768x432.jpg 768w, https:\/\/blogs.amb.cat\/mobilitat\/wp-content\/uploads\/sites\/13\/2025\/02\/IMG_0452-1536x864.jpg 1536w, https:\/\/blogs.amb.cat\/mobilitat\/wp-content\/uploads\/sites\/13\/2025\/02\/IMG_0452.jpg 2016w\" sizes=\"(max-width: 1024px) 100vw, 1024px\" \/><\/figure>\n\n\n\n<p>D\u2019altra banda, la <strong>Taula Metropolitana de la Distribuci\u00f3 Urbana de Mercaderies (TMDUM)<\/strong> ha impulsat tres sessions de treball en el darrer trimestre de 2024 sobre:<\/p>\n\n\n\n<ul><li>Regulaci\u00f3 i alternatives a la distribuci\u00f3 di\u00fcrna<\/li><li>Sostenibilitat de les flotes i <em>microhubs<\/em><\/li><li>Informaci\u00f3 i dades<\/li><\/ul>\n\n\n\n<p>En total hi han participat unes 70 persones.<\/p>\n\n\n\n<p>En relaci\u00f3 amb els <strong>espais de treball oberts a la ciutadania:<\/strong><\/p>\n\n\n\n<ul><li><strong>Sessions als municipis<\/strong>. Fins ara s&#8217;han celebrat 12 sessions, als municipis de Barcelona, Barber\u00e0 del Vall\u00e8s, l\u2019Hospitalet de Llobregat, Pallej\u00e0, Santa Coloma de Cervell\u00f3, Sant Adri\u00e0 de Bes\u00f2s, Sant Just Desvern, Sant Boi de Llobregat, Tiana, Badia del Vall\u00e8s, Esplugues de Llobregat i Gav\u00e0. En les trobades hi han participat activament els ajuntaments i han estat molt enriquidores gr\u00e0cies a l\u2019intercanvi d\u2019opinions i l&#8217;elaboraci\u00f3 de solucions compartides. Hi han participat un total de 262 persones.<\/li><\/ul>\n\n\n\n<p>Est\u00e0 previst que les sessions seg\u00fcents se celebrin a Torrelles de Llobregat, Montcada i Reixac i Castellbisbal. Les trobades continuaran fins al 31 de mar\u00e7 de 2025.<\/p>\n\n\n\n<figure class=\"wp-block-image size-large\"><img width=\"1024\" height=\"768\" src=\"https:\/\/blogs.amb.cat\/mobilitat\/wp-content\/uploads\/sites\/13\/2025\/02\/Imagen2-1024x768.jpg\" alt=\"\" class=\"wp-image-158\" srcset=\"https:\/\/blogs.amb.cat\/mobilitat\/wp-content\/uploads\/sites\/13\/2025\/02\/Imagen2-1024x768.jpg 1024w, https:\/\/blogs.amb.cat\/mobilitat\/wp-content\/uploads\/sites\/13\/2025\/02\/Imagen2-300x225.jpg 300w, https:\/\/blogs.amb.cat\/mobilitat\/wp-content\/uploads\/sites\/13\/2025\/02\/Imagen2-768x576.jpg 768w, https:\/\/blogs.amb.cat\/mobilitat\/wp-content\/uploads\/sites\/13\/2025\/02\/Imagen2.jpg 1299w\" sizes=\"(max-width: 1024px) 100vw, 1024px\" \/><\/figure>\n\n\n\n<ul><li><a href=\"https:\/\/participa.amb.cat\/processes\/pmmu2530?locale=ca\"><strong>Espai de propostes en l\u00ednia<\/strong>.<\/a> La plataforma en l\u00ednia <a href=\"https:\/\/participa.amb.cat\/\"><strong>participa.amb.cat<\/strong><\/a> \u00e9s el lloc ideal per aportar idees, comentar les propostes d\u2019altres participants i involucrar-te activament en la definici\u00f3 del futur de la mobilitat urbana. Tothom hi pot fer propostes i aportacions.<\/li><\/ul>\n\n\n\n<p>Fins al desembre de 2024 s\u2019han recollit prop de 700 aportacions: 407 aportacions de les sessions del Consell de Mobilitat, 197 aportacions de la TMDUM i 83 aportacions de les sessions als municipis. Totes s\u2019han incorporat a la plataforma <a href=\"https:\/\/participa.amb.cat\/\"><strong>participa.amb.cat<\/strong><\/a> de forma an\u00f2nima i agregada (en el cas de les que s&#8217;han repetit).<\/p>\n\n\n\n<p>Els <strong>temes amb m\u00e9s aportacions<\/strong> han estat, per ordre descendent: <strong>transport p\u00fablic (40\u00a0%), mobilitat de mercaderies i serveis (25\u00a0%), mobilitat en bicicleta (15\u00a0%)<\/strong>, mobilitat en vehicle privat (10\u00a0%), temes transversals (8\u00a0%) i mobilitat a peu (2\u00a0%).<\/p>\n\n\n\n<p>La teva participaci\u00f3 \u00e9s essencial per dissenyar un sistema de transport i mobilitat que respongui a les necessitats de tothom. La fase deliberativa per fer aportacions al <a href=\"https:\/\/participa.amb.cat\/\"><strong>participa.amb.cat<\/strong><\/a> <strong>durar\u00e0 fins al 31\/03\/2025<\/strong>. Ajuda\u2019ns a avan\u00e7ar cap a una mobilitat metropolitana m\u00e9s sostenible i equitativa!<\/p>\n","protected":false},"excerpt":{"rendered":"<p>L\u2019\u00c0rea Metropolitana de Barcelona, en el marc de l\u2019elaboraci\u00f3 del nou Pla metropolit\u00e0 de mobilitat urbana (PMMU), ha iniciat un proc\u00e9s participatiu per construir el model de mobilitat del futur. Aquest model t\u00e9 com a objectius essencials: Prioritzar la salut de les persones Reduir els impactes ambientals Garantir l\u2019efici\u00e8ncia del sistema de transport Promoure l\u2019equitat [&hellip;]<\/p>\n","protected":false},"author":13,"featured_media":159,"comment_status":"closed","ping_status":"open","sticky":false,"template":"","format":"standard","meta":{"_oasis_is_in_workflow":0,"_oasis_original":0,"ngg_post_thumbnail":0},"categories":[1],"tags":[45,46,47,44,16],"_links":{"self":[{"href":"https:\/\/blogs.amb.cat\/mobilitat\/wp-json\/wp\/v2\/posts\/155"}],"collection":[{"href":"https:\/\/blogs.amb.cat\/mobilitat\/wp-json\/wp\/v2\/posts"}],"about":[{"href":"https:\/\/blogs.amb.cat\/mobilitat\/wp-json\/wp\/v2\/types\/post"}],"author":[{"embeddable":true,"href":"https:\/\/blogs.amb.cat\/mobilitat\/wp-json\/wp\/v2\/users\/13"}],"replies":[{"embeddable":true,"href":"https:\/\/blogs.amb.cat\/mobilitat\/wp-json\/wp\/v2\/comments?post=155"}],"version-history":[{"count":3,"href":"https:\/\/blogs.amb.cat\/mobilitat\/wp-json\/wp\/v2\/posts\/155\/revisions"}],"predecessor-version":[{"id":164,"href":"https:\/\/blogs.amb.cat\/mobilitat\/wp-json\/wp\/v2\/posts\/155\/revisions\/164"}],"wp:featuredmedia":[{"embeddable":true,"href":"https:\/\/blogs.amb.cat\/mobilitat\/wp-json\/wp\/v2\/media\/159"}],"wp:attachment":[{"href":"https:\/\/blogs.amb.cat\/mobilitat\/wp-json\/wp\/v2\/media?parent=155"}],"wp:term":[{"taxonomy":"category","embeddable":true,"href":"https:\/\/blogs.amb.cat\/mobilitat\/wp-json\/wp\/v2\/categories?post=155"},{"taxonomy":"post_tag","embeddable":true,"href":"https:\/\/blogs.amb.cat\/mobilitat\/wp-json\/wp\/v2\/tags?post=155"}],"curies":[{"name":"wp","href":"https:\/\/api.w.org\/{rel}","templated":true}]}}