
 







{"id":85,"date":"2024-06-10T12:31:00","date_gmt":"2024-06-10T10:31:00","guid":{"rendered":"https:\/\/blogs.amb.cat\/mobilitat\/?p=85"},"modified":"2024-06-11T12:42:15","modified_gmt":"2024-06-11T10:42:15","slug":"a-lestiu-millora-de-loferta-de-bus-metropolita","status":"publish","type":"post","link":"https:\/\/blogs.amb.cat\/mobilitat\/ca\/2024\/06\/10\/a-lestiu-millora-de-loferta-de-bus-metropolita\/","title":{"rendered":"A l&#8217;estiu, millora l&#8217;oferta de bus metropolit\u00e0!"},"content":{"rendered":"\n<p>Durant l\u2019estiu canvien les din\u00e0miques de mobilitat a la metr\u00f2polis. La poblaci\u00f3 infantil i juvenil deixa d\u2019anar a l\u2019escola i a l\u2019institut, per\u00f2 llavors comencen els casals d\u2019estiu, els campaments i d\u2019altres activitats molt diverses. La poblaci\u00f3 adulta sovint canvia els horaris de feina, la gent viatja m\u00e9s i els 30 km de <a href=\"https:\/\/www.amb.cat\/s\/web\/territori\/espai-public\/platges.html\">platges metropolitanes<\/a> es converteixen en un nucli d\u2019atracci\u00f3 de visitants i d\u2019activitats a l\u2019aire lliure (amb m\u00e9s d&#8217;11 milions d&#8217;usuaris cada any), molt especialment durant els caps de setmana.<\/p>\n\n\n\n<p>\u00c9s per aix\u00f2 que des de l\u2019AMB, en el marc del <a href=\"https:\/\/www.amb.cat\/s\/es\/web\/mobilitat\/pla-metropolita-de-mobilitat-urbana-amb.html\">Pla metropolit\u00e0 de mobilitat urbana (PMMU)<\/a>, en els darrers anys hem impulsat diferents <strong>mesures per tal de millorar l\u2019oferta d\u2019autob\u00fas durant l\u2019estiu<\/strong> i adaptar-la a les necessitats de la ciutadania metropolitana. Tot seguit us compartim aquestes mesures.<\/p>\n\n\n\n<p><strong>Qu\u00e8 s\u2019ha fet fins ara?<\/strong><\/p>\n\n\n\n<p>Entre les mesures implementades en els darrers anys, el <strong>2021<\/strong> es va refor\u00e7ar el servei nocturn que cobreix l\u2019aeroport del Prat i Castelldefels, un trajecte molt afectat pel volum de passatgers durant l&#8217;estiu.<\/p>\n\n\n\n<p>L\u2019any <strong>2022<\/strong> es va ampliar el <a href=\"https:\/\/viumolinsderei.com\/2022\/05\/23\/les-linies-mb1-i-mb2-del-bus-urba-amplien-el-servei-als-caps-de-setmana-i-a-lagost\/\">servei urb\u00e0 de Molins de Rei<\/a> els caps de setmana i l\u2019agost, i tamb\u00e9 va entrar en servei la <a href=\"https:\/\/www.amb.cat\/web\/amb\/actualitat\/sala-de-premsa\/notes-de-premsa\/detall\/-\/notapremsa\/l-amb-posa-en-funcionament-el-servei-especial-de-bus-metropolita-que-connectara\/11275726\/11696\">l\u00ednia SE (servei especial) de connexi\u00f3 de Sant Adri\u00e0 de Bes\u00f2s amb la platja Port F\u00f2rum<\/a>, de juny a setembre.<\/p>\n\n\n\n<p>L\u2019estiu del <strong>2023<\/strong> es va <a href=\"https:\/\/elbruguersdigital.cat\/linia-l77-ampliacio-platja-gava-santfeliu\/\">ampliar el servei de la l\u00ednia L77 per connectar la platja<\/a> de Gav\u00e0 amb Sant Just Desvern i Sant Feliu de Llobregat, i es van refor\u00e7ar les l\u00ednies L94 i L95 de manera intensiva per donar resposta a l\u2019alta demanda de les platges de <a href=\"https:\/\/www.viladecans.cat\/ca\/vilabus-la-platja\">Viladecans<\/a>, <a href=\"https:\/\/gava.info\/manana-empieza-la-temporada-de-playas-en-gava-estas-son-las-novedades\/\">Gav\u00e0<\/a> i <a href=\"https:\/\/castelldefels.digital\/importantes-mejoras-en-la-red-de-autobuses-de-castelldefels\/\">Castelldefels<\/a>. D\u2019altra banda, durant el mateix estiu, la l\u00ednia L96 va passar a circular amb busos articulats, i es va refor\u00e7ar amb la M5.<\/p>\n\n\n\n<p>Gr\u00e0cies al seguiment continu que es fa en aquestes l\u00ednies, <strong>a l\u2019estiu es fan refor\u00e7os en funci\u00f3 de la demanda per tal d\u2019oferir una millora continuada<\/strong> en la qualitat del servei.<\/p>\n\n\n\n<p><strong>Quins s\u00f3n els serveis per a aquest 2024?<\/strong><\/p>\n\n\n\n<figure class=\"wp-block-image size-large\"><img width=\"1024\" height=\"728\" src=\"https:\/\/blogs.amb.cat\/mobilitat\/wp-content\/uploads\/sites\/13\/2024\/06\/Captura2-1-1024x728.png\" alt=\"\" class=\"wp-image-90\" srcset=\"https:\/\/blogs.amb.cat\/mobilitat\/wp-content\/uploads\/sites\/13\/2024\/06\/Captura2-1-1024x728.png 1024w, https:\/\/blogs.amb.cat\/mobilitat\/wp-content\/uploads\/sites\/13\/2024\/06\/Captura2-1-300x213.png 300w, https:\/\/blogs.amb.cat\/mobilitat\/wp-content\/uploads\/sites\/13\/2024\/06\/Captura2-1-768x546.png 768w, https:\/\/blogs.amb.cat\/mobilitat\/wp-content\/uploads\/sites\/13\/2024\/06\/Captura2-1.png 1070w\" sizes=\"(max-width: 1024px) 100vw, 1024px\" \/><\/figure>\n\n\n\n<p>Tot just s&#8217;han comen\u00e7at a implementar diferents mesures de millora dels serveis, que es relacionen a continuaci\u00f3:<\/p>\n\n\n\n<ul><li><strong>L94 i L95<\/strong>. Entre l\u20191 de juny i l\u201911 de setembre es millora la freq\u00fc\u00e8ncia de la l\u00ednia L94, que passa de 20 a 15 minuts, i es millora la freq\u00fc\u00e8ncia de la L95 durant el cap de setmana, que passa de 30 a 20 minuts. A m\u00e9s, es preveuen nous refor\u00e7os per a les dues l\u00ednies els dissabtes, diumenges i festius d&#8217;entre l\u2019\u00faltim cap de setmana d\u2019abril i l\u2019\u00faltim de setembre (ambd\u00f3s inclosos).<\/li><li><strong>L96<\/strong>. Connecta Sant Boi de Llobregat, Viladecans i Gav\u00e0 amb la platja de Castelldefels, circula cada 12 minuts i amb vehicles articulats des del 2023.<\/li><li><strong>CF2<\/strong>. Nova l\u00ednia que presta servei des del febrer del 2023 i connecta el nucli de Castelldefels amb la seva platja i el Port Ginesta de Sitges.<\/li><li><strong>VB4<\/strong>. Connecta el nucli de Viladecans i la seva platja, i des del 2023 arriba fins l\u2019aparcament de dilluns a divendres feiners.<\/li><li><strong>GA1 i GA2<\/strong>. Tenen un tram com\u00fa entre el nucli urb\u00e0 i Gav\u00e0 Mar que es refor\u00e7a i passa cada 20 minuts durant els mesos d\u2019estiu tots els dies de la setmana.<\/li><li><strong>Servei especial a Sant Adri\u00e0 de Bes\u00f2s<\/strong> entre el nucli urb\u00e0 i la platja del F\u00f2rum.<\/li><li><strong>B4 i B29<\/strong>. Els serveis regulars de Badalona i Montgat cobreixen les platges del Barcelon\u00e8s nord. Les l\u00ednies B4 i B29 no tenen reducci\u00f3 d\u2019oferta durant la temporada d\u2019estiu.<\/li><li><strong>L77<\/strong>. Connecta Sant Joan Desp\u00ed, Cornell\u00e0 i Sant Boi amb la platja de Gav\u00e0, cada 30 minuts, i des del 2023 tamb\u00e9 des de Sant Just Desvern i Sant Feliu de Llobregat. A m\u00e9s a m\u00e9s, es preveu refor\u00e7ar la l\u00ednia amb pas cada 20 minuts durant els dies de m\u00e9s demanda d\u2019aquest estiu.<\/li><li><strong>El servei Nitbus de Barcelona<\/strong>. Refor\u00e7a durant la temporada d\u2019estiu totes les l\u00ednies que donen servei a les platges, especialment en l\u2019\u00e0mbit de la Barceloneta, el Port Ol\u00edmpic i el districte de Sant Mart\u00ed: N0, N6, N7, N8, N12, N15 i N28.<\/li><li><strong>Nova l\u00ednia PR5<\/strong>. Connecta el Prat de Llobregat amb la seva platja amb autobusos articulats, que refor\u00e7a la l\u00ednia PR3.<\/li><\/ul>\n\n\n\n<figure class=\"wp-block-image size-large\"><img width=\"880\" height=\"775\" src=\"https:\/\/blogs.amb.cat\/mobilitat\/wp-content\/uploads\/sites\/13\/2024\/06\/Captura.jpg\" alt=\"\" class=\"wp-image-87\" srcset=\"https:\/\/blogs.amb.cat\/mobilitat\/wp-content\/uploads\/sites\/13\/2024\/06\/Captura.jpg 880w, https:\/\/blogs.amb.cat\/mobilitat\/wp-content\/uploads\/sites\/13\/2024\/06\/Captura-300x264.jpg 300w, https:\/\/blogs.amb.cat\/mobilitat\/wp-content\/uploads\/sites\/13\/2024\/06\/Captura-768x676.jpg 768w\" sizes=\"(max-width: 880px) 100vw, 880px\" \/><\/figure>\n\n\n\n<p><a href=\"https:\/\/www.amb.cat\/ca\/web\/mobilitat\/actualitat\/noticies\/detall\/-\/noticia\/a-la-platja-en-bus\/17849891\/11704\" target=\"_blank\" rel=\"noreferrer noopener\">M\u00e9s informaci\u00f3<\/a><\/p>\n","protected":false},"excerpt":{"rendered":"<p>Durant l\u2019estiu canvien les din\u00e0miques de mobilitat a la metr\u00f2polis. La poblaci\u00f3 infantil i juvenil deixa d\u2019anar a l\u2019escola i a l\u2019institut, per\u00f2 llavors comencen els casals d\u2019estiu, els campaments i d\u2019altres activitats molt diverses. La poblaci\u00f3 adulta sovint canvia els horaris de feina, la gent viatja m\u00e9s i els 30 km de platges metropolitanes [&hellip;]<\/p>\n","protected":false},"author":13,"featured_media":86,"comment_status":"closed","ping_status":"open","sticky":false,"template":"","format":"standard","meta":{"_oasis_is_in_workflow":0,"_oasis_original":0,"ngg_post_thumbnail":0},"categories":[1],"tags":[23,25,24,16],"_links":{"self":[{"href":"https:\/\/blogs.amb.cat\/mobilitat\/wp-json\/wp\/v2\/posts\/85"}],"collection":[{"href":"https:\/\/blogs.amb.cat\/mobilitat\/wp-json\/wp\/v2\/posts"}],"about":[{"href":"https:\/\/blogs.amb.cat\/mobilitat\/wp-json\/wp\/v2\/types\/post"}],"author":[{"embeddable":true,"href":"https:\/\/blogs.amb.cat\/mobilitat\/wp-json\/wp\/v2\/users\/13"}],"replies":[{"embeddable":true,"href":"https:\/\/blogs.amb.cat\/mobilitat\/wp-json\/wp\/v2\/comments?post=85"}],"version-history":[{"count":6,"href":"https:\/\/blogs.amb.cat\/mobilitat\/wp-json\/wp\/v2\/posts\/85\/revisions"}],"predecessor-version":[{"id":98,"href":"https:\/\/blogs.amb.cat\/mobilitat\/wp-json\/wp\/v2\/posts\/85\/revisions\/98"}],"wp:featuredmedia":[{"embeddable":true,"href":"https:\/\/blogs.amb.cat\/mobilitat\/wp-json\/wp\/v2\/media\/86"}],"wp:attachment":[{"href":"https:\/\/blogs.amb.cat\/mobilitat\/wp-json\/wp\/v2\/media?parent=85"}],"wp:term":[{"taxonomy":"category","embeddable":true,"href":"https:\/\/blogs.amb.cat\/mobilitat\/wp-json\/wp\/v2\/categories?post=85"},{"taxonomy":"post_tag","embeddable":true,"href":"https:\/\/blogs.amb.cat\/mobilitat\/wp-json\/wp\/v2\/tags?post=85"}],"curies":[{"name":"wp","href":"https:\/\/api.w.org\/{rel}","templated":true}]}}