
 







{"id":496,"date":"2024-07-01T14:26:00","date_gmt":"2024-07-01T12:26:00","guid":{"rendered":"https:\/\/blogs.amb.cat\/residus\/?p=496"},"modified":"2024-10-14T12:30:46","modified_gmt":"2024-10-14T10:30:46","slug":"2a-reunio-de-seguiment-del-projecte-life-abate","status":"publish","type":"post","link":"https:\/\/blogs.amb.cat\/residus\/ca\/2024\/07\/01\/2a-reunio-de-seguiment-del-projecte-life-abate\/","title":{"rendered":"Segona reuni\u00f3 de seguiment del projecte LIFE ABATE"},"content":{"rendered":"\n<p>El 13 de juny, la ciutat de Valladolid va acollir una reuni\u00f3 clau de seguiment del projecte <a href=\"https:\/\/lifeabate.amb.cat\/\">LIFE ABATE<\/a>, que pret\u00e9n implementar un sistema innovador de tractament d&#8217;aire per reduir l&#8217;impacte ambiental i econ\u00f2mic de les plantes de tractament mec\u00e0nic-biol\u00f2gic (TMB) de residus municipals.<\/p>\n\n\n\n<h4>Presentaci\u00f3 del Consell Assessor<\/h4>\n\n\n\n<p>Una fita significativa de la reuni\u00f3 va ser la presentaci\u00f3 del Consell Assessor del projecte, format per Bart Kraakman, de <a href=\"https:\/\/www.jacobs.com\/\">Jacobs Engineering Group<\/a>; Carlos Nietzsche, de <a href=\"https:\/\/www.ambienteetodora.com\/\">Ambient et Odora<\/a>, i Herman Van Langenhove, de la <a href=\"https:\/\/www.ugent.be\/en\">Universitat de Ghent<\/a>. Aquest consell t\u00e9 un paper crucial en l&#8217;orientaci\u00f3 i supervisi\u00f3 del projecte, ja que hi aporta la seva experi\u00e8ncia i coneixement t\u00e8cnic.<\/p>\n\n\n\n<h4>Resum dels temes tractats<\/h4>\n\n\n\n<ol><li><strong>Visi\u00f3 general del projecte i presentaci\u00f3 del Consell Assessor<\/strong><ul><li>Raquel Lebrero, de la <a href=\"https:\/\/www.uva.es\/export\/sites\/uva\/\">Universitat de Valladolid<\/a> (UVa) i coordinadora del projecte, va presentar els objectius generals del projecte i les solucions t\u00e8cniques proposades, a m\u00e9s d&#8217;introduir als membres del Consell Assessor.<\/li><\/ul><\/li><li><strong>Gesti\u00f3 i coordinaci\u00f3 del projecte (WP1)<\/strong><ul><li>Raquel Lebrero va destacar l&#8217;estructura de gesti\u00f3 del projecte, i hi va incloure la planificaci\u00f3 de tasques, l&#8217;assignaci\u00f3 de recursos i les estrat\u00e8gies de conting\u00e8ncia.<\/li><\/ul><\/li><li><strong>Accions de preparaci\u00f3 (WP2)<\/strong><ul><li>Gloria S\u00e1nchez, de l&#8217;<a href=\"https:\/\/www.amb.cat\/s\/web\/medi-ambient\/residus.html\">\u00c0rea Metropolitana de Barcelona<\/a>, i Aida Gonz\u00e1lez, de <a href=\"https:\/\/www.kalfrisa.com\/\">Kalfrisa<\/a>, van presentar les accions preliminars necess\u00e0ries per a l&#8217;\u00e8xit del projecte, com l&#8217;actualitzaci\u00f3 de la caracteritzaci\u00f3 anal\u00edtica de les emissions gasoses i l&#8217;enginyeria de detall de la soluci\u00f3 LIFE ABATE.<\/li><\/ul><\/li><li><strong>Accions d&#8217;implementaci\u00f3 (WP3)<\/strong><ul><li>Joan Carles Fern\u00e1ndez, de l&#8217;\u00c0rea Metropolitana de Barcelona, va abordar la construcci\u00f3, posada en marxa i operaci\u00f3 de la planta de demostraci\u00f3 en el primer lloc d&#8217;aplicaci\u00f3, l&#8217;Ecoparc 3.<\/li><\/ul><\/li><li><strong>Sostenibilitat, replicaci\u00f3 i explotaci\u00f3 de resultats (WP4)<\/strong><ul><li>Raquel Lebrero va parlar sobre les estrat\u00e8gies per a la transfer\u00e8ncia, replicaci\u00f3 i explotaci\u00f3 dels resultats del projecte, aix\u00ed com la validaci\u00f3 de la viabilitat t\u00e8cnica de les tecnologies.<\/li><\/ul><\/li><li><strong>Monitoratge de l&#8217;impacte de les accions del projecte (WP5)<\/strong><ul><li>Es van discutir els m\u00e8todes per monitoritzar i avaluar l&#8217;impacte ambiental i socioecon\u00f2mic del projecte.<\/li><\/ul><\/li><li><strong>Estrat\u00e8gia de difusi\u00f3 i comunicaci\u00f3 (WP6)<\/strong><ul><li>Julia Hereza, de l&#8217;\u00c0rea Metropolitana de Barcelona, va presentar les activitats de difusi\u00f3 i comunicaci\u00f3 planificades, incloent-hi les publicacions cient\u00edfiques, la participaci\u00f3 en esdeveniments i la creaci\u00f3 d&#8217;una estrat\u00e8gia de comunicaci\u00f3 robusta.<\/li><\/ul><\/li><li><strong>Sessi\u00f3 financera<\/strong><ul><li>David Gonz\u00e1lez, d&#8217;<a href=\"https:\/\/ec-innova.es\/\">EC-Innova<\/a>, va proporcionar una actualitzaci\u00f3 sobre l&#8217;estat financer del projecte i els requisits que s&#8217;han de complir per garantir el suport continu de la Uni\u00f3 Europea.<\/li><\/ul><\/li><li><strong>Progr\u00e9s i problem\u00e0tiques actualitzades<\/strong><ul><li>Tots els membres del consorci van compartir actualitzacions pel que fa al progr\u00e9s i els desafiaments trobats fins ara, i van conversar sobre solucions i pr\u00f2xims passos.<\/li><\/ul><\/li><\/ol>\n\n\n\n<h4>Pr\u00f2xims passos<\/h4>\n\n\n\n<p>El projecte LIFE ABATE continuar\u00e0 amb la implementaci\u00f3 de les accions planificades i se centrar\u00e0 en la validaci\u00f3 de les tecnologies en el primer lloc de demostraci\u00f3 i en prepararan la replicaci\u00f3 en un segon lloc. Se seguiran desenvolupant estrat\u00e8gies per garantir la sostenibilitat i l&#8217;impacte a llarg termini del projecte, aix\u00ed com la difusi\u00f3 dels seus resultats en l&#8217;\u00e0mbit local, nacional i europeu.<\/p>\n\n\n\n<p>Aquesta trobada a Valladolid ha estat un pas crucial per consolidar els aven\u00e7os i refor\u00e7ar la col\u00b7laboraci\u00f3 entre els socis del projecte. Agra\u00efm a tots els participants la dedicaci\u00f3 i el comprom\u00eds amb la innovaci\u00f3 i la sostenibilitat.<\/p>\n\n\n\n<p>Seguim endavant cap a un futur m\u00e9s verd!<\/p>\n\n\n\n<figure class=\"wp-block-image size-large\"><img width=\"1024\" height=\"89\" src=\"https:\/\/blogs.amb.cat\/residus\/wp-content\/uploads\/sites\/15\/2024\/07\/Tira_socis_ABATE-1024x89.png\" alt=\"\" class=\"wp-image-501\" srcset=\"https:\/\/blogs.amb.cat\/residus\/wp-content\/uploads\/sites\/15\/2024\/07\/Tira_socis_ABATE-1024x89.png 1024w, https:\/\/blogs.amb.cat\/residus\/wp-content\/uploads\/sites\/15\/2024\/07\/Tira_socis_ABATE-300x26.png 300w, https:\/\/blogs.amb.cat\/residus\/wp-content\/uploads\/sites\/15\/2024\/07\/Tira_socis_ABATE-768x67.png 768w, https:\/\/blogs.amb.cat\/residus\/wp-content\/uploads\/sites\/15\/2024\/07\/Tira_socis_ABATE-1536x134.png 1536w, https:\/\/blogs.amb.cat\/residus\/wp-content\/uploads\/sites\/15\/2024\/07\/Tira_socis_ABATE-2048x179.png 2048w\" sizes=\"(max-width: 1024px) 100vw, 1024px\" \/><\/figure>\n","protected":false},"excerpt":{"rendered":"<p>2a reuni\u00f3 de seguiment del projecte LIFE ABATE. Presentaci\u00f3 del Consell Assessor i resum dels temes tractat<\/p>\n","protected":false},"author":42,"featured_media":498,"comment_status":"closed","ping_status":"open","sticky":false,"template":"","format":"standard","meta":{"_oasis_is_in_workflow":0,"_oasis_original":0,"ngg_post_thumbnail":0},"categories":[1,18,50,91],"tags":[47],"_links":{"self":[{"href":"https:\/\/blogs.amb.cat\/residus\/wp-json\/wp\/v2\/posts\/496"}],"collection":[{"href":"https:\/\/blogs.amb.cat\/residus\/wp-json\/wp\/v2\/posts"}],"about":[{"href":"https:\/\/blogs.amb.cat\/residus\/wp-json\/wp\/v2\/types\/post"}],"author":[{"embeddable":true,"href":"https:\/\/blogs.amb.cat\/residus\/wp-json\/wp\/v2\/users\/42"}],"replies":[{"embeddable":true,"href":"https:\/\/blogs.amb.cat\/residus\/wp-json\/wp\/v2\/comments?post=496"}],"version-history":[{"count":6,"href":"https:\/\/blogs.amb.cat\/residus\/wp-json\/wp\/v2\/posts\/496\/revisions"}],"predecessor-version":[{"id":561,"href":"https:\/\/blogs.amb.cat\/residus\/wp-json\/wp\/v2\/posts\/496\/revisions\/561"}],"wp:featuredmedia":[{"embeddable":true,"href":"https:\/\/blogs.amb.cat\/residus\/wp-json\/wp\/v2\/media\/498"}],"wp:attachment":[{"href":"https:\/\/blogs.amb.cat\/residus\/wp-json\/wp\/v2\/media?parent=496"}],"wp:term":[{"taxonomy":"category","embeddable":true,"href":"https:\/\/blogs.amb.cat\/residus\/wp-json\/wp\/v2\/categories?post=496"},{"taxonomy":"post_tag","embeddable":true,"href":"https:\/\/blogs.amb.cat\/residus\/wp-json\/wp\/v2\/tags?post=496"}],"curies":[{"name":"wp","href":"https:\/\/api.w.org\/{rel}","templated":true}]}}