
 







{"id":503,"date":"2024-07-01T11:11:00","date_gmt":"2024-07-01T09:11:00","guid":{"rendered":"https:\/\/blogs.amb.cat\/residus\/?p=503"},"modified":"2024-10-14T12:24:01","modified_gmt":"2024-10-14T10:24:01","slug":"life-abate-un-avanc-innovador-per-a-la-reduccio-de-cov-en-plantes-de-tractament-de-residus","status":"publish","type":"post","link":"https:\/\/blogs.amb.cat\/residus\/ca\/2024\/07\/01\/life-abate-un-avanc-innovador-per-a-la-reduccio-de-cov-en-plantes-de-tractament-de-residus\/","title":{"rendered":"LIFE ABATE: un aven\u00e7 innovador per a la reducci\u00f3 de COV en plantes de tractament de residus"},"content":{"rendered":"\n<p><strong>Barcelona, 15 d&#8217;octubre del 2023<\/strong>. Es presenta el projecte<strong> LIFE ABATE<\/strong>, una iniciativa innovadora cofinan\u00e7ada per la Comissi\u00f3 Europea mitjan\u00e7ant el <a href=\"https:\/\/cinea.ec.europa.eu\/programmes\/life_en\">programa LIFE<\/a>, que t\u00e9 com a objectiu principal reduir les emissions de compostos org\u00e0nics vol\u00e0tils (COV) i el consum d&#8217;energia en les plantes de tractament mecanicobiol\u00f2gic (TMB) de residus municipals a la Uni\u00f3 Europea.<\/p>\n\n\n\n<p>Amb un pressupost total de 3.246.062,21 \u20ac i una durada estimada de quatre anys, el projecte LIFE ABATE est\u00e0 coordinat per la <a href=\"https:\/\/www.uva.es\/export\/sites\/uva\/\">Universitat de Valladolid<\/a> amb la col\u00b7laboraci\u00f3 de diverses entitats nacionals com l&#8217;<a href=\"https:\/\/www.amb.cat\/s\/web\/medi-ambient\/residus.html\">\u00c0rea Metropolitana de Barcelona<\/a>; <a href=\"https:\/\/aeris.es\/\">Aeris Tecnolog\u00edas Ambientales, SL<\/a>; <a href=\"https:\/\/www.kalfrisa.com\/\">Kalfrisa, SAU<\/a>; <a href=\"https:\/\/www.upc.edu\/ca\">Universitat Polit\u00e8cnica de Catalunya<\/a>, i <a href=\"https:\/\/www.fccma.com\/en\/\">FCC Medi Ambient<\/a>. <\/p>\n\n\n\n<p><strong>Objectius clau<\/strong><\/p>\n\n\n\n<p>El projecte LIFE ABATE pret\u00e9n implementar un sistema revolucionari per al tractament d&#8217;aire en les plantes de TMB. Aquest sistema t\u00e9 els objectius seg\u00fcents:<\/p>\n\n\n\n<ol><li><strong>Reduir les emissions de COV<\/strong>: un corrent d&#8217;aire de gran volum amb baixa concentraci\u00f3 de COV es fa passar per un filtre i un rotoconcentrador, amb la finalitat de concentrar els COV i tractar-los de manera efica\u00e7 en un regenerador t\u00e8rmic oxidatiu (RTO) i en un filtre biol\u00f2gic percolador de dues fases (2P-BTK). <\/li><li><strong>Minimitzar el consum d&#8217;energia<\/strong>: en concentrar els COV, l&#8217;aire a tractar es redueix fins a deu vegades, fet que permet reduir el consum d&#8217;energia t\u00e8rmica del RTO un 90 % i el consum d&#8217;energia el\u00e8ctrica en els sistemes biol\u00f2gics un 45 %, en comparaci\u00f3 amb els sistemes convencionals.<\/li><li><strong>Optimitzar els costos operatius<\/strong>: alhora, es pret\u00e9n reduir els costos operatius dels processos de tractament d&#8217;aire un 82 % per al RTO i un 94 % per als sistemes biol\u00f2gics, fet que els fa m\u00e9s sostenibles econ\u00f2micament a llarg termini.<\/li><li><strong>Reduir la petjada de carboni<\/strong>: amb una reducci\u00f3 estimada del 90 % en les emissions de CO<sub>2<\/sub> del RTO i del 45 % en els sistemes biol\u00f2gics, el projecte contribuir\u00e0 significativament a la lluita contra el canvi clim\u00e0tic.<\/li><\/ol>\n\n\n\n<p><strong>Implementaci\u00f3 i demostraci\u00f3<\/strong><\/p>\n\n\n\n<p>La demostraci\u00f3 de la soluci\u00f3 LIFE ABATE s&#8217;iniciar\u00e0 a l&#8217;<a href=\"https:\/\/www.amb.cat\/es\/web\/medi-ambient\/residus\/instalacions-i-equipaments\/detall\/-\/equipament\/ecoparc-3-sant-adria-de-besos\/352986\/11818?_EquipamentSearchListPortlet_WAR_AMBSearchPortletportlet_pageNum=1&amp;_EquipamentSearchListPortlet_WAR_AMBSearchPortletportlet_subambit=medi_ambient.residus_ecoparc&amp;_EquipamentSearchListPortlet_WAR_AMBSearchPortletportlet_detailBackURL=https%3A%2F%2Fwww.amb.cat%2Fes%2Fweb%2Fmedi-ambient%2Fresidus%2Finstalacions-i-equipaments%2Fllistat&amp;_EquipamentSearchListPortlet_WAR_AMBSearchPortletportlet_type=medi_ambient.residus_ecoparc\">Ecoparc 3<\/a>, a Sant Adri\u00e0 de Bes\u00f2s (Barcelona), una planta de TMB que tracta aproximadament 192.000 tones de residus municipals anualment. Despr\u00e9s, el sistema es traslladar\u00e0 al centre de tractament de residus <a href=\"https:\/\/www.madrid.es\/portales\/munimadrid\/es\/Inicio\/El-Ayuntamiento\/Parque-Tecnologico-de-Valdemingomez\/Informacion-relativa-al-Parque\/Centros-de-Tratamiento\/Centro-de-Las-Dehesas\/Centro-de-Tratamiento-Las-Dehesas\/?vgnextoid=6e8cd4ca95518210VgnVCM2000000c205a0aRCRD&amp;vgnextchannel=5cb9dc186a865210VgnVCM1000000b205a0aRCRD\">Las Dehesas<\/a>, a Madrid.<\/p>\n\n\n\n<figure class=\"wp-block-image size-large\"><img width=\"1024\" height=\"442\" src=\"https:\/\/blogs.amb.cat\/residus\/wp-content\/uploads\/sites\/15\/2024\/07\/ABATE_Esquema_CAT-1024x442.jpg\" alt=\"\" class=\"wp-image-506\" srcset=\"https:\/\/blogs.amb.cat\/residus\/wp-content\/uploads\/sites\/15\/2024\/07\/ABATE_Esquema_CAT-1024x442.jpg 1024w, https:\/\/blogs.amb.cat\/residus\/wp-content\/uploads\/sites\/15\/2024\/07\/ABATE_Esquema_CAT-300x129.jpg 300w, https:\/\/blogs.amb.cat\/residus\/wp-content\/uploads\/sites\/15\/2024\/07\/ABATE_Esquema_CAT-768x331.jpg 768w, https:\/\/blogs.amb.cat\/residus\/wp-content\/uploads\/sites\/15\/2024\/07\/ABATE_Esquema_CAT-1536x662.jpg 1536w, https:\/\/blogs.amb.cat\/residus\/wp-content\/uploads\/sites\/15\/2024\/07\/ABATE_Esquema_CAT.jpg 1600w\" sizes=\"(max-width: 1024px) 100vw, 1024px\" \/><figcaption>Imatge 1. Esquema de la soluci\u00f3 LIFE ABATE<\/figcaption><\/figure>\n\n\n\n<p><strong>Conclusi\u00f3<\/strong><\/p>\n\n\n\n<p>Amb LIFE ABATE, es pret\u00e9n estar al capdavant de la innovaci\u00f3 en la gesti\u00f3 de residus, i assolir no nom\u00e9s objectius mediambientals m\u00e9s estrictes sin\u00f3 tamb\u00e9 millorar la sostenibilitat de la gesti\u00f3 de residus a Europa. El projecte representa tant un aven\u00e7 tecnol\u00f2gic com un comprom\u00eds ferm per a un futur m\u00e9s net i saludable per a les generacions futures.<\/p>\n\n\n\n<p>Per a m\u00e9s informaci\u00f3, visiteu el <a href=\"http:\/\/lifeabate.amb.cat\">web<\/a> del projecte LIFE ABATE o el portal oficial del programa LIFE de la Comissi\u00f3 Europea.<\/p>\n","protected":false},"excerpt":{"rendered":"<p>Barcelona, 15 d&#8217;octubre del 2023. Es presenta el projecte LIFE ABATE, una iniciativa innovadora cofinan\u00e7ada per la Comissi\u00f3 Europea mitjan\u00e7ant el programa LIFE, que t\u00e9 com a objectiu principal reduir les emissions de compostos org\u00e0nics vol\u00e0tils (COV) i el consum d&#8217;energia en les plantes de tractament mecanicobiol\u00f2gic (TMB) de residus municipals a la Uni\u00f3 Europea. [&hellip;]<\/p>\n","protected":false},"author":42,"featured_media":504,"comment_status":"closed","ping_status":"open","sticky":false,"template":"","format":"standard","meta":{"_oasis_is_in_workflow":0,"_oasis_original":0,"ngg_post_thumbnail":0},"categories":[1,18,50,91],"tags":[47],"_links":{"self":[{"href":"https:\/\/blogs.amb.cat\/residus\/wp-json\/wp\/v2\/posts\/503"}],"collection":[{"href":"https:\/\/blogs.amb.cat\/residus\/wp-json\/wp\/v2\/posts"}],"about":[{"href":"https:\/\/blogs.amb.cat\/residus\/wp-json\/wp\/v2\/types\/post"}],"author":[{"embeddable":true,"href":"https:\/\/blogs.amb.cat\/residus\/wp-json\/wp\/v2\/users\/42"}],"replies":[{"embeddable":true,"href":"https:\/\/blogs.amb.cat\/residus\/wp-json\/wp\/v2\/comments?post=503"}],"version-history":[{"count":11,"href":"https:\/\/blogs.amb.cat\/residus\/wp-json\/wp\/v2\/posts\/503\/revisions"}],"predecessor-version":[{"id":532,"href":"https:\/\/blogs.amb.cat\/residus\/wp-json\/wp\/v2\/posts\/503\/revisions\/532"}],"wp:featuredmedia":[{"embeddable":true,"href":"https:\/\/blogs.amb.cat\/residus\/wp-json\/wp\/v2\/media\/504"}],"wp:attachment":[{"href":"https:\/\/blogs.amb.cat\/residus\/wp-json\/wp\/v2\/media?parent=503"}],"wp:term":[{"taxonomy":"category","embeddable":true,"href":"https:\/\/blogs.amb.cat\/residus\/wp-json\/wp\/v2\/categories?post=503"},{"taxonomy":"post_tag","embeddable":true,"href":"https:\/\/blogs.amb.cat\/residus\/wp-json\/wp\/v2\/tags?post=503"}],"curies":[{"name":"wp","href":"https:\/\/api.w.org\/{rel}","templated":true}]}}