
 







{"id":32,"count":14,"description":"\r\n\r\n<strong>2a Edici\u00f3 2017 - 2018: Els drets de les persones refugiades i el medi ambient<\/strong>\r\nEn aquesta segona edici\u00f3, volem fer una aposta per treballar en la <strong>relaci\u00f3 del dret d\u2019asil, el dret al medi ambient, el dret a la salut i el dret a la ciutat<\/strong>. Per fer-ho, \u00e9s important reflexionar sobre l\u2019aparici\u00f3 de noves situacions ambientals i els seus efectes arrel de l\u2019arribada de persones refugiades que fugen de conflictes armats a les platges de Gr\u00e8cia o a camps de persones refugiades del L\u00edban. L\u2019acumulaci\u00f3 d\u2019armilles i bots salvavides a les platges o la dif\u00edcil gesti\u00f3 dels subministraments b\u00e0sics a molts municipis s\u00f3n grans reptes en via de resoluci\u00f3.\r\n\r\nDins d\u2019aquest marc, tamb\u00e9 \u00e9s interessant de valorar les soluciones imaginatives que s\u2019aporten des de la societat civil, aix\u00ed com nous mecanismes de gesti\u00f3 des de les institucions. Per poder fer un an\u00e0lisi complet sobre la tem\u00e0tica, creiem important <strong>relacionar una mirada global amb una mirada local de les problem\u00e0tiques existents<\/strong>.\r\n\r\nFinalment, en aquest context, tamb\u00e9 volem fer una relaci\u00f3 sobre quines deixalles generem i com les gestionem en els nostres municipis metropolitans i quines deixalles es generen i com es gestionen en un camp de persones refugiades al L\u00edban o a la illa de Lesbos (Gr\u00e8cia). El fet de poder ser capa\u00e7 d\u2019analitzar una problem\u00e0tica que succeeix al teu municipi i relacionar-ho amb un conflicte global, \u00e9s de vital import\u00e0ncia per a descobrir les causes i conseq\u00fc\u00e8ncies de moltes pol\u00edtiques que es realitzen.\r\n\r\n<strong>1a Edici\u00f3 2016-2017: Els drets de les persones refugiades<\/strong>\r\n\r\nEnguany, compromesos amb la crisi de la Mediterr\u00e0nia, el programa es focalitza en els drets humans dels refugiats.\r\n\r\nEl conflicte b\u00e8l\u00b7lic de S\u00edria, iniciat el 2011, ha provocat 7,6 milions de persones despla\u00e7ades internes i 4 milions de refugiades, segons dades de l'<a href=\"https:\/\/eacnur.org\/es?gclid=CNHjqYrIztICFU5uGwody8EKSw\">ACNUR<\/a>. D\u2019aquestes, la majoria s\u2019han quedat en pa\u00efsos fronterers com Turquia o el L\u00edban, on sobreviuen en camps o assentaments amb l\u2019esperan\u00e7a de tornar a les seves llars. La resta han empr\u00e8s un viatge m\u00e9s llarg i ple de riscos per terra o travessant el Mediterrani.\r\n\u00a0<a href=\"https:\/\/blogs.amb.cat\/tenimdrets\/wp-content\/uploads\/sites\/4\/2017\/06\/20170515_cloenda-tenim-drets.jpg\"><\/a>\r\n\u00a0Des dels municipis podem contribuir a garantir els drets humans. Ens sentim compromesos amb la crisi dels refugiats i volem actuar des del nostre territori.\r\nPer aix\u00f2 estem desenvolupant activitats i tallers de conscienciaci\u00f3 i sensibilitzaci\u00f3 per a totes les edats, en els municipis metropolitans. L'objectiu \u00e9s promoure la consci\u00e8ncia cr\u00edtica i el comprom\u00eds de la ciutadania envers les desigualtats i els conflictes globals, per afavorir la transformaci\u00f3 social.","link":"https:\/\/blogs.amb.cat\/tenimdrets\/ca\/category\/edicions\/","name":"Edicions anteriors","slug":"edicions","taxonomy":"category","parent":0,"meta":[],"_links":{"self":[{"href":"https:\/\/blogs.amb.cat\/tenimdrets\/wp-json\/wp\/v2\/categories\/32"}],"collection":[{"href":"https:\/\/blogs.amb.cat\/tenimdrets\/wp-json\/wp\/v2\/categories"}],"about":[{"href":"https:\/\/blogs.amb.cat\/tenimdrets\/wp-json\/wp\/v2\/taxonomies\/category"}],"wp:post_type":[{"href":"https:\/\/blogs.amb.cat\/tenimdrets\/wp-json\/wp\/v2\/posts?categories=32"}],"curies":[{"name":"wp","href":"https:\/\/api.w.org\/{rel}","templated":true}]}}