
 







{"id":1065,"date":"2019-02-23T10:14:45","date_gmt":"2019-02-23T10:14:45","guid":{"rendered":"http:\/\/blogs.amb.cat\/tenimdrets\/?p=1065"},"modified":"2020-12-15T12:50:16","modified_gmt":"2020-12-15T12:50:16","slug":"begues-amb-les-persones-refugiades","status":"publish","type":"post","link":"https:\/\/blogs.amb.cat\/tenimdrets\/ca\/2019\/02\/23\/begues-amb-les-persones-refugiades\/","title":{"rendered":"Begues amb les persones refugiades"},"content":{"rendered":"<p>El passat dissabte 23 de Febrer <strong>Begues<\/strong> va obrir les portes del municipi per fer un Acte al carrer per parlar sobre la situaci\u00f3 de vulneraci\u00f3 dels Drets de les Persones Refugiades en relaci\u00f3 a les diverses activitats que el municipi ha fet conjuntament amb el programa del Tenim Drets Teixim Llibertats.<\/p>\n<p>L&#8217;acte es va fer al Passeig de l&#8217;esgl\u00e9sia on es va instal\u00b7lar una carpa informativa del projecte de Begues amb el L\u00edban juntament amb una exposici\u00f3 dels treballs realitzats pels diferents col\u00b7lectius participants en el programa del Tenim Drets Teixim Llibertats.<br \/>\nUna taula rodona va obrir la discussi\u00f3 sobre la situaci\u00f3 de les Persones Refugiades amb la participaci\u00f3 significativa d&#8217;un dels joves residents a la Casa d&#8217;acollida de Begues que ens va explica les seves experi\u00e8ncies com a persona refugiada.<\/p>\n<p>L&#8217;acte va culminar amb l&#8217;actuaci\u00f3 dels Timbalers de Begues.<\/p>\n<p style=\"text-align: center\"><a href=\"https:\/\/blogs.amb.cat\/tenimdrets\/wp-content\/uploads\/sites\/4\/2019\/03\/MG_7099...jpg\"><img class=\"alignnone size-medium wp-image-1067\" src=\"https:\/\/blogs.amb.cat\/tenimdrets\/wp-content\/uploads\/sites\/4\/2019\/03\/MG_7099..-300x200.jpg\" alt=\"_MG_7099..\" width=\"300\" height=\"200\" srcset=\"https:\/\/blogs.amb.cat\/tenimdrets\/wp-content\/uploads\/sites\/4\/2019\/03\/MG_7099..-300x200.jpg 300w, https:\/\/blogs.amb.cat\/tenimdrets\/wp-content\/uploads\/sites\/4\/2019\/03\/MG_7099..-1024x683.jpg 1024w\" sizes=\"(max-width: 300px) 100vw, 300px\" \/><\/a> <a href=\"https:\/\/blogs.amb.cat\/tenimdrets\/wp-content\/uploads\/sites\/4\/2019\/03\/MG_7122....jpg\"><img class=\"alignnone size-medium wp-image-1068\" src=\"https:\/\/blogs.amb.cat\/tenimdrets\/wp-content\/uploads\/sites\/4\/2019\/03\/MG_7122...-300x200.jpg\" alt=\"_MG_7122...\" width=\"300\" height=\"200\" srcset=\"https:\/\/blogs.amb.cat\/tenimdrets\/wp-content\/uploads\/sites\/4\/2019\/03\/MG_7122...-300x200.jpg 300w, https:\/\/blogs.amb.cat\/tenimdrets\/wp-content\/uploads\/sites\/4\/2019\/03\/MG_7122...-1024x683.jpg 1024w\" sizes=\"(max-width: 300px) 100vw, 300px\" \/><\/a> <a href=\"https:\/\/blogs.amb.cat\/tenimdrets\/wp-content\/uploads\/sites\/4\/2019\/03\/MG_7157.jpg\"><img class=\"alignnone size-medium wp-image-1069\" src=\"https:\/\/blogs.amb.cat\/tenimdrets\/wp-content\/uploads\/sites\/4\/2019\/03\/MG_7157-300x200.jpg\" alt=\"_MG_7157\" width=\"300\" height=\"200\" srcset=\"https:\/\/blogs.amb.cat\/tenimdrets\/wp-content\/uploads\/sites\/4\/2019\/03\/MG_7157-300x200.jpg 300w, https:\/\/blogs.amb.cat\/tenimdrets\/wp-content\/uploads\/sites\/4\/2019\/03\/MG_7157-1024x683.jpg 1024w\" sizes=\"(max-width: 300px) 100vw, 300px\" \/><\/a> <a href=\"https:\/\/blogs.amb.cat\/tenimdrets\/wp-content\/uploads\/sites\/4\/2019\/03\/MG_7162.jpg\"><img class=\"alignnone size-medium wp-image-1070\" src=\"https:\/\/blogs.amb.cat\/tenimdrets\/wp-content\/uploads\/sites\/4\/2019\/03\/MG_7162-300x200.jpg\" alt=\"_MG_7162\" width=\"300\" height=\"200\" srcset=\"https:\/\/blogs.amb.cat\/tenimdrets\/wp-content\/uploads\/sites\/4\/2019\/03\/MG_7162-300x200.jpg 300w, https:\/\/blogs.amb.cat\/tenimdrets\/wp-content\/uploads\/sites\/4\/2019\/03\/MG_7162-1024x683.jpg 1024w\" sizes=\"(max-width: 300px) 100vw, 300px\" \/><\/a> <a href=\"https:\/\/blogs.amb.cat\/tenimdrets\/wp-content\/uploads\/sites\/4\/2019\/03\/MG_7108....jpg\"><img class=\"alignnone size-medium wp-image-1071\" src=\"https:\/\/blogs.amb.cat\/tenimdrets\/wp-content\/uploads\/sites\/4\/2019\/03\/MG_7108...-300x200.jpg\" alt=\"_MG_7108...\" width=\"300\" height=\"200\" srcset=\"https:\/\/blogs.amb.cat\/tenimdrets\/wp-content\/uploads\/sites\/4\/2019\/03\/MG_7108...-300x200.jpg 300w, https:\/\/blogs.amb.cat\/tenimdrets\/wp-content\/uploads\/sites\/4\/2019\/03\/MG_7108...-1024x683.jpg 1024w\" sizes=\"(max-width: 300px) 100vw, 300px\" \/><\/a><\/p>\n","protected":false},"excerpt":{"rendered":"<p>El passat dissabte 23 de Febrer Begues va obrir les portes del municipi per fer un Acte al carrer per parlar sobre la situaci\u00f3 de vulneraci\u00f3 dels Drets de les Persones Refugiades en relaci\u00f3 a les diverses activitats que el municipi ha fet conjuntament amb el programa del Tenim Drets Teixim Llibertats. L&#8217;acte es va [&hellip;]<\/p>\n","protected":false},"author":11,"featured_media":1066,"comment_status":"closed","ping_status":"open","sticky":false,"template":"","format":"standard","meta":{"_oasis_is_in_workflow":0,"_oasis_original":0,"ngg_post_thumbnail":0},"categories":[1],"tags":[36,10,52,26,8],"_links":{"self":[{"href":"https:\/\/blogs.amb.cat\/tenimdrets\/wp-json\/wp\/v2\/posts\/1065"}],"collection":[{"href":"https:\/\/blogs.amb.cat\/tenimdrets\/wp-json\/wp\/v2\/posts"}],"about":[{"href":"https:\/\/blogs.amb.cat\/tenimdrets\/wp-json\/wp\/v2\/types\/post"}],"author":[{"embeddable":true,"href":"https:\/\/blogs.amb.cat\/tenimdrets\/wp-json\/wp\/v2\/users\/11"}],"replies":[{"embeddable":true,"href":"https:\/\/blogs.amb.cat\/tenimdrets\/wp-json\/wp\/v2\/comments?post=1065"}],"version-history":[{"count":1,"href":"https:\/\/blogs.amb.cat\/tenimdrets\/wp-json\/wp\/v2\/posts\/1065\/revisions"}],"predecessor-version":[{"id":1072,"href":"https:\/\/blogs.amb.cat\/tenimdrets\/wp-json\/wp\/v2\/posts\/1065\/revisions\/1072"}],"wp:featuredmedia":[{"embeddable":true,"href":"https:\/\/blogs.amb.cat\/tenimdrets\/wp-json\/wp\/v2\/media\/1066"}],"wp:attachment":[{"href":"https:\/\/blogs.amb.cat\/tenimdrets\/wp-json\/wp\/v2\/media?parent=1065"}],"wp:term":[{"taxonomy":"category","embeddable":true,"href":"https:\/\/blogs.amb.cat\/tenimdrets\/wp-json\/wp\/v2\/categories?post=1065"},{"taxonomy":"post_tag","embeddable":true,"href":"https:\/\/blogs.amb.cat\/tenimdrets\/wp-json\/wp\/v2\/tags?post=1065"}],"curies":[{"name":"wp","href":"https:\/\/api.w.org\/{rel}","templated":true}]}}