
 







{"id":12,"date":"2016-10-28T11:15:40","date_gmt":"2016-10-28T11:15:40","guid":{"rendered":"http:\/\/blogs.amb.cat\/tenimdrets\/?p=12"},"modified":"2020-12-15T12:50:28","modified_gmt":"2020-12-15T12:50:28","slug":"benvinguts-al-blog-tenim-drets-teixim-llibertats","status":"publish","type":"post","link":"https:\/\/blogs.amb.cat\/tenimdrets\/ca\/2016\/10\/28\/benvinguts-al-blog-tenim-drets-teixim-llibertats\/","title":{"rendered":"Benvinguts al blog Tenim Drets, Teixim Llibertats!"},"content":{"rendered":"<p>A l\u2019\u00c0rea d\u2019Internacional i de Cooperaci\u00f3 de l\u2019AMB posem en funcionament aquest programa amb el prop\u00f2sit de promoure el coneixement i la defensa dels drets\u00a0 humans des dels municipis metropolitans. La idea \u00e9s fomentar la consci\u00e8ncia cr\u00edtica i el comprom\u00eds de la ciutadania per a la transformaci\u00f3 social.<\/p>\n<p>El programa neix de la voluntat de treballar de manera conjunta i coordinada en educaci\u00f3 per la just\u00edcia global amb els municipis m\u00e9s petits de l&#8217;\u00e0rea metropolitana de Barcelona: Begues, Cervell\u00f3, el Papiol, la Palma de Cervell\u00f3, Sant Climent de Llobregat, Santa Coloma de Cervell\u00f3 i Torrelles de Llobregat.<\/p>\n<p>El projecte s\u2019ha elaborat a trav\u00e9s d\u2019un proc\u00e9s participatiu de treball on participem els equips pol\u00edtics i t\u00e8cnics dels ajuntaments i l&#8217;\u00e0rea de de Cooperaci\u00f3 de l\u2019AMB, iniciat a finals d\u2019octubre de 2016.<\/p>\n<p>Conscients de la situaci\u00f3 que es viu a la Mediterr\u00e0nia i la necessitat de reflexionar i actuar des del m\u00f3n local, vam decidir dedicar aquesta 1a edici\u00f3 als drets humans dels refugiats.<\/p>\n<p>De manera participativa vam anar decidint el format de les activitats i tallers que vol\u00edem treballar als municipis, per tal d\u2019arribar a un gran nombre de persones i grups (infants, joves, adults, grups de dones, persones de diferents or\u00edgens, etc.).<\/p>\n<p>Per tal de convertir les reflexions i mirades en missatges i reivindicacions, es va proposar que cada municipi elabor\u00e9s un llen\u00e7ol col\u00b7lectiu on els participants poguessin expressar-se a trav\u00e9s del dibuix, la pintura, l\u2019escriptura, el collage o la costura.\u00a0 Els set llen\u00e7ols (un per municipi) s\u2019acabaran unint en un acte final a Barcelona.<\/p>\n<p>&nbsp;<\/p>\n<p>&nbsp;<\/p>\n<p><a href=\"https:\/\/blogs.amb.cat\/tenimdrets\/wp-content\/uploads\/sites\/4\/2017\/01\/inici-projecte2.jpg\"><img class=\" size-medium wp-image-106 alignleft\" src=\"https:\/\/blogs.amb.cat\/tenimdrets\/wp-content\/uploads\/sites\/4\/2017\/01\/inici-projecte2-300x225.jpg\" alt=\"inici projecte2\" width=\"300\" height=\"225\" srcset=\"https:\/\/blogs.amb.cat\/tenimdrets\/wp-content\/uploads\/sites\/4\/2017\/01\/inici-projecte2-300x225.jpg 300w, https:\/\/blogs.amb.cat\/tenimdrets\/wp-content\/uploads\/sites\/4\/2017\/01\/inici-projecte2.jpg 609w\" sizes=\"(max-width: 300px) 100vw, 300px\" \/><\/a>\u00a0<a href=\"https:\/\/blogs.amb.cat\/tenimdrets\/wp-content\/uploads\/sites\/4\/2017\/01\/inici-projecte.jpg\"><img class=\" size-medium wp-image-105 alignnone\" src=\"https:\/\/blogs.amb.cat\/tenimdrets\/wp-content\/uploads\/sites\/4\/2017\/01\/inici-projecte-300x225.jpg\" alt=\"inici projecte\" width=\"300\" height=\"225\" srcset=\"https:\/\/blogs.amb.cat\/tenimdrets\/wp-content\/uploads\/sites\/4\/2017\/01\/inici-projecte-300x225.jpg 300w, https:\/\/blogs.amb.cat\/tenimdrets\/wp-content\/uploads\/sites\/4\/2017\/01\/inici-projecte.jpg 609w\" sizes=\"(max-width: 300px) 100vw, 300px\" \/><\/a><\/p>\n","protected":false},"excerpt":{"rendered":"<p>A l\u2019\u00c0rea d\u2019Internacional i de Cooperaci\u00f3 de l\u2019AMB posem en funcionament aquest programa amb el prop\u00f2sit de promoure el coneixement i la defensa dels drets\u00a0 humans des dels municipis metropolitans. La idea \u00e9s fomentar la consci\u00e8ncia cr\u00edtica i el comprom\u00eds de la ciutadania per a la transformaci\u00f3 social. El programa neix de la voluntat de [&hellip;]<\/p>\n","protected":false},"author":1,"featured_media":277,"comment_status":"closed","ping_status":"open","sticky":false,"template":"","format":"standard","meta":{"_oasis_is_in_workflow":0,"_oasis_original":0,"ngg_post_thumbnail":0},"categories":[32],"tags":[10,12,8,14,16,18,20,22],"_links":{"self":[{"href":"https:\/\/blogs.amb.cat\/tenimdrets\/wp-json\/wp\/v2\/posts\/12"}],"collection":[{"href":"https:\/\/blogs.amb.cat\/tenimdrets\/wp-json\/wp\/v2\/posts"}],"about":[{"href":"https:\/\/blogs.amb.cat\/tenimdrets\/wp-json\/wp\/v2\/types\/post"}],"author":[{"embeddable":true,"href":"https:\/\/blogs.amb.cat\/tenimdrets\/wp-json\/wp\/v2\/users\/1"}],"replies":[{"embeddable":true,"href":"https:\/\/blogs.amb.cat\/tenimdrets\/wp-json\/wp\/v2\/comments?post=12"}],"version-history":[{"count":6,"href":"https:\/\/blogs.amb.cat\/tenimdrets\/wp-json\/wp\/v2\/posts\/12\/revisions"}],"predecessor-version":[{"id":50,"href":"https:\/\/blogs.amb.cat\/tenimdrets\/wp-json\/wp\/v2\/posts\/12\/revisions\/50"}],"wp:featuredmedia":[{"embeddable":true,"href":"https:\/\/blogs.amb.cat\/tenimdrets\/wp-json\/wp\/v2\/media\/277"}],"wp:attachment":[{"href":"https:\/\/blogs.amb.cat\/tenimdrets\/wp-json\/wp\/v2\/media?parent=12"}],"wp:term":[{"taxonomy":"category","embeddable":true,"href":"https:\/\/blogs.amb.cat\/tenimdrets\/wp-json\/wp\/v2\/categories?post=12"},{"taxonomy":"post_tag","embeddable":true,"href":"https:\/\/blogs.amb.cat\/tenimdrets\/wp-json\/wp\/v2\/tags?post=12"}],"curies":[{"name":"wp","href":"https:\/\/api.w.org\/{rel}","templated":true}]}}