
 







{"id":278,"date":"2017-04-25T10:33:27","date_gmt":"2017-04-25T10:33:27","guid":{"rendered":"http:\/\/blogs.amb.cat\/tenimdrets\/?p=278"},"modified":"2020-12-15T12:50:28","modified_gmt":"2020-12-15T12:50:28","slug":"santa-coloma-de-cervello-pels-drets-humans","status":"publish","type":"post","link":"https:\/\/blogs.amb.cat\/tenimdrets\/ca\/2017\/04\/25\/santa-coloma-de-cervello-pels-drets-humans\/","title":{"rendered":"Santa Coloma de Cervell\u00f3 pels drets humans"},"content":{"rendered":"<p>A l\u2019abril vam dur a terme activitats a Santa Coloma de Cervell\u00f3. D\u2019una banda, el dia 19 vam fer un taller de reflexi\u00f3 entorn dels drets humans, els refugiats i la relaci\u00f3 amb la nostra pr\u00f2pia hist\u00f2ria, amb un grup d\u2019avis del Casal de Gent Gran de la Col\u00f2nia G\u00fcell. El taller ens va servir per passar tots els sentiments i aportacions que van sorgir a les teles, on vam dibuixar, escriure i enganxar tot el que hav\u00edem compartit.<\/p>\n<p>D&#8217;altra banda, el dia 21 al Consell d\u2019Infants vam fer una activitat oberta a tothom, que va ser presentada per la regidora de Cooperaci\u00f3, en qual vam unir les diferents mantes del municipi. Va ser especialment bonic presenciar l\u2019apropament de la gent del poble que no havia participat en les activitats i la nova aportaci\u00f3 de reflexions que es va generar al voltant dels refugiats a la Mediterr\u00e0nia.<\/p>\n<p>&nbsp;<\/p>\n<p><a href=\"https:\/\/blogs.amb.cat\/tenimdrets\/wp-content\/uploads\/sites\/4\/2017\/04\/20170419_180646.jpg\"><img class=\"alignnone size-medium wp-image-287\" src=\"https:\/\/blogs.amb.cat\/tenimdrets\/wp-content\/uploads\/sites\/4\/2017\/04\/20170419_180646-300x169.jpg\" alt=\"20170419_180646\" width=\"300\" height=\"169\" srcset=\"https:\/\/blogs.amb.cat\/tenimdrets\/wp-content\/uploads\/sites\/4\/2017\/04\/20170419_180646-300x169.jpg 300w, https:\/\/blogs.amb.cat\/tenimdrets\/wp-content\/uploads\/sites\/4\/2017\/04\/20170419_180646-1024x576.jpg 1024w\" sizes=\"(max-width: 300px) 100vw, 300px\" \/><\/a> <a href=\"https:\/\/blogs.amb.cat\/tenimdrets\/wp-content\/uploads\/sites\/4\/2017\/04\/20170419_200258.jpg\"><img class=\"alignnone size-medium wp-image-288\" src=\"https:\/\/blogs.amb.cat\/tenimdrets\/wp-content\/uploads\/sites\/4\/2017\/04\/20170419_200258-300x169.jpg\" alt=\"20170419_200258\" width=\"300\" height=\"169\" srcset=\"https:\/\/blogs.amb.cat\/tenimdrets\/wp-content\/uploads\/sites\/4\/2017\/04\/20170419_200258-300x169.jpg 300w, https:\/\/blogs.amb.cat\/tenimdrets\/wp-content\/uploads\/sites\/4\/2017\/04\/20170419_200258-1024x576.jpg 1024w\" sizes=\"(max-width: 300px) 100vw, 300px\" \/><\/a> <a href=\"https:\/\/blogs.amb.cat\/tenimdrets\/wp-content\/uploads\/sites\/4\/2017\/04\/20170421_182651.jpg\"><img class=\"alignnone size-medium wp-image-290\" src=\"https:\/\/blogs.amb.cat\/tenimdrets\/wp-content\/uploads\/sites\/4\/2017\/04\/20170421_182651-300x169.jpg\" alt=\"20170421_182651\" width=\"300\" height=\"169\" srcset=\"https:\/\/blogs.amb.cat\/tenimdrets\/wp-content\/uploads\/sites\/4\/2017\/04\/20170421_182651-300x169.jpg 300w, https:\/\/blogs.amb.cat\/tenimdrets\/wp-content\/uploads\/sites\/4\/2017\/04\/20170421_182651-1024x576.jpg 1024w\" sizes=\"(max-width: 300px) 100vw, 300px\" \/><\/a><\/p>\n","protected":false},"excerpt":{"rendered":"<p>A l\u2019abril vam dur a terme activitats a Santa Coloma de Cervell\u00f3. D\u2019una banda, el dia 19 vam fer un taller de reflexi\u00f3 entorn dels drets humans, els refugiats i la relaci\u00f3 amb la nostra pr\u00f2pia hist\u00f2ria, amb un grup d\u2019avis del Casal de Gent Gran de la Col\u00f2nia G\u00fcell. El taller ens va servir [&hellip;]<\/p>\n","protected":false},"author":11,"featured_media":291,"comment_status":"closed","ping_status":"open","sticky":false,"template":"","format":"standard","meta":{"_oasis_is_in_workflow":0,"_oasis_original":0,"ngg_post_thumbnail":0},"categories":[32],"tags":[],"_links":{"self":[{"href":"https:\/\/blogs.amb.cat\/tenimdrets\/wp-json\/wp\/v2\/posts\/278"}],"collection":[{"href":"https:\/\/blogs.amb.cat\/tenimdrets\/wp-json\/wp\/v2\/posts"}],"about":[{"href":"https:\/\/blogs.amb.cat\/tenimdrets\/wp-json\/wp\/v2\/types\/post"}],"author":[{"embeddable":true,"href":"https:\/\/blogs.amb.cat\/tenimdrets\/wp-json\/wp\/v2\/users\/11"}],"replies":[{"embeddable":true,"href":"https:\/\/blogs.amb.cat\/tenimdrets\/wp-json\/wp\/v2\/comments?post=278"}],"version-history":[{"count":5,"href":"https:\/\/blogs.amb.cat\/tenimdrets\/wp-json\/wp\/v2\/posts\/278\/revisions"}],"predecessor-version":[{"id":323,"href":"https:\/\/blogs.amb.cat\/tenimdrets\/wp-json\/wp\/v2\/posts\/278\/revisions\/323"}],"wp:featuredmedia":[{"embeddable":true,"href":"https:\/\/blogs.amb.cat\/tenimdrets\/wp-json\/wp\/v2\/media\/291"}],"wp:attachment":[{"href":"https:\/\/blogs.amb.cat\/tenimdrets\/wp-json\/wp\/v2\/media?parent=278"}],"wp:term":[{"taxonomy":"category","embeddable":true,"href":"https:\/\/blogs.amb.cat\/tenimdrets\/wp-json\/wp\/v2\/categories?post=278"},{"taxonomy":"post_tag","embeddable":true,"href":"https:\/\/blogs.amb.cat\/tenimdrets\/wp-json\/wp\/v2\/tags?post=278"}],"curies":[{"name":"wp","href":"https:\/\/api.w.org\/{rel}","templated":true}]}}