
 







{"id":571,"date":"2018-03-21T10:37:43","date_gmt":"2018-03-21T10:37:43","guid":{"rendered":"http:\/\/blogs.amb.cat\/tenimdrets\/?p=571"},"modified":"2020-12-15T12:50:23","modified_gmt":"2020-12-15T12:50:23","slug":"el-col%c2%b7legi-de-la-salle-de-montcada-simplica-amb-els-drets-de-les-persones-refugiades","status":"publish","type":"post","link":"https:\/\/blogs.amb.cat\/tenimdrets\/ca\/2018\/03\/21\/el-col%c2%b7legi-de-la-salle-de-montcada-simplica-amb-els-drets-de-les-persones-refugiades\/","title":{"rendered":"El Col\u00b7legi de la Salle de Montcada s&#8217;implica amb els drets de les persones refugiades"},"content":{"rendered":"<p>Un grup d&#8217;aprenentatge i servei de 4t ESO del <strong>Col\u00b7legi de la Salle de Montcada i Reixac<\/strong> ha participat tamb\u00e9 als tallers del programa Tenim Drets, Teixim Llibertats. La sessi\u00f3 va iniciar-se amb el recurs: Aix\u00f2 no \u00e9s un joc on v\u00e0rem reflexionar de forma conjunta sobre els drets de les persones refugiades i la sostenibilitat ambiental.<\/p>\n<p>La segona part del taller va consistir en la <strong>creaci\u00f3 d&#8217;un v\u00eddeo de difusi\u00f3<\/strong> de l&#8217;acte que es realitzar\u00e0 el dia 5 de maig a la platja de Barcelona. Durant les properes sessions aniran treballant aquest v\u00eddeo. Estarem atents als resultats!!<\/p>\n<p>&nbsp;<\/p>\n<p>&nbsp;<\/p>\n<p style=\"text-align: center\"><a href=\"https:\/\/blogs.amb.cat\/tenimdrets\/wp-content\/uploads\/sites\/4\/2018\/04\/20180309_121904.jpg\"><img class=\"alignnone size-medium wp-image-572\" src=\"https:\/\/blogs.amb.cat\/tenimdrets\/wp-content\/uploads\/sites\/4\/2018\/04\/20180309_121904-300x225.jpg\" alt=\"20180309_121904\" width=\"300\" height=\"225\" srcset=\"https:\/\/blogs.amb.cat\/tenimdrets\/wp-content\/uploads\/sites\/4\/2018\/04\/20180309_121904-300x225.jpg 300w, https:\/\/blogs.amb.cat\/tenimdrets\/wp-content\/uploads\/sites\/4\/2018\/04\/20180309_121904-1024x768.jpg 1024w, https:\/\/blogs.amb.cat\/tenimdrets\/wp-content\/uploads\/sites\/4\/2018\/04\/20180309_121904-640x480.jpg 640w\" sizes=\"(max-width: 300px) 100vw, 300px\" \/><\/a> <a href=\"https:\/\/blogs.amb.cat\/tenimdrets\/wp-content\/uploads\/sites\/4\/2018\/04\/20180309_123724.jpg\"><img class=\"alignnone size-medium wp-image-573\" src=\"https:\/\/blogs.amb.cat\/tenimdrets\/wp-content\/uploads\/sites\/4\/2018\/04\/20180309_123724-300x225.jpg\" alt=\"20180309_123724\" width=\"300\" height=\"225\" srcset=\"https:\/\/blogs.amb.cat\/tenimdrets\/wp-content\/uploads\/sites\/4\/2018\/04\/20180309_123724-300x225.jpg 300w, https:\/\/blogs.amb.cat\/tenimdrets\/wp-content\/uploads\/sites\/4\/2018\/04\/20180309_123724-1024x768.jpg 1024w, https:\/\/blogs.amb.cat\/tenimdrets\/wp-content\/uploads\/sites\/4\/2018\/04\/20180309_123724-640x480.jpg 640w\" sizes=\"(max-width: 300px) 100vw, 300px\" \/><\/a><\/p>\n<p>&nbsp;<\/p>\n<p>&nbsp;<\/p>\n","protected":false},"excerpt":{"rendered":"<p>Un grup d&#8217;aprenentatge i servei de 4t ESO del Col\u00b7legi de la Salle de Montcada i Reixac ha participat tamb\u00e9 als tallers del programa Tenim Drets, Teixim Llibertats. La sessi\u00f3 va iniciar-se amb el recurs: Aix\u00f2 no \u00e9s un joc on v\u00e0rem reflexionar de forma conjunta sobre els drets de les persones refugiades i la [&hellip;]<\/p>\n","protected":false},"author":11,"featured_media":572,"comment_status":"closed","ping_status":"open","sticky":false,"template":"","format":"standard","meta":{"_oasis_is_in_workflow":0,"_oasis_original":0,"ngg_post_thumbnail":0},"categories":[1],"tags":[36,26,8,46,48],"_links":{"self":[{"href":"https:\/\/blogs.amb.cat\/tenimdrets\/wp-json\/wp\/v2\/posts\/571"}],"collection":[{"href":"https:\/\/blogs.amb.cat\/tenimdrets\/wp-json\/wp\/v2\/posts"}],"about":[{"href":"https:\/\/blogs.amb.cat\/tenimdrets\/wp-json\/wp\/v2\/types\/post"}],"author":[{"embeddable":true,"href":"https:\/\/blogs.amb.cat\/tenimdrets\/wp-json\/wp\/v2\/users\/11"}],"replies":[{"embeddable":true,"href":"https:\/\/blogs.amb.cat\/tenimdrets\/wp-json\/wp\/v2\/comments?post=571"}],"version-history":[{"count":3,"href":"https:\/\/blogs.amb.cat\/tenimdrets\/wp-json\/wp\/v2\/posts\/571\/revisions"}],"predecessor-version":[{"id":764,"href":"https:\/\/blogs.amb.cat\/tenimdrets\/wp-json\/wp\/v2\/posts\/571\/revisions\/764"}],"wp:featuredmedia":[{"embeddable":true,"href":"https:\/\/blogs.amb.cat\/tenimdrets\/wp-json\/wp\/v2\/media\/572"}],"wp:attachment":[{"href":"https:\/\/blogs.amb.cat\/tenimdrets\/wp-json\/wp\/v2\/media?parent=571"}],"wp:term":[{"taxonomy":"category","embeddable":true,"href":"https:\/\/blogs.amb.cat\/tenimdrets\/wp-json\/wp\/v2\/categories?post=571"},{"taxonomy":"post_tag","embeddable":true,"href":"https:\/\/blogs.amb.cat\/tenimdrets\/wp-json\/wp\/v2\/tags?post=571"}],"curies":[{"name":"wp","href":"https:\/\/api.w.org\/{rel}","templated":true}]}}