
 







{"id":584,"date":"2018-03-19T11:25:13","date_gmt":"2018-03-19T11:25:13","guid":{"rendered":"http:\/\/blogs.amb.cat\/tenimdrets\/?p=584"},"modified":"2020-12-15T12:50:24","modified_gmt":"2020-12-15T12:50:24","slug":"linstitut-vazquez-montalban-de-sant-adria-ens-presenta-el-seu-video-del-programa","status":"publish","type":"post","link":"https:\/\/blogs.amb.cat\/tenimdrets\/ca\/2018\/03\/19\/linstitut-vazquez-montalban-de-sant-adria-ens-presenta-el-seu-video-del-programa\/","title":{"rendered":"L&#8217;Institut Vazquez Montalban de Sant Adri\u00e0 ens presenta el seu v\u00eddeo del programa"},"content":{"rendered":"<p>Despr\u00e9s d&#8217;unes setmanes d&#8217;aprenentatges, treball i rodatges; el grup de l&#8217;assignatura d&#8217;emprenedoria de l&#8217;Institut Manuel V\u00e1zquez Montalban, ens mostra el v\u00eddeo que ha realitzat de difusi\u00f3 de l&#8217;acte final que es realitzar\u00e0 a Sant Adri\u00e0 el 14 d&#8217;abril. Molt bona feina!<\/p>\n<p><iframe title=\"&quot;Tenim Drets Teixim Llibertats&quot;\" width=\"1170\" height=\"658\" src=\"https:\/\/www.youtube.com\/embed\/Sz8Luh7zqj8?feature=oembed\" frameborder=\"0\" allow=\"accelerometer; autoplay; clipboard-write; encrypted-media; gyroscope; picture-in-picture\" allowfullscreen><\/iframe><\/p>\n","protected":false},"excerpt":{"rendered":"<p>Despr\u00e9s d&#8217;unes setmanes d&#8217;aprenentatges, treball i rodatges; el grup de l&#8217;assignatura d&#8217;emprenedoria de l&#8217;Institut Manuel V\u00e1zquez Montalban, ens mostra el v\u00eddeo que ha realitzat de difusi\u00f3 de l&#8217;acte final que es realitzar\u00e0 a Sant Adri\u00e0 el 14 d&#8217;abril. Molt bona feina!<\/p>\n","protected":false},"author":11,"featured_media":565,"comment_status":"closed","ping_status":"open","sticky":false,"template":"","format":"standard","meta":{"_oasis_is_in_workflow":0,"_oasis_original":0,"ngg_post_thumbnail":0},"categories":[1],"tags":[36,26,8,42,48],"_links":{"self":[{"href":"https:\/\/blogs.amb.cat\/tenimdrets\/wp-json\/wp\/v2\/posts\/584"}],"collection":[{"href":"https:\/\/blogs.amb.cat\/tenimdrets\/wp-json\/wp\/v2\/posts"}],"about":[{"href":"https:\/\/blogs.amb.cat\/tenimdrets\/wp-json\/wp\/v2\/types\/post"}],"author":[{"embeddable":true,"href":"https:\/\/blogs.amb.cat\/tenimdrets\/wp-json\/wp\/v2\/users\/11"}],"replies":[{"embeddable":true,"href":"https:\/\/blogs.amb.cat\/tenimdrets\/wp-json\/wp\/v2\/comments?post=584"}],"version-history":[{"count":1,"href":"https:\/\/blogs.amb.cat\/tenimdrets\/wp-json\/wp\/v2\/posts\/584\/revisions"}],"predecessor-version":[{"id":585,"href":"https:\/\/blogs.amb.cat\/tenimdrets\/wp-json\/wp\/v2\/posts\/584\/revisions\/585"}],"wp:featuredmedia":[{"embeddable":true,"href":"https:\/\/blogs.amb.cat\/tenimdrets\/wp-json\/wp\/v2\/media\/565"}],"wp:attachment":[{"href":"https:\/\/blogs.amb.cat\/tenimdrets\/wp-json\/wp\/v2\/media?parent=584"}],"wp:term":[{"taxonomy":"category","embeddable":true,"href":"https:\/\/blogs.amb.cat\/tenimdrets\/wp-json\/wp\/v2\/categories?post=584"},{"taxonomy":"post_tag","embeddable":true,"href":"https:\/\/blogs.amb.cat\/tenimdrets\/wp-json\/wp\/v2\/tags?post=584"}],"curies":[{"name":"wp","href":"https:\/\/api.w.org\/{rel}","templated":true}]}}