
 







{"id":599,"date":"2018-03-22T11:56:37","date_gmt":"2018-03-22T11:56:37","guid":{"rendered":"http:\/\/blogs.amb.cat\/tenimdrets\/?p=599"},"modified":"2020-12-15T12:50:23","modified_gmt":"2020-12-15T12:50:23","slug":"lescola-de-la-colonia-guell-apren-els-drets-de-les-persones-refugiades-jugant","status":"publish","type":"post","link":"https:\/\/blogs.amb.cat\/tenimdrets\/ca\/2018\/03\/22\/lescola-de-la-colonia-guell-apren-els-drets-de-les-persones-refugiades-jugant\/","title":{"rendered":"L&#8217;Escola de la Col\u00f2nia G\u00fcell apr\u00e8n els drets de les persones refugiades jugant"},"content":{"rendered":"<p>Els cursos de 5\u00e8 de prim\u00e0ria de l&#8217;Escola de la <strong>Col\u00f2nia G\u00fcell de Santa Coloma de Cervell\u00f3<\/strong> han participat del recurs Aix\u00f2 no \u00e9s un joc i dels tallers d&#8217;expressi\u00f3 art\u00edstica del programa Tenim Drets, Teixim Llibertats. Els tallers es varen realitzar en tres sessions separades, una per cada l\u00ednia de l&#8217;escola de 5\u00e8 de Prim\u00e0ria.<\/p>\n<p>El taller va iniciar-se amb una reflexi\u00f3 conjunta sobre els <strong>drets de les persones refugiades i la sostenibilitat ambiental<\/strong> a trav\u00e9s del recurs: Aix\u00f2 no \u00e9s un joc. Realment va sorprendre a l&#8217;alumnat les dificultats que es troben molts nens i nenes refugiades en el recorregut i es va generar for\u00e7a empatia.<\/p>\n<p>Els tallers van finalitzar amb la creaci\u00f3 art\u00edstica de flors a trav\u00e9s d&#8217;ampolles de pl\u00e0stic.<\/p>\n<p style=\"text-align: center\">\u00a0<a href=\"https:\/\/blogs.amb.cat\/tenimdrets\/wp-content\/uploads\/sites\/4\/2018\/03\/IMG_2801.jpg\"><img class=\"alignnone size-medium wp-image-766\" src=\"https:\/\/blogs.amb.cat\/tenimdrets\/wp-content\/uploads\/sites\/4\/2018\/03\/IMG_2801-300x169.jpg\" alt=\"IMG_2801\" width=\"300\" height=\"169\" srcset=\"https:\/\/blogs.amb.cat\/tenimdrets\/wp-content\/uploads\/sites\/4\/2018\/03\/IMG_2801-300x169.jpg 300w, https:\/\/blogs.amb.cat\/tenimdrets\/wp-content\/uploads\/sites\/4\/2018\/03\/IMG_2801-1024x576.jpg 1024w\" sizes=\"(max-width: 300px) 100vw, 300px\" \/><\/a> <a href=\"https:\/\/blogs.amb.cat\/tenimdrets\/wp-content\/uploads\/sites\/4\/2018\/03\/20180320_115127.jpg\"><img class=\"alignnone size-medium wp-image-767\" src=\"https:\/\/blogs.amb.cat\/tenimdrets\/wp-content\/uploads\/sites\/4\/2018\/03\/20180320_115127-300x225.jpg\" alt=\"20180320_115127\" width=\"300\" height=\"225\" srcset=\"https:\/\/blogs.amb.cat\/tenimdrets\/wp-content\/uploads\/sites\/4\/2018\/03\/20180320_115127-300x225.jpg 300w, https:\/\/blogs.amb.cat\/tenimdrets\/wp-content\/uploads\/sites\/4\/2018\/03\/20180320_115127-1024x768.jpg 1024w, https:\/\/blogs.amb.cat\/tenimdrets\/wp-content\/uploads\/sites\/4\/2018\/03\/20180320_115127-640x480.jpg 640w\" sizes=\"(max-width: 300px) 100vw, 300px\" \/><\/a> <a href=\"https:\/\/blogs.amb.cat\/tenimdrets\/wp-content\/uploads\/sites\/4\/2018\/03\/IMG_2898.jpg\"><img class=\"alignnone size-medium wp-image-768\" src=\"https:\/\/blogs.amb.cat\/tenimdrets\/wp-content\/uploads\/sites\/4\/2018\/03\/IMG_2898-300x169.jpg\" alt=\"IMG_2898\" width=\"300\" height=\"169\" srcset=\"https:\/\/blogs.amb.cat\/tenimdrets\/wp-content\/uploads\/sites\/4\/2018\/03\/IMG_2898-300x169.jpg 300w, https:\/\/blogs.amb.cat\/tenimdrets\/wp-content\/uploads\/sites\/4\/2018\/03\/IMG_2898-1024x576.jpg 1024w\" sizes=\"(max-width: 300px) 100vw, 300px\" \/><\/a> <a href=\"https:\/\/blogs.amb.cat\/tenimdrets\/wp-content\/uploads\/sites\/4\/2018\/03\/IMG_2834.jpg\"><img class=\"alignnone size-medium wp-image-769\" src=\"https:\/\/blogs.amb.cat\/tenimdrets\/wp-content\/uploads\/sites\/4\/2018\/03\/IMG_2834-300x169.jpg\" alt=\"IMG_2834\" width=\"300\" height=\"169\" srcset=\"https:\/\/blogs.amb.cat\/tenimdrets\/wp-content\/uploads\/sites\/4\/2018\/03\/IMG_2834-300x169.jpg 300w, https:\/\/blogs.amb.cat\/tenimdrets\/wp-content\/uploads\/sites\/4\/2018\/03\/IMG_2834-1024x576.jpg 1024w\" sizes=\"(max-width: 300px) 100vw, 300px\" \/><\/a><\/p>\n<p>&nbsp;<\/p>\n<p>&nbsp;<\/p>\n<p>&nbsp;<\/p>\n","protected":false},"excerpt":{"rendered":"<p>Els cursos de 5\u00e8 de prim\u00e0ria de l&#8217;Escola de la Col\u00f2nia G\u00fcell de Santa Coloma de Cervell\u00f3 han participat del recurs Aix\u00f2 no \u00e9s un joc i dels tallers d&#8217;expressi\u00f3 art\u00edstica del programa Tenim Drets, Teixim Llibertats. Els tallers es varen realitzar en tres sessions separades, una per cada l\u00ednia de l&#8217;escola de 5\u00e8 de [&hellip;]<\/p>\n","protected":false},"author":11,"featured_media":600,"comment_status":"closed","ping_status":"open","sticky":false,"template":"","format":"standard","meta":{"_oasis_is_in_workflow":0,"_oasis_original":0,"ngg_post_thumbnail":0},"categories":[1],"tags":[36,26,8,20,48],"_links":{"self":[{"href":"https:\/\/blogs.amb.cat\/tenimdrets\/wp-json\/wp\/v2\/posts\/599"}],"collection":[{"href":"https:\/\/blogs.amb.cat\/tenimdrets\/wp-json\/wp\/v2\/posts"}],"about":[{"href":"https:\/\/blogs.amb.cat\/tenimdrets\/wp-json\/wp\/v2\/types\/post"}],"author":[{"embeddable":true,"href":"https:\/\/blogs.amb.cat\/tenimdrets\/wp-json\/wp\/v2\/users\/11"}],"replies":[{"embeddable":true,"href":"https:\/\/blogs.amb.cat\/tenimdrets\/wp-json\/wp\/v2\/comments?post=599"}],"version-history":[{"count":4,"href":"https:\/\/blogs.amb.cat\/tenimdrets\/wp-json\/wp\/v2\/posts\/599\/revisions"}],"predecessor-version":[{"id":770,"href":"https:\/\/blogs.amb.cat\/tenimdrets\/wp-json\/wp\/v2\/posts\/599\/revisions\/770"}],"wp:featuredmedia":[{"embeddable":true,"href":"https:\/\/blogs.amb.cat\/tenimdrets\/wp-json\/wp\/v2\/media\/600"}],"wp:attachment":[{"href":"https:\/\/blogs.amb.cat\/tenimdrets\/wp-json\/wp\/v2\/media?parent=599"}],"wp:term":[{"taxonomy":"category","embeddable":true,"href":"https:\/\/blogs.amb.cat\/tenimdrets\/wp-json\/wp\/v2\/categories?post=599"},{"taxonomy":"post_tag","embeddable":true,"href":"https:\/\/blogs.amb.cat\/tenimdrets\/wp-json\/wp\/v2\/tags?post=599"}],"curies":[{"name":"wp","href":"https:\/\/api.w.org\/{rel}","templated":true}]}}