
 







{"id":661,"date":"2018-04-14T16:14:07","date_gmt":"2018-04-14T16:14:07","guid":{"rendered":"http:\/\/blogs.amb.cat\/tenimdrets\/?p=661"},"modified":"2020-12-15T12:50:20","modified_gmt":"2020-12-15T12:50:20","slug":"lesplai-arc-de-sant-marti-de-torrelles-tambe-demana-drets-per-les-persones-refugiades","status":"publish","type":"post","link":"https:\/\/blogs.amb.cat\/tenimdrets\/ca\/2018\/04\/14\/lesplai-arc-de-sant-marti-de-torrelles-tambe-demana-drets-per-les-persones-refugiades\/","title":{"rendered":"L&#8217;Esplai Arc de Sant Mart\u00ed de Torrelles tamb\u00e9 demana drets per les persones refugiades"},"content":{"rendered":"<p>L&#8217;esplai Arc de Sant Mart\u00ed de Torrelles de Llobregat tamb\u00e9 ha participat als tallers del programa Tenim Drets, Teixim Llibertats. La sessi\u00f3 la v\u00e0rem iniciar amb una reuni\u00f3 pr\u00e8via amb l&#8217;equip de monitores i monitors de l&#8217;esplai. Aquesta va ser molt profitosa ja que v\u00e0rem poder intercanviar opinions i reflexions sobre el dret de les persones refugiades i la sostenibilitat ambiental.<\/p>\n<p>Un cop varen arribar els infants i joves, es va fer una petita introducci\u00f3 a la tem\u00e0tica sobre els drets de les persones refugiades. Realment, hi havia molts d&#8217;ells que coneixen per sobre la tem\u00e0tica i es va produir unes reflexions interessants. Posteriorment, ja v\u00e0rem iniciar els tallers de la sessi\u00f3. Es va dividir tothom en tres grups i cada un dels grups va passar per cada un dels tallers.<\/p>\n<p>El primer taller va ser a trav\u00e9s del joc: Aix\u00f2 no \u00e9s un Joc. El segon va ser d&#8217;expressi\u00f3 art\u00edstica fent flors amb ampolles de pl\u00e0stic. I el darrer va ser el taller musical on es va aprendre a cantar la can\u00e7\u00f3 turca <em>Uskudar<\/em>. Totes tres activitats van ser molt profitoses i es van desenvolupar debats molt interessants. Finalment, la sessi\u00f3 va acabar amb una trobada d&#8217;avaluaci\u00f3 amb l&#8217;equip de monitores i monitors en la qual v\u00e0rem convidar-los a assistir amb l&#8217;esplai a l&#8217;acte final del 5 de maig a Barcelona.<\/p>\n<p style=\"text-align: center\"><a href=\"https:\/\/blogs.amb.cat\/tenimdrets\/wp-content\/uploads\/sites\/4\/2018\/04\/IMG_3709.jpg\"><img class=\"alignnone size-medium wp-image-663\" src=\"https:\/\/blogs.amb.cat\/tenimdrets\/wp-content\/uploads\/sites\/4\/2018\/04\/IMG_3709-300x169.jpg\" alt=\"IMG_3709\" width=\"300\" height=\"169\" srcset=\"https:\/\/blogs.amb.cat\/tenimdrets\/wp-content\/uploads\/sites\/4\/2018\/04\/IMG_3709-300x169.jpg 300w, https:\/\/blogs.amb.cat\/tenimdrets\/wp-content\/uploads\/sites\/4\/2018\/04\/IMG_3709-1024x576.jpg 1024w\" sizes=\"(max-width: 300px) 100vw, 300px\" \/><\/a> <a href=\"https:\/\/blogs.amb.cat\/tenimdrets\/wp-content\/uploads\/sites\/4\/2018\/04\/IMG_3700.jpg\"><img class=\"alignnone size-medium wp-image-664\" src=\"https:\/\/blogs.amb.cat\/tenimdrets\/wp-content\/uploads\/sites\/4\/2018\/04\/IMG_3700-300x169.jpg\" alt=\"IMG_3700\" width=\"300\" height=\"169\" srcset=\"https:\/\/blogs.amb.cat\/tenimdrets\/wp-content\/uploads\/sites\/4\/2018\/04\/IMG_3700-300x169.jpg 300w, https:\/\/blogs.amb.cat\/tenimdrets\/wp-content\/uploads\/sites\/4\/2018\/04\/IMG_3700-1024x576.jpg 1024w\" sizes=\"(max-width: 300px) 100vw, 300px\" \/><\/a> <a href=\"https:\/\/blogs.amb.cat\/tenimdrets\/wp-content\/uploads\/sites\/4\/2018\/04\/IMG_3670.jpg\"><img class=\"alignnone size-medium wp-image-665\" src=\"https:\/\/blogs.amb.cat\/tenimdrets\/wp-content\/uploads\/sites\/4\/2018\/04\/IMG_3670-300x169.jpg\" alt=\"IMG_3670\" width=\"300\" height=\"169\" srcset=\"https:\/\/blogs.amb.cat\/tenimdrets\/wp-content\/uploads\/sites\/4\/2018\/04\/IMG_3670-300x169.jpg 300w, https:\/\/blogs.amb.cat\/tenimdrets\/wp-content\/uploads\/sites\/4\/2018\/04\/IMG_3670-1024x576.jpg 1024w\" sizes=\"(max-width: 300px) 100vw, 300px\" \/><\/a> <a href=\"https:\/\/blogs.amb.cat\/tenimdrets\/wp-content\/uploads\/sites\/4\/2018\/04\/IMG_3604.jpg\"><img class=\"alignnone size-medium wp-image-666\" src=\"https:\/\/blogs.amb.cat\/tenimdrets\/wp-content\/uploads\/sites\/4\/2018\/04\/IMG_3604-300x169.jpg\" alt=\"IMG_3604\" width=\"300\" height=\"169\" srcset=\"https:\/\/blogs.amb.cat\/tenimdrets\/wp-content\/uploads\/sites\/4\/2018\/04\/IMG_3604-300x169.jpg 300w, https:\/\/blogs.amb.cat\/tenimdrets\/wp-content\/uploads\/sites\/4\/2018\/04\/IMG_3604-1024x576.jpg 1024w\" sizes=\"(max-width: 300px) 100vw, 300px\" \/><\/a> <a href=\"https:\/\/blogs.amb.cat\/tenimdrets\/wp-content\/uploads\/sites\/4\/2018\/04\/IMG_3638.jpg\"><img class=\"alignnone size-medium wp-image-667\" src=\"https:\/\/blogs.amb.cat\/tenimdrets\/wp-content\/uploads\/sites\/4\/2018\/04\/IMG_3638-300x169.jpg\" alt=\"IMG_3638\" width=\"300\" height=\"169\" srcset=\"https:\/\/blogs.amb.cat\/tenimdrets\/wp-content\/uploads\/sites\/4\/2018\/04\/IMG_3638-300x169.jpg 300w, https:\/\/blogs.amb.cat\/tenimdrets\/wp-content\/uploads\/sites\/4\/2018\/04\/IMG_3638-1024x576.jpg 1024w\" sizes=\"(max-width: 300px) 100vw, 300px\" \/><\/a><\/p>\n","protected":false},"excerpt":{"rendered":"<p>L&#8217;esplai Arc de Sant Mart\u00ed de Torrelles de Llobregat tamb\u00e9 ha participat als tallers del programa Tenim Drets, Teixim Llibertats. La sessi\u00f3 la v\u00e0rem iniciar amb una reuni\u00f3 pr\u00e8via amb l&#8217;equip de monitores i monitors de l&#8217;esplai. Aquesta va ser molt profitosa ja que v\u00e0rem poder intercanviar opinions i reflexions sobre el dret de les [&hellip;]<\/p>\n","protected":false},"author":11,"featured_media":662,"comment_status":"closed","ping_status":"open","sticky":false,"template":"","format":"standard","meta":{"_oasis_is_in_workflow":0,"_oasis_original":0,"ngg_post_thumbnail":0},"categories":[1],"tags":[36,26,8,48,22],"_links":{"self":[{"href":"https:\/\/blogs.amb.cat\/tenimdrets\/wp-json\/wp\/v2\/posts\/661"}],"collection":[{"href":"https:\/\/blogs.amb.cat\/tenimdrets\/wp-json\/wp\/v2\/posts"}],"about":[{"href":"https:\/\/blogs.amb.cat\/tenimdrets\/wp-json\/wp\/v2\/types\/post"}],"author":[{"embeddable":true,"href":"https:\/\/blogs.amb.cat\/tenimdrets\/wp-json\/wp\/v2\/users\/11"}],"replies":[{"embeddable":true,"href":"https:\/\/blogs.amb.cat\/tenimdrets\/wp-json\/wp\/v2\/comments?post=661"}],"version-history":[{"count":3,"href":"https:\/\/blogs.amb.cat\/tenimdrets\/wp-json\/wp\/v2\/posts\/661\/revisions"}],"predecessor-version":[{"id":733,"href":"https:\/\/blogs.amb.cat\/tenimdrets\/wp-json\/wp\/v2\/posts\/661\/revisions\/733"}],"wp:featuredmedia":[{"embeddable":true,"href":"https:\/\/blogs.amb.cat\/tenimdrets\/wp-json\/wp\/v2\/media\/662"}],"wp:attachment":[{"href":"https:\/\/blogs.amb.cat\/tenimdrets\/wp-json\/wp\/v2\/media?parent=661"}],"wp:term":[{"taxonomy":"category","embeddable":true,"href":"https:\/\/blogs.amb.cat\/tenimdrets\/wp-json\/wp\/v2\/categories?post=661"},{"taxonomy":"post_tag","embeddable":true,"href":"https:\/\/blogs.amb.cat\/tenimdrets\/wp-json\/wp\/v2\/tags?post=661"}],"curies":[{"name":"wp","href":"https:\/\/api.w.org\/{rel}","templated":true}]}}