
 







{"id":670,"date":"2018-04-16T11:45:05","date_gmt":"2018-04-16T11:45:05","guid":{"rendered":"http:\/\/blogs.amb.cat\/tenimdrets\/?p=670"},"modified":"2020-12-15T12:50:20","modified_gmt":"2020-12-15T12:50:20","slug":"les-dones-del-papiol-pels-drets-de-les-persones-refugiades-i-la-sostenibilitat-ambiental","status":"publish","type":"post","link":"https:\/\/blogs.amb.cat\/tenimdrets\/ca\/2018\/04\/16\/les-dones-del-papiol-pels-drets-de-les-persones-refugiades-i-la-sostenibilitat-ambiental\/","title":{"rendered":"Les dones del Papiol pels drets de les persones refugiades i la sostenibilitat ambiental"},"content":{"rendered":"<p>El passat dilluns es va celebrar un taller del programa Tenim Drets, Teixim Llibertats al Casal de la Dona del Papiol. L&#8217;activitat va iniciar-se amb una reflexi\u00f3 conjunta sobre els drets de les persones refugiades i la sostenibilitat ambiental. Es va aconseguir crear un debat molt interessant. Entre les participants, el que cridava m\u00e9s l&#8217;atenci\u00f3 era el poc comprom\u00eds que tenien els estats de la Uni\u00f3 Europea amb el dret a refugi. No pod\u00edem entendre que aix\u00f2 fos aix\u00ed! D&#8217;altra banda, tamb\u00e9 va sobtar molt l&#8217;impacte ambiental que genera aquest conflicte en molts territoris del m\u00f3n. Per tant, al conflicte amb el dret d&#8217;asil, se li acaba afegint un aspecte del medi ambient que provoca que la vida de les persones refugiades a molts territoris no sigui digne.<\/p>\n<p>Finalment, v\u00e0rem acabar la sessi\u00f3 amb el taller d&#8217;expressi\u00f3 art\u00edstica on a trav\u00e9s d&#8217;ampolles de pl\u00e0stic vam formar flors de drets i reivindicaci\u00f3 que plantarem el dia 5 de maig a la platja de Barcelona.<\/p>\n<p>&nbsp;<\/p>\n<p style=\"text-align: center\"><a href=\"https:\/\/blogs.amb.cat\/tenimdrets\/wp-content\/uploads\/sites\/4\/2018\/04\/20180416_1939271.jpg\"><img class=\"alignnone size-medium wp-image-672\" src=\"https:\/\/blogs.amb.cat\/tenimdrets\/wp-content\/uploads\/sites\/4\/2018\/04\/20180416_1939271-300x225.jpg\" alt=\"20180416_193927\" width=\"300\" height=\"225\" srcset=\"https:\/\/blogs.amb.cat\/tenimdrets\/wp-content\/uploads\/sites\/4\/2018\/04\/20180416_1939271-300x225.jpg 300w, https:\/\/blogs.amb.cat\/tenimdrets\/wp-content\/uploads\/sites\/4\/2018\/04\/20180416_1939271-1024x768.jpg 1024w, https:\/\/blogs.amb.cat\/tenimdrets\/wp-content\/uploads\/sites\/4\/2018\/04\/20180416_1939271-640x480.jpg 640w\" sizes=\"(max-width: 300px) 100vw, 300px\" \/><\/a> <a href=\"https:\/\/blogs.amb.cat\/tenimdrets\/wp-content\/uploads\/sites\/4\/2018\/04\/20180416_192611.jpg\"><img class=\"alignnone size-medium wp-image-673\" src=\"https:\/\/blogs.amb.cat\/tenimdrets\/wp-content\/uploads\/sites\/4\/2018\/04\/20180416_192611-300x225.jpg\" alt=\"20180416_192611\" width=\"300\" height=\"225\" srcset=\"https:\/\/blogs.amb.cat\/tenimdrets\/wp-content\/uploads\/sites\/4\/2018\/04\/20180416_192611-300x225.jpg 300w, https:\/\/blogs.amb.cat\/tenimdrets\/wp-content\/uploads\/sites\/4\/2018\/04\/20180416_192611-1024x768.jpg 1024w, https:\/\/blogs.amb.cat\/tenimdrets\/wp-content\/uploads\/sites\/4\/2018\/04\/20180416_192611-640x480.jpg 640w\" sizes=\"(max-width: 300px) 100vw, 300px\" \/><\/a> <a href=\"https:\/\/blogs.amb.cat\/tenimdrets\/wp-content\/uploads\/sites\/4\/2018\/04\/20180416_192903.jpg\"><img class=\"alignnone size-medium wp-image-674\" src=\"https:\/\/blogs.amb.cat\/tenimdrets\/wp-content\/uploads\/sites\/4\/2018\/04\/20180416_192903-300x225.jpg\" alt=\"20180416_192903\" width=\"300\" height=\"225\" srcset=\"https:\/\/blogs.amb.cat\/tenimdrets\/wp-content\/uploads\/sites\/4\/2018\/04\/20180416_192903-300x225.jpg 300w, https:\/\/blogs.amb.cat\/tenimdrets\/wp-content\/uploads\/sites\/4\/2018\/04\/20180416_192903-1024x768.jpg 1024w, https:\/\/blogs.amb.cat\/tenimdrets\/wp-content\/uploads\/sites\/4\/2018\/04\/20180416_192903-640x480.jpg 640w\" sizes=\"(max-width: 300px) 100vw, 300px\" \/><\/a> <a href=\"https:\/\/blogs.amb.cat\/tenimdrets\/wp-content\/uploads\/sites\/4\/2018\/04\/20180416_192620.jpg\"><img class=\"alignnone size-medium wp-image-675\" src=\"https:\/\/blogs.amb.cat\/tenimdrets\/wp-content\/uploads\/sites\/4\/2018\/04\/20180416_192620-300x225.jpg\" alt=\"20180416_192620\" width=\"300\" height=\"225\" srcset=\"https:\/\/blogs.amb.cat\/tenimdrets\/wp-content\/uploads\/sites\/4\/2018\/04\/20180416_192620-300x225.jpg 300w, https:\/\/blogs.amb.cat\/tenimdrets\/wp-content\/uploads\/sites\/4\/2018\/04\/20180416_192620-1024x768.jpg 1024w, https:\/\/blogs.amb.cat\/tenimdrets\/wp-content\/uploads\/sites\/4\/2018\/04\/20180416_192620-640x480.jpg 640w\" sizes=\"(max-width: 300px) 100vw, 300px\" \/><\/a><\/p>\n","protected":false},"excerpt":{"rendered":"<p>El passat dilluns es va celebrar un taller del programa Tenim Drets, Teixim Llibertats al Casal de la Dona del Papiol. L&#8217;activitat va iniciar-se amb una reflexi\u00f3 conjunta sobre els drets de les persones refugiades i la sostenibilitat ambiental. Es va aconseguir crear un debat molt interessant. Entre les participants, el que cridava m\u00e9s l&#8217;atenci\u00f3 [&hellip;]<\/p>\n","protected":false},"author":11,"featured_media":671,"comment_status":"closed","ping_status":"open","sticky":false,"template":"","format":"standard","meta":{"_oasis_is_in_workflow":0,"_oasis_original":0,"ngg_post_thumbnail":0},"categories":[1],"tags":[36,26,8,14,48],"_links":{"self":[{"href":"https:\/\/blogs.amb.cat\/tenimdrets\/wp-json\/wp\/v2\/posts\/670"}],"collection":[{"href":"https:\/\/blogs.amb.cat\/tenimdrets\/wp-json\/wp\/v2\/posts"}],"about":[{"href":"https:\/\/blogs.amb.cat\/tenimdrets\/wp-json\/wp\/v2\/types\/post"}],"author":[{"embeddable":true,"href":"https:\/\/blogs.amb.cat\/tenimdrets\/wp-json\/wp\/v2\/users\/11"}],"replies":[{"embeddable":true,"href":"https:\/\/blogs.amb.cat\/tenimdrets\/wp-json\/wp\/v2\/comments?post=670"}],"version-history":[{"count":3,"href":"https:\/\/blogs.amb.cat\/tenimdrets\/wp-json\/wp\/v2\/posts\/670\/revisions"}],"predecessor-version":[{"id":710,"href":"https:\/\/blogs.amb.cat\/tenimdrets\/wp-json\/wp\/v2\/posts\/670\/revisions\/710"}],"wp:featuredmedia":[{"embeddable":true,"href":"https:\/\/blogs.amb.cat\/tenimdrets\/wp-json\/wp\/v2\/media\/671"}],"wp:attachment":[{"href":"https:\/\/blogs.amb.cat\/tenimdrets\/wp-json\/wp\/v2\/media?parent=670"}],"wp:term":[{"taxonomy":"category","embeddable":true,"href":"https:\/\/blogs.amb.cat\/tenimdrets\/wp-json\/wp\/v2\/categories?post=670"},{"taxonomy":"post_tag","embeddable":true,"href":"https:\/\/blogs.amb.cat\/tenimdrets\/wp-json\/wp\/v2\/tags?post=670"}],"curies":[{"name":"wp","href":"https:\/\/api.w.org\/{rel}","templated":true}]}}