
 







{"id":677,"date":"2018-04-16T12:27:04","date_gmt":"2018-04-16T12:27:04","guid":{"rendered":"http:\/\/blogs.amb.cat\/tenimdrets\/?p=677"},"modified":"2020-12-15T12:50:20","modified_gmt":"2020-12-15T12:50:20","slug":"la-gent-gran-de-la-palma-de-cervello-participa-al-taller-musical","status":"publish","type":"post","link":"https:\/\/blogs.amb.cat\/tenimdrets\/ca\/2018\/04\/16\/la-gent-gran-de-la-palma-de-cervello-participa-al-taller-musical\/","title":{"rendered":"La gent gran de La Palma de Cervell\u00f3 participa al taller musical"},"content":{"rendered":"<p>El Casal de la gent gran de La Palma de Cervell\u00f3 torna a participar en els tallers del programa Tenim Drets, Teixim Llibertats. Concretament, en aquesta ocasi\u00f3 s&#8217;han atrevit amb el taller musical. El taller va comen\u00e7ar amb alguns exercicis de relaxaci\u00f3 i cant per poder comen\u00e7ar a endinsar-nos a la sessi\u00f3.<\/p>\n<p>Despr\u00e9s es va realitzar una roda de sons, imaginant durant el recorregut d&#8217;una persona refugiada, tots aquells sons que senten en el recorregut. Realment, si tancaves els ulls, eres capa\u00e7 de traslladar-te ben lluny. Finalment, es va aprendre la can\u00e7\u00f3 turca: <em>Uskudar<\/em>. Aquesta can\u00e7\u00f3 s&#8217;interpretar\u00e0 el dia 5 de maig a la platja de Barcelona. La for\u00e7a de totes les veus juntes, esperem que sigui impressionat!<\/p>\n<p style=\"text-align: center\"><a href=\"https:\/\/blogs.amb.cat\/tenimdrets\/wp-content\/uploads\/sites\/4\/2018\/04\/IMG-20180416-WA0001.jpg\"><img class=\"alignnone size-medium wp-image-678\" src=\"https:\/\/blogs.amb.cat\/tenimdrets\/wp-content\/uploads\/sites\/4\/2018\/04\/IMG-20180416-WA0001-300x225.jpg\" alt=\"IMG-20180416-WA0001\" width=\"300\" height=\"225\" srcset=\"https:\/\/blogs.amb.cat\/tenimdrets\/wp-content\/uploads\/sites\/4\/2018\/04\/IMG-20180416-WA0001-300x225.jpg 300w, https:\/\/blogs.amb.cat\/tenimdrets\/wp-content\/uploads\/sites\/4\/2018\/04\/IMG-20180416-WA0001-1024x768.jpg 1024w, https:\/\/blogs.amb.cat\/tenimdrets\/wp-content\/uploads\/sites\/4\/2018\/04\/IMG-20180416-WA0001-640x480.jpg 640w, https:\/\/blogs.amb.cat\/tenimdrets\/wp-content\/uploads\/sites\/4\/2018\/04\/IMG-20180416-WA0001.jpg 1600w\" sizes=\"(max-width: 300px) 100vw, 300px\" \/><\/a><\/p>\n<p>&nbsp;<\/p>\n","protected":false},"excerpt":{"rendered":"<p>El Casal de la gent gran de La Palma de Cervell\u00f3 torna a participar en els tallers del programa Tenim Drets, Teixim Llibertats. Concretament, en aquesta ocasi\u00f3 s&#8217;han atrevit amb el taller musical. El taller va comen\u00e7ar amb alguns exercicis de relaxaci\u00f3 i cant per poder comen\u00e7ar a endinsar-nos a la sessi\u00f3. Despr\u00e9s es va [&hellip;]<\/p>\n","protected":false},"author":11,"featured_media":678,"comment_status":"closed","ping_status":"open","sticky":false,"template":"","format":"standard","meta":{"_oasis_is_in_workflow":0,"_oasis_original":0,"ngg_post_thumbnail":0},"categories":[1],"tags":[36,26,8,16,48],"_links":{"self":[{"href":"https:\/\/blogs.amb.cat\/tenimdrets\/wp-json\/wp\/v2\/posts\/677"}],"collection":[{"href":"https:\/\/blogs.amb.cat\/tenimdrets\/wp-json\/wp\/v2\/posts"}],"about":[{"href":"https:\/\/blogs.amb.cat\/tenimdrets\/wp-json\/wp\/v2\/types\/post"}],"author":[{"embeddable":true,"href":"https:\/\/blogs.amb.cat\/tenimdrets\/wp-json\/wp\/v2\/users\/11"}],"replies":[{"embeddable":true,"href":"https:\/\/blogs.amb.cat\/tenimdrets\/wp-json\/wp\/v2\/comments?post=677"}],"version-history":[{"count":3,"href":"https:\/\/blogs.amb.cat\/tenimdrets\/wp-json\/wp\/v2\/posts\/677\/revisions"}],"predecessor-version":[{"id":708,"href":"https:\/\/blogs.amb.cat\/tenimdrets\/wp-json\/wp\/v2\/posts\/677\/revisions\/708"}],"wp:featuredmedia":[{"embeddable":true,"href":"https:\/\/blogs.amb.cat\/tenimdrets\/wp-json\/wp\/v2\/media\/678"}],"wp:attachment":[{"href":"https:\/\/blogs.amb.cat\/tenimdrets\/wp-json\/wp\/v2\/media?parent=677"}],"wp:term":[{"taxonomy":"category","embeddable":true,"href":"https:\/\/blogs.amb.cat\/tenimdrets\/wp-json\/wp\/v2\/categories?post=677"},{"taxonomy":"post_tag","embeddable":true,"href":"https:\/\/blogs.amb.cat\/tenimdrets\/wp-json\/wp\/v2\/tags?post=677"}],"curies":[{"name":"wp","href":"https:\/\/api.w.org\/{rel}","templated":true}]}}