
 







{"id":750,"date":"2018-04-23T08:12:37","date_gmt":"2018-04-23T08:12:37","guid":{"rendered":"http:\/\/blogs.amb.cat\/tenimdrets\/?p=750"},"modified":"2020-12-15T12:50:19","modified_gmt":"2020-12-15T12:50:19","slug":"a-montcada-sortim-al-carrer-pels-drets-de-les-persones-refugiades","status":"publish","type":"post","link":"https:\/\/blogs.amb.cat\/tenimdrets\/ca\/2018\/04\/23\/a-montcada-sortim-al-carrer-pels-drets-de-les-persones-refugiades\/","title":{"rendered":"A Montcada sortim al carrer pels drets de les persones refugiades"},"content":{"rendered":"<p>Aquest passat dia de Sant Jordi v\u00e0rem aprofitar per fer <strong>el tancament del programa Tenim Drets, Teixim Llibertats a Montcada i Reixac<\/strong>. En aquest tancament van poder assistir moltes ve\u00efnes i ve\u00efns del <strong>Casal de la Gent Gran Casa la Mina,<\/strong>\u00a0del grup de la <strong>Xarxa Intercanvi de Coneixements (XIC)<\/strong> del Centre C\u00edvic Can Cui\u00e0s i del <strong>Col\u00b7legi la Salle<\/strong> que havien participat en els tallers previs del projecte. Precisament l&#8217;acte tamb\u00e9 va servir per fer la <strong>presentaci\u00f3 p\u00fablica el v\u00eddeo<\/strong> realitzat per l&#8217;alumnat de l&#8217;assignatura Aprenentatge i Servei de 4t ESO del Col\u00b7legi de la Salle. Ens varen acompanyar\u00a0tamb\u00e9 la <strong>Sra.<\/strong>\u00a0<strong>Laura Campos<\/strong>, alcaldessa de Montcada i Reixac i la regidora de Ciutadania, Cultura i Patrimoni, la <strong>Sra.\u00a0M\u00f2nica Mart\u00ednez<\/strong>.<\/p>\n<p>V\u00eddeo realitzat per l&#8217;alumnat del col\u00b7legi la Salle de Montcada:<\/p>\n<p><iframe title=\"T\u2019imagines com deu ser viure entre residus? (promo Montcada i Reixac)\" width=\"1170\" height=\"658\" src=\"https:\/\/www.youtube.com\/embed\/wzf0CUSWTEo?feature=oembed\" frameborder=\"0\" allow=\"accelerometer; autoplay; clipboard-write; encrypted-media; gyroscope; picture-in-picture\" allowfullscreen><\/iframe><\/p>\n<p>A l&#8217;acte v\u00e0rem poder mostrar les reflexions realitzades en els tallers sobre els <strong>drets de les persones refugiades<\/strong> i tamb\u00e9 les creacions art\u00edstiques fetes a trav\u00e9s d&#8217;ampolles de pl\u00e0stic que serviran pel dia 5 de maig. Finalment, es va convidar a totes les persones que passaven pel carrer a deixar un missatge.<\/p>\n<p style=\"text-align: center\"><a href=\"https:\/\/blogs.amb.cat\/tenimdrets\/wp-content\/uploads\/sites\/4\/2018\/04\/IMG-20180423-WA0012.jpg\"><img class=\"alignnone size-medium wp-image-757\" src=\"https:\/\/blogs.amb.cat\/tenimdrets\/wp-content\/uploads\/sites\/4\/2018\/04\/IMG-20180423-WA0012-300x225.jpg\" alt=\"IMG-20180423-WA0012\" width=\"300\" height=\"225\" srcset=\"https:\/\/blogs.amb.cat\/tenimdrets\/wp-content\/uploads\/sites\/4\/2018\/04\/IMG-20180423-WA0012-300x225.jpg 300w, https:\/\/blogs.amb.cat\/tenimdrets\/wp-content\/uploads\/sites\/4\/2018\/04\/IMG-20180423-WA0012-1024x768.jpg 1024w, https:\/\/blogs.amb.cat\/tenimdrets\/wp-content\/uploads\/sites\/4\/2018\/04\/IMG-20180423-WA0012-640x480.jpg 640w, https:\/\/blogs.amb.cat\/tenimdrets\/wp-content\/uploads\/sites\/4\/2018\/04\/IMG-20180423-WA0012.jpg 1600w\" sizes=\"(max-width: 300px) 100vw, 300px\" \/><\/a> <a href=\"https:\/\/blogs.amb.cat\/tenimdrets\/wp-content\/uploads\/sites\/4\/2018\/04\/IMG_3778.jpg\"><img class=\"alignnone size-medium wp-image-753\" src=\"https:\/\/blogs.amb.cat\/tenimdrets\/wp-content\/uploads\/sites\/4\/2018\/04\/IMG_3778-300x169.jpg\" alt=\"IMG_3778\" width=\"300\" height=\"169\" srcset=\"https:\/\/blogs.amb.cat\/tenimdrets\/wp-content\/uploads\/sites\/4\/2018\/04\/IMG_3778-300x169.jpg 300w, https:\/\/blogs.amb.cat\/tenimdrets\/wp-content\/uploads\/sites\/4\/2018\/04\/IMG_3778-1024x576.jpg 1024w\" sizes=\"(max-width: 300px) 100vw, 300px\" \/><\/a> <a href=\"https:\/\/blogs.amb.cat\/tenimdrets\/wp-content\/uploads\/sites\/4\/2018\/04\/IMG_3786.jpg\"><img class=\"alignnone size-medium wp-image-752\" src=\"https:\/\/blogs.amb.cat\/tenimdrets\/wp-content\/uploads\/sites\/4\/2018\/04\/IMG_3786-300x169.jpg\" alt=\"IMG_3786\" width=\"300\" height=\"169\" srcset=\"https:\/\/blogs.amb.cat\/tenimdrets\/wp-content\/uploads\/sites\/4\/2018\/04\/IMG_3786-300x169.jpg 300w, https:\/\/blogs.amb.cat\/tenimdrets\/wp-content\/uploads\/sites\/4\/2018\/04\/IMG_3786-1024x576.jpg 1024w\" sizes=\"(max-width: 300px) 100vw, 300px\" \/><\/a> <a href=\"https:\/\/blogs.amb.cat\/tenimdrets\/wp-content\/uploads\/sites\/4\/2018\/04\/IMG-20180423-WA0022.jpg\"><img class=\"alignnone size-medium wp-image-758\" src=\"https:\/\/blogs.amb.cat\/tenimdrets\/wp-content\/uploads\/sites\/4\/2018\/04\/IMG-20180423-WA0022-300x225.jpg\" alt=\"IMG-20180423-WA0022\" width=\"300\" height=\"225\" srcset=\"https:\/\/blogs.amb.cat\/tenimdrets\/wp-content\/uploads\/sites\/4\/2018\/04\/IMG-20180423-WA0022-300x225.jpg 300w, https:\/\/blogs.amb.cat\/tenimdrets\/wp-content\/uploads\/sites\/4\/2018\/04\/IMG-20180423-WA0022-1024x768.jpg 1024w, https:\/\/blogs.amb.cat\/tenimdrets\/wp-content\/uploads\/sites\/4\/2018\/04\/IMG-20180423-WA0022-640x480.jpg 640w, https:\/\/blogs.amb.cat\/tenimdrets\/wp-content\/uploads\/sites\/4\/2018\/04\/IMG-20180423-WA0022.jpg 1600w\" sizes=\"(max-width: 300px) 100vw, 300px\" \/><\/a> <a href=\"https:\/\/blogs.amb.cat\/tenimdrets\/wp-content\/uploads\/sites\/4\/2018\/04\/IMG_3790.jpg\"><img class=\"alignnone size-medium wp-image-759\" src=\"https:\/\/blogs.amb.cat\/tenimdrets\/wp-content\/uploads\/sites\/4\/2018\/04\/IMG_3790-300x169.jpg\" alt=\"IMG_3790\" width=\"300\" height=\"169\" srcset=\"https:\/\/blogs.amb.cat\/tenimdrets\/wp-content\/uploads\/sites\/4\/2018\/04\/IMG_3790-300x169.jpg 300w, https:\/\/blogs.amb.cat\/tenimdrets\/wp-content\/uploads\/sites\/4\/2018\/04\/IMG_3790-1024x576.jpg 1024w\" sizes=\"(max-width: 300px) 100vw, 300px\" \/><\/a><\/p>\n","protected":false},"excerpt":{"rendered":"<p>Aquest passat dia de Sant Jordi v\u00e0rem aprofitar per fer el tancament del programa Tenim Drets, Teixim Llibertats a Montcada i Reixac. En aquest tancament van poder assistir moltes ve\u00efnes i ve\u00efns del Casal de la Gent Gran Casa la Mina,\u00a0del grup de la Xarxa Intercanvi de Coneixements (XIC) del Centre C\u00edvic Can Cui\u00e0s i [&hellip;]<\/p>\n","protected":false},"author":11,"featured_media":754,"comment_status":"closed","ping_status":"open","sticky":false,"template":"","format":"standard","meta":{"_oasis_is_in_workflow":0,"_oasis_original":0,"ngg_post_thumbnail":0},"categories":[1],"tags":[36,26,8,46,48],"_links":{"self":[{"href":"https:\/\/blogs.amb.cat\/tenimdrets\/wp-json\/wp\/v2\/posts\/750"}],"collection":[{"href":"https:\/\/blogs.amb.cat\/tenimdrets\/wp-json\/wp\/v2\/posts"}],"about":[{"href":"https:\/\/blogs.amb.cat\/tenimdrets\/wp-json\/wp\/v2\/types\/post"}],"author":[{"embeddable":true,"href":"https:\/\/blogs.amb.cat\/tenimdrets\/wp-json\/wp\/v2\/users\/11"}],"replies":[{"embeddable":true,"href":"https:\/\/blogs.amb.cat\/tenimdrets\/wp-json\/wp\/v2\/comments?post=750"}],"version-history":[{"count":4,"href":"https:\/\/blogs.amb.cat\/tenimdrets\/wp-json\/wp\/v2\/posts\/750\/revisions"}],"predecessor-version":[{"id":1132,"href":"https:\/\/blogs.amb.cat\/tenimdrets\/wp-json\/wp\/v2\/posts\/750\/revisions\/1132"}],"wp:featuredmedia":[{"embeddable":true,"href":"https:\/\/blogs.amb.cat\/tenimdrets\/wp-json\/wp\/v2\/media\/754"}],"wp:attachment":[{"href":"https:\/\/blogs.amb.cat\/tenimdrets\/wp-json\/wp\/v2\/media?parent=750"}],"wp:term":[{"taxonomy":"category","embeddable":true,"href":"https:\/\/blogs.amb.cat\/tenimdrets\/wp-json\/wp\/v2\/categories?post=750"},{"taxonomy":"post_tag","embeddable":true,"href":"https:\/\/blogs.amb.cat\/tenimdrets\/wp-json\/wp\/v2\/tags?post=750"}],"curies":[{"name":"wp","href":"https:\/\/api.w.org\/{rel}","templated":true}]}}