
 







{"id":897,"date":"2019-02-05T12:40:23","date_gmt":"2019-02-05T12:40:23","guid":{"rendered":"http:\/\/blogs.amb.cat\/tenimdrets\/?p=897"},"modified":"2020-12-15T12:50:16","modified_gmt":"2020-12-15T12:50:16","slug":"espai-nou-de-la-gent-gran-de-begues","status":"publish","type":"post","link":"https:\/\/blogs.amb.cat\/tenimdrets\/ca\/2019\/02\/05\/espai-nou-de-la-gent-gran-de-begues\/","title":{"rendered":"Espai Nou de la Gent Gran de Begues"},"content":{"rendered":"<p>El passat 5 de febrer la Gent Gran de l&#8217;Espai Nou de Begues van participar en el taller del Tenim drets teixim llibertats en relaci\u00f3 als drets de les persones refugiades i l&#8217;aigua. A trav\u00e9s d&#8217;una din\u00e0mica de grup, vam compartir entre totes all\u00f2 que sab\u00edem i que ens afectava en relaci\u00f3 a la situaci\u00f3 de les persones refugiades. Des de la din\u00e0mica van sortir tres temes d&#8217;inter\u00e8s comuns: L&#8217;exili i el viatge, la vulneraci\u00f3 dels Drets Humans i les mancances.<\/p>\n<p>Despr\u00e9s d&#8217;una posada en com\u00fa i d&#8217;una reflexi\u00f3 entorn d&#8217;aquestes tem\u00e0tiques, vam fer 3 grups on cadascun d&#8217;aquests treballaven en la transformaci\u00f3 d&#8217;una garrafa d&#8217;aigua, aportant des dels materials, una mirada col\u00b7lectiva del tema d&#8217;inter\u00e8s escollit.<\/p>\n<p style=\"text-align: center\"><a href=\"https:\/\/blogs.amb.cat\/tenimdrets\/wp-content\/uploads\/sites\/4\/2019\/02\/IMG-20190205-WA0011.jpg\"><img class=\"alignnone size-medium wp-image-950\" src=\"https:\/\/blogs.amb.cat\/tenimdrets\/wp-content\/uploads\/sites\/4\/2019\/02\/IMG-20190205-WA0011-300x225.jpg\" alt=\"IMG-20190205-WA0011\" width=\"300\" height=\"225\" srcset=\"https:\/\/blogs.amb.cat\/tenimdrets\/wp-content\/uploads\/sites\/4\/2019\/02\/IMG-20190205-WA0011-300x225.jpg 300w, https:\/\/blogs.amb.cat\/tenimdrets\/wp-content\/uploads\/sites\/4\/2019\/02\/IMG-20190205-WA0011-1024x768.jpg 1024w, https:\/\/blogs.amb.cat\/tenimdrets\/wp-content\/uploads\/sites\/4\/2019\/02\/IMG-20190205-WA0011-640x480.jpg 640w, https:\/\/blogs.amb.cat\/tenimdrets\/wp-content\/uploads\/sites\/4\/2019\/02\/IMG-20190205-WA0011.jpg 1600w\" sizes=\"(max-width: 300px) 100vw, 300px\" \/><\/a> <a href=\"https:\/\/blogs.amb.cat\/tenimdrets\/wp-content\/uploads\/sites\/4\/2019\/02\/IMG-20190207-WA0017.jpg\"><img class=\"alignnone size-medium wp-image-951\" src=\"https:\/\/blogs.amb.cat\/tenimdrets\/wp-content\/uploads\/sites\/4\/2019\/02\/IMG-20190207-WA0017-300x225.jpg\" alt=\"IMG-20190207-WA0017\" width=\"300\" height=\"225\" srcset=\"https:\/\/blogs.amb.cat\/tenimdrets\/wp-content\/uploads\/sites\/4\/2019\/02\/IMG-20190207-WA0017-300x225.jpg 300w, https:\/\/blogs.amb.cat\/tenimdrets\/wp-content\/uploads\/sites\/4\/2019\/02\/IMG-20190207-WA0017-1024x768.jpg 1024w, https:\/\/blogs.amb.cat\/tenimdrets\/wp-content\/uploads\/sites\/4\/2019\/02\/IMG-20190207-WA0017-640x480.jpg 640w, https:\/\/blogs.amb.cat\/tenimdrets\/wp-content\/uploads\/sites\/4\/2019\/02\/IMG-20190207-WA0017.jpg 1600w\" sizes=\"(max-width: 300px) 100vw, 300px\" \/><\/a> <a href=\"https:\/\/blogs.amb.cat\/tenimdrets\/wp-content\/uploads\/sites\/4\/2019\/02\/IMG-20190205-WA0005.jpg\"><img class=\"alignnone size-medium wp-image-952\" src=\"https:\/\/blogs.amb.cat\/tenimdrets\/wp-content\/uploads\/sites\/4\/2019\/02\/IMG-20190205-WA0005-300x225.jpg\" alt=\"IMG-20190205-WA0005\" width=\"300\" height=\"225\" srcset=\"https:\/\/blogs.amb.cat\/tenimdrets\/wp-content\/uploads\/sites\/4\/2019\/02\/IMG-20190205-WA0005-300x225.jpg 300w, https:\/\/blogs.amb.cat\/tenimdrets\/wp-content\/uploads\/sites\/4\/2019\/02\/IMG-20190205-WA0005-1024x768.jpg 1024w, https:\/\/blogs.amb.cat\/tenimdrets\/wp-content\/uploads\/sites\/4\/2019\/02\/IMG-20190205-WA0005-640x480.jpg 640w, https:\/\/blogs.amb.cat\/tenimdrets\/wp-content\/uploads\/sites\/4\/2019\/02\/IMG-20190205-WA0005.jpg 1600w\" sizes=\"(max-width: 300px) 100vw, 300px\" \/><\/a> <a href=\"https:\/\/blogs.amb.cat\/tenimdrets\/wp-content\/uploads\/sites\/4\/2019\/02\/IMG-20190205-WA0016.jpg\"><img class=\"alignnone size-medium wp-image-953\" src=\"https:\/\/blogs.amb.cat\/tenimdrets\/wp-content\/uploads\/sites\/4\/2019\/02\/IMG-20190205-WA0016-300x225.jpg\" alt=\"IMG-20190205-WA0016\" width=\"300\" height=\"225\" srcset=\"https:\/\/blogs.amb.cat\/tenimdrets\/wp-content\/uploads\/sites\/4\/2019\/02\/IMG-20190205-WA0016-300x225.jpg 300w, https:\/\/blogs.amb.cat\/tenimdrets\/wp-content\/uploads\/sites\/4\/2019\/02\/IMG-20190205-WA0016-1024x768.jpg 1024w, https:\/\/blogs.amb.cat\/tenimdrets\/wp-content\/uploads\/sites\/4\/2019\/02\/IMG-20190205-WA0016-640x480.jpg 640w, https:\/\/blogs.amb.cat\/tenimdrets\/wp-content\/uploads\/sites\/4\/2019\/02\/IMG-20190205-WA0016.jpg 1600w\" sizes=\"(max-width: 300px) 100vw, 300px\" \/><\/a> <a href=\"https:\/\/blogs.amb.cat\/tenimdrets\/wp-content\/uploads\/sites\/4\/2019\/02\/IMG-20190207-WA0011.jpg\"><img class=\"alignnone size-medium wp-image-954\" src=\"https:\/\/blogs.amb.cat\/tenimdrets\/wp-content\/uploads\/sites\/4\/2019\/02\/IMG-20190207-WA0011-300x225.jpg\" alt=\"IMG-20190207-WA0011\" width=\"300\" height=\"225\" srcset=\"https:\/\/blogs.amb.cat\/tenimdrets\/wp-content\/uploads\/sites\/4\/2019\/02\/IMG-20190207-WA0011-300x225.jpg 300w, https:\/\/blogs.amb.cat\/tenimdrets\/wp-content\/uploads\/sites\/4\/2019\/02\/IMG-20190207-WA0011-1024x768.jpg 1024w, https:\/\/blogs.amb.cat\/tenimdrets\/wp-content\/uploads\/sites\/4\/2019\/02\/IMG-20190207-WA0011-640x480.jpg 640w, https:\/\/blogs.amb.cat\/tenimdrets\/wp-content\/uploads\/sites\/4\/2019\/02\/IMG-20190207-WA0011.jpg 1600w\" sizes=\"(max-width: 300px) 100vw, 300px\" \/><\/a><\/p>\n","protected":false},"excerpt":{"rendered":"<p>El passat 5 de febrer la Gent Gran de l&#8217;Espai Nou de Begues van participar en el taller del Tenim drets teixim llibertats en relaci\u00f3 als drets de les persones refugiades i l&#8217;aigua. A trav\u00e9s d&#8217;una din\u00e0mica de grup, vam compartir entre totes all\u00f2 que sab\u00edem i que ens afectava en relaci\u00f3 a la situaci\u00f3 [&hellip;]<\/p>\n","protected":false},"author":11,"featured_media":898,"comment_status":"closed","ping_status":"open","sticky":false,"template":"","format":"standard","meta":{"_oasis_is_in_workflow":0,"_oasis_original":0,"ngg_post_thumbnail":0},"categories":[1],"tags":[36,10,52,26,8],"_links":{"self":[{"href":"https:\/\/blogs.amb.cat\/tenimdrets\/wp-json\/wp\/v2\/posts\/897"}],"collection":[{"href":"https:\/\/blogs.amb.cat\/tenimdrets\/wp-json\/wp\/v2\/posts"}],"about":[{"href":"https:\/\/blogs.amb.cat\/tenimdrets\/wp-json\/wp\/v2\/types\/post"}],"author":[{"embeddable":true,"href":"https:\/\/blogs.amb.cat\/tenimdrets\/wp-json\/wp\/v2\/users\/11"}],"replies":[{"embeddable":true,"href":"https:\/\/blogs.amb.cat\/tenimdrets\/wp-json\/wp\/v2\/comments?post=897"}],"version-history":[{"count":3,"href":"https:\/\/blogs.amb.cat\/tenimdrets\/wp-json\/wp\/v2\/posts\/897\/revisions"}],"predecessor-version":[{"id":955,"href":"https:\/\/blogs.amb.cat\/tenimdrets\/wp-json\/wp\/v2\/posts\/897\/revisions\/955"}],"wp:featuredmedia":[{"embeddable":true,"href":"https:\/\/blogs.amb.cat\/tenimdrets\/wp-json\/wp\/v2\/media\/898"}],"wp:attachment":[{"href":"https:\/\/blogs.amb.cat\/tenimdrets\/wp-json\/wp\/v2\/media?parent=897"}],"wp:term":[{"taxonomy":"category","embeddable":true,"href":"https:\/\/blogs.amb.cat\/tenimdrets\/wp-json\/wp\/v2\/categories?post=897"},{"taxonomy":"post_tag","embeddable":true,"href":"https:\/\/blogs.amb.cat\/tenimdrets\/wp-json\/wp\/v2\/tags?post=897"}],"curies":[{"name":"wp","href":"https:\/\/api.w.org\/{rel}","templated":true}]}}